{"id":123657,"date":"2026-01-27T00:52:17","date_gmt":"2026-01-27T03:52:17","guid":{"rendered":"https:\/\/laurbedigital.com.ar\/noticias\/?p=123657"},"modified":"2026-01-27T00:57:42","modified_gmt":"2026-01-27T03:57:42","slug":"calendario-escolar-2026-la-provincia-de-buenos-aires-confirma-fechas-de-inicio-receso-y-cierre","status":"publish","type":"post","link":"https:\/\/laurbedigital.com.ar\/noticias\/2026\/01\/27\/calendario-escolar-2026-la-provincia-de-buenos-aires-confirma-fechas-de-inicio-receso-y-cierre\/","title":{"rendered":"Calendario escolar 2026: La Provincia de Buenos Aires confirma fechas de inicio, receso y cierre"},"content":{"rendered":"<p data-path-to-node=\"3\">La Direcci\u00f3n General de Cultura y Educaci\u00f3n de la provincia de Buenos Aires formaliz\u00f3, a trav\u00e9s de la <b data-path-to-node=\"3\" data-index-in-node=\"102\">Resoluci\u00f3n 6568<\/b>, el calendario escolar para el ciclo lectivo 2026. Bajo la premisa de alcanzar un m\u00ednimo de <b data-path-to-node=\"3\" data-index-in-node=\"210\">190 d\u00edas de clases efectivos<\/b>, el esquema busca fortalecer la continuidad pedag\u00f3gica y ofrecer previsibilidad a las familias y comunidades educativas en todo el territorio provincial.<\/p>\n<h4 data-path-to-node=\"4\">Inicio de clases por nivel y modalidad<\/h4>\n<p data-path-to-node=\"5\">El regreso a las aulas en la provincia se realizar\u00e1 de forma escalonada, aunque el grueso de la matr\u00edcula comenzar\u00e1 en la primera semana de marzo. Seg\u00fan el documento oficial, las fechas de inicio son las siguientes:<\/p>\n<ul data-path-to-node=\"6\">\n<li>\n<p data-path-to-node=\"6,0,0\"><b data-path-to-node=\"6,0,0\" data-index-in-node=\"0\">2 de marzo:<\/b> Niveles Inicial, Primario y Secundario. Incluye tambi\u00e9n Educaci\u00f3n Especial, Educaci\u00f3n T\u00e9cnica, Agraria, Art\u00edstica y los Centros de Educaci\u00f3n F\u00edsica (CEF).<\/p>\n<\/li>\n<li>\n<p data-path-to-node=\"6,1,0\"><b data-path-to-node=\"6,1,0\" data-index-in-node=\"0\">9 de marzo:<\/b> Educaci\u00f3n de Formaci\u00f3n Profesional.<\/p>\n<\/li>\n<li>\n<p data-path-to-node=\"6,2,0\"><b data-path-to-node=\"6,2,0\" data-index-in-node=\"0\">16 de marzo:<\/b> Educaci\u00f3n Superior (Formaci\u00f3n Docente Inicial, T\u00e9cnica y Art\u00edstica).<\/p>\n<\/li>\n<\/ul>\n<p data-path-to-node=\"7\">Cabe destacar que para los <b data-path-to-node=\"7\" data-index-in-node=\"27\">Jardines Maternales<\/b>, las actividades se pondr\u00e1n en marcha el <b data-path-to-node=\"7\" data-index-in-node=\"88\">2 de febrero<\/b>, coincidiendo con el inicio del curso escolar administrativo y las jornadas de planificaci\u00f3n docente.<\/p>\n<h4 data-path-to-node=\"8\">Receso invernal y finalizaci\u00f3n del ciclo<\/h4>\n<p data-path-to-node=\"9\">Para el a\u00f1o 2026, las <b data-path-to-node=\"9\" data-index-in-node=\"22\">vacaciones de invierno<\/b> en la provincia de Buenos Aires est\u00e1n programadas del <b data-path-to-node=\"9\" data-index-in-node=\"99\">20 al 31 de julio<\/b>. Durante este per\u00edodo, se suspender\u00e1n las actividades presenciales en todos los niveles, retomando la agenda normal el lunes 3 de agosto. Este cronograma coincide con el establecido por la Ciudad Aut\u00f3noma de Buenos Aires (CABA), lo que facilita la organizaci\u00f3n de las familias que residen en el \u00e1rea metropolitana.<\/p>\n<p data-path-to-node=\"10\">En cuanto al cierre del a\u00f1o lectivo, se determin\u00f3 que la mayor\u00eda de los niveles y modalidades finalizar\u00e1n las clases el <b data-path-to-node=\"10\" data-index-in-node=\"120\">22 de diciembre de 2026<\/b>. Por su parte, el Nivel Superior concluir\u00e1 sus actividades un poco antes, el 27 de noviembre, para dar lugar a las mesas de ex\u00e1menes finales y cierres administrativos.<\/p>\n<h4 data-path-to-node=\"11\">Estructura de horas y jornadas institucionales<\/h4>\n<p data-path-to-node=\"12\">El esquema 2026 no solo contempla d\u00edas, sino tambi\u00e9n una carga horaria m\u00ednima de <b data-path-to-node=\"12\" data-index-in-node=\"81\">760 horas anuales para la primaria<\/b> y <b data-path-to-node=\"12\" data-index-in-node=\"118\">900 horas para la secundaria<\/b>. Para apuntalar este objetivo, el calendario prev\u00e9 la realizaci\u00f3n de <b data-path-to-node=\"12\" data-index-in-node=\"216\">cinco jornadas institucionales<\/b> regionales. Estas instancias de capacitaci\u00f3n docente se distribuir\u00e1n con dos encuentros en febrero, uno en agosto, uno en diciembre y un quinto a definir por cada distrito, asegurando que no interfieran negativamente con el dictado de clases presenciales.<\/p>\n","protected":false},"excerpt":{"rendered":"<p>La Direcci\u00f3n General de Cultura y Educaci\u00f3n de la provincia de Buenos Aires formaliz\u00f3, a trav\u00e9s de la Resoluci\u00f3n 6568,<\/p>\n","protected":false},"author":1,"featured_media":113242,"comment_status":"closed","ping_status":"closed","sticky":false,"template":"","format":"standard","meta":{"kia_subtitle":"El Ministerio de Educaci\u00f3n bonaerense oficializ\u00f3 el cronograma educativo para 2026, garantizando 190 d\u00edas de clases con el inicio fijado para el 2 de marzo en los niveles obligatorios.","footnotes":"","jetpack_publicize_message":"","jetpack_publicize_feature_enabled":true,"jetpack_social_post_already_shared":true,"jetpack_social_options":{"image_generator_settings":{"template":"highway","default_image_id":0,"font":"","enabled":false},"version":2}},"categories":[3,56],"tags":[],"class_list":["post-123657","post","type-post","status-publish","format-standard","has-post-thumbnail","hentry","category-actualidad","category-buenos-aires"],"jetpack_publicize_connections":[],"jetpack_featured_media_url":"https:\/\/laurbedigital.com.ar\/noticias\/wp-content\/uploads\/2025\/02\/20250206-Escuela.jpg","_links":{"self":[{"href":"https:\/\/laurbedigital.com.ar\/noticias\/wp-json\/wp\/v2\/posts\/123657","targetHints":{"allow":["GET"]}}],"collection":[{"href":"https:\/\/laurbedigital.com.ar\/noticias\/wp-json\/wp\/v2\/posts"}],"about":[{"href":"https:\/\/laurbedigital.com.ar\/noticias\/wp-json\/wp\/v2\/types\/post"}],"author":[{"embeddable":true,"href":"https:\/\/laurbedigital.com.ar\/noticias\/wp-json\/wp\/v2\/users\/1"}],"replies":[{"embeddable":true,"href":"https:\/\/laurbedigital.com.ar\/noticias\/wp-json\/wp\/v2\/comments?post=123657"}],"version-history":[{"count":2,"href":"https:\/\/laurbedigital.com.ar\/noticias\/wp-json\/wp\/v2\/posts\/123657\/revisions"}],"predecessor-version":[{"id":123659,"href":"https:\/\/laurbedigital.com.ar\/noticias\/wp-json\/wp\/v2\/posts\/123657\/revisions\/123659"}],"wp:featuredmedia":[{"embeddable":true,"href":"https:\/\/laurbedigital.com.ar\/noticias\/wp-json\/wp\/v2\/media\/113242"}],"wp:attachment":[{"href":"https:\/\/laurbedigital.com.ar\/noticias\/wp-json\/wp\/v2\/media?parent=123657"}],"wp:term":[{"taxonomy":"category","embeddable":true,"href":"https:\/\/laurbedigital.com.ar\/noticias\/wp-json\/wp\/v2\/categories?post=123657"},{"taxonomy":"post_tag","embeddable":true,"href":"https:\/\/laurbedigital.com.ar\/noticias\/wp-json\/wp\/v2\/tags?post=123657"}],"curies":[{"name":"wp","href":"https:\/\/api.w.org\/{rel}","templated":true}]}}