{"id":123655,"date":"2026-01-27T00:49:26","date_gmt":"2026-01-27T03:49:26","guid":{"rendered":"https:\/\/laurbedigital.com.ar\/noticias\/?p=123655"},"modified":"2026-01-27T00:49:26","modified_gmt":"2026-01-27T03:49:26","slug":"el-desorden-que-dejas-el-thriller-eapanol-que-cautiva-a-la-audiencia-de-netflix","status":"publish","type":"post","link":"https:\/\/laurbedigital.com.ar\/noticias\/2026\/01\/27\/el-desorden-que-dejas-el-thriller-eapanol-que-cautiva-a-la-audiencia-de-netflix\/","title":{"rendered":"El desorden que dejas: el thriller eapa\u00f1ol que cautiva a la audiencia de Netflix"},"content":{"rendered":"<p data-path-to-node=\"3\">El cat\u00e1logo de <b data-path-to-node=\"3\" data-index-in-node=\"15\">Netflix<\/b> ha encontrado un nuevo fen\u00f3meno en el g\u00e9nero del suspenso con el estreno de <b data-path-to-node=\"3\" data-index-in-node=\"99\">El desorden que dejas<\/b>. Esta producci\u00f3n espa\u00f1ola, que consta de ocho cap\u00edtulos de aproximadamente 40 minutos cada uno, ha logrado escalar r\u00e1pidamente en las preferencias de los usuarios. Creada por Carlos Montero \u2014responsable del \u00e9xito global <i data-path-to-node=\"3\" data-index-in-node=\"341\">\u00c9lite<\/i>\u2014 y basada en su propia novela hom\u00f3nima, la ficci\u00f3n propone un relato perturbador ambientado en los paisajes brumosos de Galicia.<\/p>\n<h4 data-path-to-node=\"4\">Una suplencia marcada por la tragedia<\/h4>\n<p data-path-to-node=\"5\">La trama se inicia con la llegada de Raquel (<b data-path-to-node=\"5\" data-index-in-node=\"45\">Inma Cuesta<\/b>) al pueblo de Novariz para cubrir una vacante como profesora de literatura en un instituto secundario. Sin embargo, el entusiasmo inicial se desvanece al descubrir que su predecesora, Viruca (<b data-path-to-node=\"5\" data-index-in-node=\"249\">B\u00e1rbara Lennie<\/b>), muri\u00f3 en circunstancias poco claras. Lo que comienza como un desaf\u00edo profesional para Raquel se transforma en una pesadilla cuando recibe un mensaje an\u00f3nimo en su primer d\u00eda: \u00ab\u00bfY t\u00fa cu\u00e1nto vas a tardar en morir?\u00bb.<\/p>\n<p data-path-to-node=\"6\">La narrativa se apoya en una estructura de <b data-path-to-node=\"6\" data-index-in-node=\"43\">dos l\u00edneas temporales<\/b> que se entrelazan con precisi\u00f3n quir\u00fargica. Por un lado, seguimos el presente de Raquel, quien intenta desentra\u00f1ar la red de mentiras que rodea al colegio; por otro, asistimos al pasado reciente de Viruca, reconstruyendo los eventos que la llevaron a un desenlace fatal. Este contrapunto entre ambas docentes permite al espectador conectar con dos personajes femeninos complejos y vulnerables.<\/p>\n<h4 data-path-to-node=\"7\">Entre la ingenuidad y la perversidad juvenil<\/h4>\n<p data-path-to-node=\"8\">Uno de los puntos m\u00e1s altos de la serie es el retrato de los alumnos de Novariz. Lejos de la visi\u00f3n idealizada de la adolescencia, <b data-path-to-node=\"8\" data-index-in-node=\"131\">El desorden que dejas<\/b> presenta a un grupo de j\u00f3venes marcados por secretos y conductas err\u00e1ticas. Entre ellos destaca Iago, interpretado por <b data-path-to-node=\"8\" data-index-in-node=\"272\">Ar\u00f3n Piper<\/b>, quien se aleja de su rol en <i data-path-to-node=\"8\" data-index-in-node=\"312\">\u00c9lite<\/i> para encarnar a un estudiante carism\u00e1tico pero profundamente inquietante.<\/p>\n<p data-path-to-node=\"9\">El elenco, encabezado por las s\u00f3lidas actuaciones de Cuesta y Lennie, logra sostener la tensi\u00f3n incluso en los momentos donde la trama parece enredarse debido al exceso de giros argumentales. La ambientaci\u00f3n en Galicia aporta un matiz sombr\u00edo y melanc\u00f3lico, convirtiendo al pueblo y al clima en protagonistas silenciosos que refuerzan la sensaci\u00f3n de aislamiento y peligro.<\/p>\n<h4 data-path-to-node=\"10\">\u00c9xito en digital y cr\u00edtica<\/h4>\n<p data-path-to-node=\"11\">A pesar de que algunas cr\u00edticas se\u00f1alan que la adaptaci\u00f3n pierde cierta prolijidad respecto al material original del libro, la serie compensa estas carencias con un ritmo vertiginoso y cierres de episodio altamente efectivos (los denominados <i data-path-to-node=\"11\" data-index-in-node=\"242\">cliffhangers<\/i>). Esta f\u00f3rmula ha garantizado su \u00e9xito en la plataforma de streaming, donde los contenidos de corta extensi\u00f3n y alta intensidad suelen prevalecer.<\/p>\n<p data-path-to-node=\"12\">En definitiva, <b data-path-to-node=\"12\" data-index-in-node=\"15\">El desorden que dejas<\/b> cumple con su premisa: incomoda, atrapa y obliga al espectador a maratonear sus ocho cap\u00edtulos en busca de una verdad que parece siempre esquiva. Es una apuesta segura para los amantes del suspenso que buscan historias donde nada es lo que parece.<\/p>\n","protected":false},"excerpt":{"rendered":"<p>El cat\u00e1logo de Netflix ha encontrado un nuevo fen\u00f3meno en el g\u00e9nero del suspenso con el estreno de El desorden<\/p>\n","protected":false},"author":1,"featured_media":123644,"comment_status":"closed","ping_status":"closed","sticky":false,"template":"","format":"standard","meta":{"kia_subtitle":"La miniserie espa\u00f1ola de ocho episodios combina intriga escolar y suspenso psicol\u00f3gico, posicion\u00e1ndose como uno de los contenidos m\u00e1s vistos gracias a su atm\u00f3sfera oscura y giros inesperados.","footnotes":"","jetpack_publicize_message":"","jetpack_publicize_feature_enabled":true,"jetpack_social_post_already_shared":true,"jetpack_social_options":{"image_generator_settings":{"template":"highway","default_image_id":0,"font":"","enabled":false},"version":2}},"categories":[68,2600],"tags":[2404],"class_list":["post-123655","post","type-post","status-publish","format-standard","has-post-thumbnail","hentry","category-cine-y-series","category-espectaculo","tag-series"],"jetpack_publicize_connections":[],"jetpack_featured_media_url":"https:\/\/laurbedigital.com.ar\/noticias\/wp-content\/uploads\/2026\/01\/20260127-el-desorden-que-dejas.jpg","_links":{"self":[{"href":"https:\/\/laurbedigital.com.ar\/noticias\/wp-json\/wp\/v2\/posts\/123655","targetHints":{"allow":["GET"]}}],"collection":[{"href":"https:\/\/laurbedigital.com.ar\/noticias\/wp-json\/wp\/v2\/posts"}],"about":[{"href":"https:\/\/laurbedigital.com.ar\/noticias\/wp-json\/wp\/v2\/types\/post"}],"author":[{"embeddable":true,"href":"https:\/\/laurbedigital.com.ar\/noticias\/wp-json\/wp\/v2\/users\/1"}],"replies":[{"embeddable":true,"href":"https:\/\/laurbedigital.com.ar\/noticias\/wp-json\/wp\/v2\/comments?post=123655"}],"version-history":[{"count":1,"href":"https:\/\/laurbedigital.com.ar\/noticias\/wp-json\/wp\/v2\/posts\/123655\/revisions"}],"predecessor-version":[{"id":123656,"href":"https:\/\/laurbedigital.com.ar\/noticias\/wp-json\/wp\/v2\/posts\/123655\/revisions\/123656"}],"wp:featuredmedia":[{"embeddable":true,"href":"https:\/\/laurbedigital.com.ar\/noticias\/wp-json\/wp\/v2\/media\/123644"}],"wp:attachment":[{"href":"https:\/\/laurbedigital.com.ar\/noticias\/wp-json\/wp\/v2\/media?parent=123655"}],"wp:term":[{"taxonomy":"category","embeddable":true,"href":"https:\/\/laurbedigital.com.ar\/noticias\/wp-json\/wp\/v2\/categories?post=123655"},{"taxonomy":"post_tag","embeddable":true,"href":"https:\/\/laurbedigital.com.ar\/noticias\/wp-json\/wp\/v2\/tags?post=123655"}],"curies":[{"name":"wp","href":"https:\/\/api.w.org\/{rel}","templated":true}]}}