{"id":123652,"date":"2026-01-27T00:47:27","date_gmt":"2026-01-27T03:47:27","guid":{"rendered":"https:\/\/laurbedigital.com.ar\/noticias\/?p=123652"},"modified":"2026-01-27T00:47:27","modified_gmt":"2026-01-27T03:47:27","slug":"esperanza-en-la-selva-janaina-la-yaguarete-que-desafia-la-extincion-con-nuevas-crias","status":"publish","type":"post","link":"https:\/\/laurbedigital.com.ar\/noticias\/2026\/01\/27\/esperanza-en-la-selva-janaina-la-yaguarete-que-desafia-la-extincion-con-nuevas-crias\/","title":{"rendered":"Esperanza en la selva: Jana\u00edna, la yaguaret\u00e9 que desaf\u00eda la extinci\u00f3n con nuevas cr\u00edas"},"content":{"rendered":"<p data-path-to-node=\"3\">En un hito para la biodiversidad de la regi\u00f3n fronteriza entre Argentina y Brasil, los investigadores del <b data-path-to-node=\"3\" data-index-in-node=\"106\">Proyecto On\u00e7as do Igua\u00e7u<\/b> confirmaron el avistamiento de <b data-path-to-node=\"3\" data-index-in-node=\"162\">Jana\u00edna<\/b>, una yaguaret\u00e9 hembra que ha vuelto a ser madre. Las im\u00e1genes, captadas por c\u00e1maras trampa en el sector brasile\u00f1o del \u00e1rea protegida, muestran a la felina acompa\u00f1ada por dos cachorros de aproximadamente cinco o seis meses de edad, quienes se encuentran en perfecto estado de salud y ya siguen los pasos de su progenitora en las recorridas por la selva.<\/p>\n<h4 data-path-to-node=\"4\">El legado de la \u00abSe\u00f1ora de las aguas\u00bb<\/h4>\n<p data-path-to-node=\"5\">Identificada por primera vez en 2018, Jana\u00edna se ha convertido en un s\u00edmbolo de resiliencia para la especie. Con este nuevo registro, la hembra alcanza una cifra hist\u00f3rica: <b data-path-to-node=\"5\" data-index-in-node=\"173\">cinco camadas documentadas<\/b> en apenas siete a\u00f1os. Desde su primer parto en 2019, ha tra\u00eddo al mundo un total de nueve cachorros, consolid\u00e1ndose como la madre m\u00e1s productiva monitoreada en la zona.<\/p>\n<p data-path-to-node=\"6\">Su nombre, elegido por la comunidad, significa \u00abSe\u00f1ora de las aguas\u00bb, un t\u00edtulo que hace honor a la estrecha relaci\u00f3n de este depredador tope con los r\u00edos y cursos de agua del ecosistema misionero y paranaense. Seg\u00fan los especialistas, la frecuencia de sus partos (2019, 2021, 2023, 2024 y 2025) es un indicador inequ\u00edvoco de que el h\u00e1bitat mantiene las condiciones de seguridad y disponibilidad de presas necesarias para sostener a los ejemplares m\u00e1s j\u00f3venes.<\/p>\n<h4 data-path-to-node=\"7\">Un oasis para la especie en la Mata Atl\u00e1ntica<\/h4>\n<p data-path-to-node=\"8\">La situaci\u00f3n del yaguaret\u00e9 (<i data-path-to-node=\"8\" data-index-in-node=\"28\">Panthera onca<\/i>) en la Mata Atl\u00e1ntica es cr\u00edtica: se estima que quedan menos de <b data-path-to-node=\"8\" data-index-in-node=\"106\">300 ejemplares<\/b> en todo este bioma. Sin embargo, el <b data-path-to-node=\"8\" data-index-in-node=\"157\">Parque Nacional do Iguaz\u00fa<\/b>, con sus 185.000 hect\u00e1reas, funciona como un santuario donde la poblaci\u00f3n muestra una tendencia de crecimiento sostenido. Actualmente, se estima que alrededor de 25 individuos habitan de manera permanente en el \u00e1rea de las Cataratas.<\/p>\n<p data-path-to-node=\"9\">El \u00e9xito reproductivo de ejemplares como Jana\u00edna es fundamental para evitar la extinci\u00f3n local del mayor felino de Am\u00e9rica. Los cient\u00edficos destacan que, aunque el ecosistema es saludable, persisten amenazas externas como la caza furtiva y la fragmentaci\u00f3n del territorio, lo que obliga a mantener pol\u00edticas de protecci\u00f3n estrictas y un monitoreo constante.<\/p>\n<h4 data-path-to-node=\"10\">El ciclo de vida del yaguaret\u00e9<\/h4>\n<p data-path-to-node=\"11\">El nacimiento de estos cachorros permite observar el complejo ciclo reproductivo de la especie. Tras una gestaci\u00f3n de entre 90 y 110 d\u00edas, las cr\u00edas nacen con los ojos cerrados y dependen totalmente de la madre, quien se vuelve extremadamente territorial y agresiva para defender la guarida.<\/p>\n<ul data-path-to-node=\"12\">\n<li>\n<p data-path-to-node=\"12,0,0\"><b data-path-to-node=\"12,0,0\" data-index-in-node=\"0\">2 meses:<\/b> Comienzan a ingerir carne.<\/p>\n<\/li>\n<li>\n<p data-path-to-node=\"12,1,0\"><b data-path-to-node=\"12,1,0\" data-index-in-node=\"0\">6 meses:<\/b> Abandonan el escondite para acompa\u00f1ar a la madre en sus expediciones de caza.<\/p>\n<\/li>\n<li>\n<p data-path-to-node=\"12,2,0\"><b data-path-to-node=\"12,2,0\" data-index-in-node=\"0\">2 a\u00f1os:<\/b> Alcanzan la independencia y deben buscar su propio territorio.<\/p>\n<\/li>\n<\/ul>\n<p data-path-to-node=\"13\">El proyecto prev\u00e9 involucrar pr\u00f3ximamente a la comunidad local para elegir los nombres de las nuevas cr\u00edas una vez que se determine su sexo. Esta estrategia busca fortalecer el v\u00ednculo social con la fauna nativa, entendiendo que la participaci\u00f3n ciudadana es la \u00faltima barrera de defensa contra las amenazas que a\u00fan acechan al \u00abtigre americano\u00bb.<\/p>\n","protected":false},"excerpt":{"rendered":"<p>En un hito para la biodiversidad de la regi\u00f3n fronteriza entre Argentina y Brasil, los investigadores del Proyecto On\u00e7as do<\/p>\n","protected":false},"author":1,"featured_media":123646,"comment_status":"closed","ping_status":"closed","sticky":false,"template":"","format":"standard","meta":{"kia_subtitle":"El registro de dos cachorros en el Parque Nacional do Igua\u00e7u confirma a Jana\u00edna como la hembra m\u00e1s prol\u00edfica de la regi\u00f3n, aportando datos vitales para la conservaci\u00f3n del felino.","footnotes":"","jetpack_publicize_message":"","jetpack_publicize_feature_enabled":true,"jetpack_social_post_already_shared":true,"jetpack_social_options":{"image_generator_settings":{"template":"highway","default_image_id":0,"font":"","enabled":false},"version":2}},"categories":[15],"tags":[],"class_list":["post-123652","post","type-post","status-publish","format-standard","has-post-thumbnail","hentry","category-tendencias"],"jetpack_publicize_connections":[],"jetpack_featured_media_url":"https:\/\/laurbedigital.com.ar\/noticias\/wp-content\/uploads\/2026\/01\/20260127-Janaina-yaguarete.jpg","_links":{"self":[{"href":"https:\/\/laurbedigital.com.ar\/noticias\/wp-json\/wp\/v2\/posts\/123652","targetHints":{"allow":["GET"]}}],"collection":[{"href":"https:\/\/laurbedigital.com.ar\/noticias\/wp-json\/wp\/v2\/posts"}],"about":[{"href":"https:\/\/laurbedigital.com.ar\/noticias\/wp-json\/wp\/v2\/types\/post"}],"author":[{"embeddable":true,"href":"https:\/\/laurbedigital.com.ar\/noticias\/wp-json\/wp\/v2\/users\/1"}],"replies":[{"embeddable":true,"href":"https:\/\/laurbedigital.com.ar\/noticias\/wp-json\/wp\/v2\/comments?post=123652"}],"version-history":[{"count":2,"href":"https:\/\/laurbedigital.com.ar\/noticias\/wp-json\/wp\/v2\/posts\/123652\/revisions"}],"predecessor-version":[{"id":123654,"href":"https:\/\/laurbedigital.com.ar\/noticias\/wp-json\/wp\/v2\/posts\/123652\/revisions\/123654"}],"wp:featuredmedia":[{"embeddable":true,"href":"https:\/\/laurbedigital.com.ar\/noticias\/wp-json\/wp\/v2\/media\/123646"}],"wp:attachment":[{"href":"https:\/\/laurbedigital.com.ar\/noticias\/wp-json\/wp\/v2\/media?parent=123652"}],"wp:term":[{"taxonomy":"category","embeddable":true,"href":"https:\/\/laurbedigital.com.ar\/noticias\/wp-json\/wp\/v2\/categories?post=123652"},{"taxonomy":"post_tag","embeddable":true,"href":"https:\/\/laurbedigital.com.ar\/noticias\/wp-json\/wp\/v2\/tags?post=123652"}],"curies":[{"name":"wp","href":"https:\/\/api.w.org\/{rel}","templated":true}]}}