{"id":123648,"date":"2026-01-27T00:46:13","date_gmt":"2026-01-27T03:46:13","guid":{"rendered":"https:\/\/laurbedigital.com.ar\/noticias\/?p=123648"},"modified":"2026-01-27T00:46:13","modified_gmt":"2026-01-27T03:46:13","slug":"alerta-por-cortes-de-energia-como-proteger-tus-electrodomesticos-de-los-golpes-de-tension","status":"publish","type":"post","link":"https:\/\/laurbedigital.com.ar\/noticias\/2026\/01\/27\/alerta-por-cortes-de-energia-como-proteger-tus-electrodomesticos-de-los-golpes-de-tension\/","title":{"rendered":"Alerta por cortes de energ\u00eda: c\u00f3mo proteger tus electrodom\u00e9sticos de los golpes de tensi\u00f3n"},"content":{"rendered":"<p data-path-to-node=\"3\">La reciente falla en la Subestaci\u00f3n Mor\u00f3n de Edenor, que dej\u00f3 a m\u00e1s de 800 mil usuarios sin suministro en la Ciudad Aut\u00f3noma de Buenos Aires y el conurbano, ha vuelto a poner sobre la mesa la vulnerabilidad del sistema el\u00e9ctrico nacional. Con una demanda que ya roza los <b data-path-to-node=\"3\" data-index-in-node=\"271\">25.000 MW<\/b>, y frente a pron\u00f3sticos de temperaturas extremas, la posibilidad de nuevos cortes e intermitencias en la tensi\u00f3n es una amenaza latente para la econom\u00eda dom\u00e9stica, especialmente por el riesgo de aver\u00edas en electrodom\u00e9sticos.<\/p>\n<h4 data-path-to-node=\"4\">El peligro de la intermitencia el\u00e9ctrica<\/h4>\n<p data-path-to-node=\"5\">Cuando el suministro el\u00e9ctrico se interrumpe o regresa de manera inestable, se producen los denominados \u00abpicos de tensi\u00f3n\u00bb. Estos fen\u00f3menos pueden quemar placas electr\u00f3nicas y motores en cuesti\u00f3n de segundos. Desde la C\u00e1mara Argentina de Industrias Electr\u00f3nicas, Electromec\u00e1nicas y Luminot\u00e9cnicas (<b data-path-to-node=\"5\" data-index-in-node=\"298\">CADIEEL<\/b>), advierten que, si bien son urgentes las obras de infraestructura para reforzar el sistema, los usuarios deben adoptar medidas proactivas para resguardar sus bienes.<\/p>\n<p data-path-to-node=\"6\">La recomendaci\u00f3n principal de los t\u00e9cnicos es contundente: <b data-path-to-node=\"6\" data-index-in-node=\"59\">desenchufar los aparatos<\/b> ante cualquier parpadeo de luz o corte total. No basta con apagar el equipo; el flujo de energ\u00eda residual o el retorno brusco de la corriente es lo que genera el da\u00f1o. Se sugiere esperar al menos diez minutos tras el regreso de la luz antes de volver a conectar los dispositivos, permitiendo que la tensi\u00f3n en la red se estabilice.<\/p>\n<h4 data-path-to-node=\"7\">Protectores de tensi\u00f3n: una inversi\u00f3n necesaria<\/h4>\n<p data-path-to-node=\"8\">Una de las herramientas m\u00e1s eficaces para prevenir siniestros son los <b data-path-to-node=\"8\" data-index-in-node=\"70\">protectores de tensi\u00f3n<\/b>. Estos dispositivos act\u00faan como un \u00abfusible inteligente\u00bb que desconecta autom\u00e1ticamente el equipo si detecta que el voltaje sube o baja de los par\u00e1metros seguros (habitualmente fuera del rango de <b data-path-to-node=\"8\" data-index-in-node=\"289\">220V<\/b>).<\/p>\n<p data-path-to-node=\"9\">Existen dos tipos principales:<\/p>\n<ol start=\"1\" data-path-to-node=\"10\">\n<li>\n<p data-path-to-node=\"10,0,0\"><b data-path-to-node=\"10,0,0\" data-index-in-node=\"0\">Protectores individuales:<\/b> Se enchufan directamente al tomacorriente y protegen un solo aparato (ideales para heladeras, lavarropas o aires acondicionados).<\/p>\n<\/li>\n<li>\n<p data-path-to-node=\"10,1,0\"><b data-path-to-node=\"10,1,0\" data-index-in-node=\"0\">Protectores de riel DIN:<\/b> Se instalan en el tablero principal de la vivienda y protegen toda la instalaci\u00f3n el\u00e9ctrica de manera integral.<\/p>\n<\/li>\n<\/ol>\n<h4 data-path-to-node=\"11\">Gu\u00eda para un consumo responsable y eficiente<\/h4>\n<p data-path-to-node=\"12\">Adem\u00e1s de la protecci\u00f3n f\u00edsica, el uso inteligente de los equipos ayuda a reducir la carga sobre el sistema el\u00e9ctrico y prolonga la vida \u00fatil de los mismos. CADIEEL propone una serie de pr\u00e1cticas de <b data-path-to-node=\"12\" data-index-in-node=\"199\">consumo eficiente<\/b> para aplicar durante los meses de alta demanda:<\/p>\n<ul data-path-to-node=\"13\">\n<li>\n<p data-path-to-node=\"13,0,0\"><b data-path-to-node=\"13,0,0\" data-index-in-node=\"0\">Lavarropas y lavavajillas:<\/b> Utilizar programas de baja temperatura y cargas completas. En el caso de los lavavajillas, conectarlos directamente a la toma de agua caliente ahorra la energ\u00eda que el aparato usar\u00eda para calentarla internamente.<\/p>\n<\/li>\n<li>\n<p data-path-to-node=\"13,1,0\"><b data-path-to-node=\"13,1,0\" data-index-in-node=\"0\">Hornos el\u00e9ctricos:<\/b> Evitar abrir la puerta innecesariamente; cada vez que se hace, se pierde aproximadamente un <b data-path-to-node=\"13,1,0\" data-index-in-node=\"111\">20% de la energ\u00eda<\/b> acumulada.<\/p>\n<\/li>\n<li>\n<p data-path-to-node=\"13,2,0\"><b data-path-to-node=\"13,2,0\" data-index-in-node=\"0\">Planchado:<\/b> Es preferible acumular la mayor cantidad de ropa posible y plancharla en una sola sesi\u00f3n, ya que el mayor consumo se produce durante el calentamiento inicial de la resistencia.<\/p>\n<\/li>\n<li>\n<p data-path-to-node=\"13,3,0\"><b data-path-to-node=\"13,3,0\" data-index-in-node=\"0\">Mantenimiento:<\/b> Revisar que los cables no presenten signos de deterioro y que los enchufes no calienten al tacto, lo cual indica un falso contacto peligroso.<\/p>\n<\/li>\n<\/ul>\n<h4 data-path-to-node=\"14\">El rol de la infraestructura<\/h4>\n<p data-path-to-node=\"15\">Mientras los usuarios ajustan sus h\u00e1bitos, el sector industrial insiste en que estas medidas son paliativas. La estabilidad a largo plazo depende de la ejecuci\u00f3n de obras pendientes en el sistema de transporte y distribuci\u00f3n. Sin una inversi\u00f3n sostenida que acompa\u00f1e el crecimiento de la demanda \u2014que en febrero de 2025 alcanz\u00f3 el r\u00e9cord de <b data-path-to-node=\"15\" data-index-in-node=\"341\">30.257 MW<\/b>\u2014, los cortes por saturaci\u00f3n seguir\u00e1n siendo una constante en los veranos argentinos.<\/p>\n<p data-path-to-node=\"16\">Mantener la integridad de la red el\u00e9ctrica y proteger los dispositivos del hogar requiere un compromiso doble: inversi\u00f3n estatal y empresarial en infraestructura, y una ciudadan\u00eda informada que utilice la energ\u00eda de manera consciente para evitar colapsos mayores.<\/p>\n","protected":false},"excerpt":{"rendered":"<p>La reciente falla en la Subestaci\u00f3n Mor\u00f3n de Edenor, que dej\u00f3 a m\u00e1s de 800 mil usuarios sin suministro en<\/p>\n","protected":false},"author":1,"featured_media":123649,"comment_status":"closed","ping_status":"closed","sticky":false,"template":"","format":"standard","meta":{"kia_subtitle":"Ante los masivos fallos el\u00e9ctricos y picos de demanda, especialistas brindan consejos clave para evitar da\u00f1os irreparables en equipos del hogar y fomentar un consumo responsable y eficiente.","footnotes":"","jetpack_publicize_message":"","jetpack_publicize_feature_enabled":true,"jetpack_social_post_already_shared":true,"jetpack_social_options":{"image_generator_settings":{"template":"highway","default_image_id":0,"font":"","enabled":false},"version":2}},"categories":[15],"tags":[],"class_list":["post-123648","post","type-post","status-publish","format-standard","has-post-thumbnail","hentry","category-tendencias"],"jetpack_publicize_connections":[],"jetpack_featured_media_url":"https:\/\/laurbedigital.com.ar\/noticias\/wp-content\/uploads\/2026\/01\/20260127-electrodomesticos.jpg","_links":{"self":[{"href":"https:\/\/laurbedigital.com.ar\/noticias\/wp-json\/wp\/v2\/posts\/123648","targetHints":{"allow":["GET"]}}],"collection":[{"href":"https:\/\/laurbedigital.com.ar\/noticias\/wp-json\/wp\/v2\/posts"}],"about":[{"href":"https:\/\/laurbedigital.com.ar\/noticias\/wp-json\/wp\/v2\/types\/post"}],"author":[{"embeddable":true,"href":"https:\/\/laurbedigital.com.ar\/noticias\/wp-json\/wp\/v2\/users\/1"}],"replies":[{"embeddable":true,"href":"https:\/\/laurbedigital.com.ar\/noticias\/wp-json\/wp\/v2\/comments?post=123648"}],"version-history":[{"count":2,"href":"https:\/\/laurbedigital.com.ar\/noticias\/wp-json\/wp\/v2\/posts\/123648\/revisions"}],"predecessor-version":[{"id":123651,"href":"https:\/\/laurbedigital.com.ar\/noticias\/wp-json\/wp\/v2\/posts\/123648\/revisions\/123651"}],"wp:featuredmedia":[{"embeddable":true,"href":"https:\/\/laurbedigital.com.ar\/noticias\/wp-json\/wp\/v2\/media\/123649"}],"wp:attachment":[{"href":"https:\/\/laurbedigital.com.ar\/noticias\/wp-json\/wp\/v2\/media?parent=123648"}],"wp:term":[{"taxonomy":"category","embeddable":true,"href":"https:\/\/laurbedigital.com.ar\/noticias\/wp-json\/wp\/v2\/categories?post=123648"},{"taxonomy":"post_tag","embeddable":true,"href":"https:\/\/laurbedigital.com.ar\/noticias\/wp-json\/wp\/v2\/tags?post=123648"}],"curies":[{"name":"wp","href":"https:\/\/api.w.org\/{rel}","templated":true}]}}