{"id":123643,"date":"2026-01-27T00:42:39","date_gmt":"2026-01-27T03:42:39","guid":{"rendered":"https:\/\/laurbedigital.com.ar\/noticias\/?p=123643"},"modified":"2026-01-27T00:44:45","modified_gmt":"2026-01-27T03:44:45","slug":"justicia-y-dolor-el-calvario-de-un-padre-denunciado-falsamente-por-abuso-sexual","status":"publish","type":"post","link":"https:\/\/laurbedigital.com.ar\/noticias\/2026\/01\/27\/justicia-y-dolor-el-calvario-de-un-padre-denunciado-falsamente-por-abuso-sexual\/","title":{"rendered":"Justicia y dolor: el calvario de un padre denunciado falsamente por abuso sexual"},"content":{"rendered":"<p data-path-to-node=\"3\">La historia de Julio G. es el relato de un \u00abinfierno\u00bb jur\u00eddico y personal que comenz\u00f3 en plena pandemia y se extendi\u00f3 durante 36 meses de aislamiento forzado de su hija. El Tribunal Oral N\u00b03 de Lomas de Zamora dict\u00f3 la absoluci\u00f3n del hombre, de 50 a\u00f1os, tras determinar que la denuncia por abuso sexual radicada por la madre de la menor fue una fabricaci\u00f3n orquestada con fines econ\u00f3micos y de exclusi\u00f3n parental.<\/p>\n<h4 data-path-to-node=\"4\">Una convivencia marcada por el control<\/h4>\n<p data-path-to-node=\"5\">La relaci\u00f3n, iniciada en 2017, estuvo plagada de conflictos desde la gestaci\u00f3n. Seg\u00fan detall\u00f3 su abogada defensora, D\u00e9borah Huczek, la madre de la ni\u00f1a impuso desde el nacimiento restricciones severas: visitas limitadas a dos horas, presencia obligatoria de ni\u00f1eras y prohibici\u00f3n de ingreso al hogar si la beba dorm\u00eda. Julio, quien viajaba semanalmente desde Capital Federal hacia el conurbano bonaerense para cumplir con el r\u00e9gimen, acept\u00f3 estas condiciones con tal de mantener el v\u00ednculo.<\/p>\n<p data-path-to-node=\"6\">Sin embargo, el control se torn\u00f3 persecuci\u00f3n. La mujer exig\u00eda constantemente fotograf\u00edas y ubicaciones en tiempo real, hasta que finalmente decidi\u00f3 interrumpir todo contacto mediante una denuncia penal por tocamientos. \u00abPara esta mujer, la figura paterna era prescindible; consideraba que el amor materno era suficiente\u00bb, explic\u00f3 la letrada.<\/p>\n<h4 data-path-to-node=\"7\">La trama de la falsa denuncia y la extorsi\u00f3n<\/h4>\n<p data-path-to-node=\"8\">El juicio oral revel\u00f3 una faceta delictiva detr\u00e1s de la acusaci\u00f3n. Las pericias semi\u00f3ticas y ling\u00fc\u00edsticas, sumadas a los testimonios de docentes, comenzaron a desmoronar el relato materno. Se descubri\u00f3 que la denunciante, asesorada por una abogada y dos psic\u00f3logas, habr\u00eda montado un <i data-path-to-node=\"8\" data-index-in-node=\"284\">modus operandi<\/i> recurrente para \u00abconstruir causas\u00bb.<\/p>\n<p data-path-to-node=\"9\">El dato m\u00e1s escalofriante surgi\u00f3 con el intento de pacto: la defensa de la mujer habr\u00eda solicitado <b data-path-to-node=\"9\" data-index-in-node=\"99\">700.000 d\u00f3lares<\/b> al anterior abogado de Julio para retirar la denuncia. Adem\u00e1s, se presentaron videos donde la madre intentaba \u00abextorsionar\u00bb y guiar el testimonio de su hija, quien, lejos de confirmar los abusos, preguntaba con angustia en el jard\u00edn: \u00ab\u00bfD\u00f3nde est\u00e1 mi pap\u00e1?\u00bb.<\/p>\n<h4 data-path-to-node=\"10\">Consecuencias legales y el camino al reencuentro<\/h4>\n<p data-path-to-node=\"11\">El fallo no solo absolvi\u00f3 a Julio, sino que la fiscal\u00eda y la defensa solicitaron la apertura de una causa penal contra la madre, su abogada y las psic\u00f3logas intervinientes por los delitos de <b data-path-to-node=\"11\" data-index-in-node=\"191\">asociaci\u00f3n il\u00edcita, extorsi\u00f3n y corrupci\u00f3n de menores<\/b>. El tribunal detect\u00f3 que una de las profesionales se reuni\u00f3 con la ni\u00f1a el d\u00eda previo a su declaraci\u00f3n en C\u00e1mara Gesell con el objetivo de manipular su testimonio.<\/p>\n<blockquote data-path-to-node=\"12\">\n<p data-path-to-node=\"12,0\">\u00abEs un caso que estremece; la ni\u00f1a sigue bajo el cuidado de una madre que no est\u00e1 en sus cabales\u00bb, afirm\u00f3 Huczek.<\/p>\n<\/blockquote>\n<h4 data-path-to-node=\"13\">Conclusi\u00f3n y estado actual<\/h4>\n<p data-path-to-node=\"14\">A pesar de la contundencia de la absoluci\u00f3n, la lucha no ha terminado. La madre apel\u00f3 la sentencia, por lo que se espera el pronunciamiento de la C\u00e1mara de Casaci\u00f3n bonaerense. Mientras tanto, Julio debe enfrentar ahora el proceso en el tribunal de familia para restablecer, de forma gradual y bajo supervisi\u00f3n profesional, el v\u00ednculo roto con su hija tras tres a\u00f1os de ausencia forzada. Su historia pone de relieve las fallas de un sistema que, en ocasiones, permite que las denuncias falsas se conviertan en armas de destrucci\u00f3n vincular.<\/p>\n","protected":false},"excerpt":{"rendered":"<p>La historia de Julio G. es el relato de un \u00abinfierno\u00bb jur\u00eddico y personal que comenz\u00f3 en plena pandemia y<\/p>\n","protected":false},"author":1,"featured_media":123645,"comment_status":"closed","ping_status":"closed","sticky":false,"template":"","format":"standard","meta":{"kia_subtitle":"Tras tres a\u00f1os de impedimento de contacto y un juicio oral, Julio G. fue absuelto de las acusaciones de su expareja, revelando una trama de extorsi\u00f3n y manipulaci\u00f3n infantil.","footnotes":"","jetpack_publicize_message":"","jetpack_publicize_feature_enabled":true,"jetpack_social_post_already_shared":true,"jetpack_social_options":{"image_generator_settings":{"template":"highway","default_image_id":0,"font":"","enabled":false},"version":2}},"categories":[8],"tags":[],"class_list":["post-123643","post","type-post","status-publish","format-standard","has-post-thumbnail","hentry","category-policiales"],"jetpack_publicize_connections":[],"jetpack_featured_media_url":"https:\/\/laurbedigital.com.ar\/noticias\/wp-content\/uploads\/2026\/01\/20260127-falsa-denuncia-depresion.jpg","_links":{"self":[{"href":"https:\/\/laurbedigital.com.ar\/noticias\/wp-json\/wp\/v2\/posts\/123643","targetHints":{"allow":["GET"]}}],"collection":[{"href":"https:\/\/laurbedigital.com.ar\/noticias\/wp-json\/wp\/v2\/posts"}],"about":[{"href":"https:\/\/laurbedigital.com.ar\/noticias\/wp-json\/wp\/v2\/types\/post"}],"author":[{"embeddable":true,"href":"https:\/\/laurbedigital.com.ar\/noticias\/wp-json\/wp\/v2\/users\/1"}],"replies":[{"embeddable":true,"href":"https:\/\/laurbedigital.com.ar\/noticias\/wp-json\/wp\/v2\/comments?post=123643"}],"version-history":[{"count":1,"href":"https:\/\/laurbedigital.com.ar\/noticias\/wp-json\/wp\/v2\/posts\/123643\/revisions"}],"predecessor-version":[{"id":123647,"href":"https:\/\/laurbedigital.com.ar\/noticias\/wp-json\/wp\/v2\/posts\/123643\/revisions\/123647"}],"wp:featuredmedia":[{"embeddable":true,"href":"https:\/\/laurbedigital.com.ar\/noticias\/wp-json\/wp\/v2\/media\/123645"}],"wp:attachment":[{"href":"https:\/\/laurbedigital.com.ar\/noticias\/wp-json\/wp\/v2\/media?parent=123643"}],"wp:term":[{"taxonomy":"category","embeddable":true,"href":"https:\/\/laurbedigital.com.ar\/noticias\/wp-json\/wp\/v2\/categories?post=123643"},{"taxonomy":"post_tag","embeddable":true,"href":"https:\/\/laurbedigital.com.ar\/noticias\/wp-json\/wp\/v2\/tags?post=123643"}],"curies":[{"name":"wp","href":"https:\/\/api.w.org\/{rel}","templated":true}]}}