{"id":123640,"date":"2026-01-27T00:39:51","date_gmt":"2026-01-27T03:39:51","guid":{"rendered":"https:\/\/laurbedigital.com.ar\/noticias\/?p=123640"},"modified":"2026-01-27T00:39:51","modified_gmt":"2026-01-27T03:39:51","slug":"victimas-del-holocausto","status":"publish","type":"post","link":"https:\/\/laurbedigital.com.ar\/noticias\/2026\/01\/27\/victimas-del-holocausto\/","title":{"rendered":"Recordar para no repetir: v\u00edctimas del Holocausto"},"content":{"rendered":"<p>Cada 27 de enero se conmemora el D\u00eda Internacional de las V\u00edctimas del Holocausto, fecha establecida por las Naciones Unidas en 2005 para recordar a los millones de personas asesinadas durante el r\u00e9gimen nazi. La jornada coincide con el aniversario de la liberaci\u00f3n del campo de concentraci\u00f3n de Auschwitz-Birkenau en 1945, un s\u00edmbolo de los horrores del genocidio que dej\u00f3 una marca imborrable en la humanidad.<\/p>\n<p>El Holocausto, tambi\u00e9n conocido como la Sho\u00e1, signific\u00f3 la persecuci\u00f3n sistem\u00e1tica y el exterminio de aproximadamente seis millones de jud\u00edos, adem\u00e1s de otras comunidades como roman\u00edes, personas con discapacidades, homosexuales y opositores pol\u00edticos. La magnitud del horror se evidencia en los campos de concentraci\u00f3n y exterminio, donde miles de hombres, mujeres y ni\u00f1os fueron asesinados diariamente en condiciones inhumanas.<\/p>\n<p>El D\u00eda Internacional de las V\u00edctimas del Holocausto busca no solo preservar la memoria de quienes perdieron la vida, sino tambi\u00e9n educar a las nuevas generaciones para prevenir que atrocidades similares ocurran en el futuro. Es un recordatorio de la importancia de combatir el antisemitismo, el racismo y la xenofobia, ra\u00edces del odio que llevaron al genocidio.<\/p>\n<p>En esta fecha, se realizan actos conmemorativos en todo el mundo. En Argentina, un pa\u00eds que se ha destacado por su compromiso con la memoria hist\u00f3rica, instituciones como el Museo del Holocausto en Buenos Aires organizan actividades para reflexionar sobre el impacto del Holocausto y promover el respeto por los derechos humanos.<\/p>\n<p>A nivel internacional, la UNESCO y otras organizaciones trabajan para incluir la historia del Holocausto en los programas educativos. Estas acciones buscan sensibilizar a la sociedad sobre las consecuencias del odio y la intolerancia, destacando la necesidad de construir un mundo m\u00e1s inclusivo y solidario.<\/p>\n<p>El D\u00eda Internacional de las V\u00edctimas del Holocausto no solo honra a quienes sufrieron y murieron durante uno de los cap\u00edtulos m\u00e1s oscuros de la historia, sino que tambi\u00e9n nos desaf\u00eda a aprender de sus lecciones. Mantener viva la memoria es fundamental para garantizar que el pasado no se repita y para construir un futuro basado en la justicia, la igualdad y la humanidad.<\/p>\n","protected":false},"excerpt":{"rendered":"<p>Cada 27 de enero se conmemora el D\u00eda Internacional de las V\u00edctimas del Holocausto, fecha establecida por las Naciones Unidas<\/p>\n","protected":false},"author":1,"featured_media":112849,"comment_status":"closed","ping_status":"closed","sticky":false,"template":"","format":"standard","meta":{"kia_subtitle":"El 27 de enero, el mundo honra a las v\u00edctimas del Holocausto, una de las tragedias m\u00e1s devastadoras de la historia, reafirmando el compromiso con la memoria, la educaci\u00f3n y la lucha contra el odio.","footnotes":"","jetpack_publicize_message":"","jetpack_publicize_feature_enabled":true,"jetpack_social_post_already_shared":true,"jetpack_social_options":{"image_generator_settings":{"template":"highway","default_image_id":0,"font":"","enabled":false},"version":2}},"categories":[5,2594],"tags":[],"class_list":["post-123640","post","type-post","status-publish","format-standard","has-post-thumbnail","hentry","category-cultura","category-efemerides"],"jetpack_publicize_connections":[],"jetpack_featured_media_url":"https:\/\/laurbedigital.com.ar\/noticias\/wp-content\/uploads\/2025\/01\/20250127-Dia-del-holocausto.jpg","_links":{"self":[{"href":"https:\/\/laurbedigital.com.ar\/noticias\/wp-json\/wp\/v2\/posts\/123640","targetHints":{"allow":["GET"]}}],"collection":[{"href":"https:\/\/laurbedigital.com.ar\/noticias\/wp-json\/wp\/v2\/posts"}],"about":[{"href":"https:\/\/laurbedigital.com.ar\/noticias\/wp-json\/wp\/v2\/types\/post"}],"author":[{"embeddable":true,"href":"https:\/\/laurbedigital.com.ar\/noticias\/wp-json\/wp\/v2\/users\/1"}],"replies":[{"embeddable":true,"href":"https:\/\/laurbedigital.com.ar\/noticias\/wp-json\/wp\/v2\/comments?post=123640"}],"version-history":[{"count":2,"href":"https:\/\/laurbedigital.com.ar\/noticias\/wp-json\/wp\/v2\/posts\/123640\/revisions"}],"predecessor-version":[{"id":123642,"href":"https:\/\/laurbedigital.com.ar\/noticias\/wp-json\/wp\/v2\/posts\/123640\/revisions\/123642"}],"wp:featuredmedia":[{"embeddable":true,"href":"https:\/\/laurbedigital.com.ar\/noticias\/wp-json\/wp\/v2\/media\/112849"}],"wp:attachment":[{"href":"https:\/\/laurbedigital.com.ar\/noticias\/wp-json\/wp\/v2\/media?parent=123640"}],"wp:term":[{"taxonomy":"category","embeddable":true,"href":"https:\/\/laurbedigital.com.ar\/noticias\/wp-json\/wp\/v2\/categories?post=123640"},{"taxonomy":"post_tag","embeddable":true,"href":"https:\/\/laurbedigital.com.ar\/noticias\/wp-json\/wp\/v2\/tags?post=123640"}],"curies":[{"name":"wp","href":"https:\/\/api.w.org\/{rel}","templated":true}]}}