{"id":123624,"date":"2026-01-26T01:40:21","date_gmt":"2026-01-26T04:40:21","guid":{"rendered":"https:\/\/laurbedigital.com.ar\/noticias\/?p=123624"},"modified":"2026-01-26T01:40:21","modified_gmt":"2026-01-26T04:40:21","slug":"emergencia-habitacional-4-de-cada-10-jovenes-no-logran-independizarse-en-argentina","status":"publish","type":"post","link":"https:\/\/laurbedigital.com.ar\/noticias\/2026\/01\/26\/emergencia-habitacional-4-de-cada-10-jovenes-no-logran-independizarse-en-argentina\/","title":{"rendered":"Emergencia habitacional: 4 de cada 10 j\u00f3venes no logran independizarse en Argentina"},"content":{"rendered":"<p data-path-to-node=\"3\">Vivir solo se ha transformado en un privilegio inalcanzable para una generaci\u00f3n entera en Argentina. Al cierre de 2025, los datos reflejan una realidad social alarmante: el <b data-path-to-node=\"3\" data-index-in-node=\"173\">39% de los j\u00f3venes de entre 25 y 35 a\u00f1os<\/b> no ha logrado emanciparse, lo que representa a casi dos millones de personas que permanecen en sus hogares de origen por la imposibilidad material de costear una vivienda independiente. Esta cifra no solo marca un retroceso en la autonom\u00eda individual, sino que desnuda un fallo estructural en el sistema econ\u00f3mico y habitacional del pa\u00eds.<\/p>\n<h4 data-path-to-node=\"4\">El mercado laboral como barrera de entrada<\/h4>\n<p data-path-to-node=\"5\">La dificultad para acceder a un techo propio o alquilado tiene su ra\u00edz en un mercado de trabajo hostil para los adultos j\u00f3venes. Seg\u00fan el informe de la organizaci\u00f3n Tejido Urbano, la <b data-path-to-node=\"5\" data-index-in-node=\"183\">desocupaci\u00f3n juvenil (10,1%)<\/b> duplica a la de aquellos que s\u00ed han logrado mudarse. Adem\u00e1s, quienes logran insertarse en el mundo laboral enfrentan condiciones de alta precariedad: la informalidad en este segmento alcanza el 36%, y los salarios promedio son un 10% inferiores al resto de la Poblaci\u00f3n Econ\u00f3micamente Activa (PEA).<\/p>\n<p data-path-to-node=\"6\">La brecha de ingresos es el determinante principal: aquellos que viven solos ganan, en promedio, el doble que quienes a\u00fan residen con sus padres o abuelos. En este contexto, el ahorro se vuelve una quimera y la planificaci\u00f3n a largo plazo queda supeditada a la subsistencia diaria.<\/p>\n<h4 data-path-to-node=\"7\">Alquileres: un gasto que asfixia los ingresos<\/h4>\n<p data-path-to-node=\"8\">El costo de la vivienda se ha convertido en el principal factor de expulsi\u00f3n. Tras la derogaci\u00f3n de la Ley de Alquileres mediante el DNU 70\/2023, los precios han escalado muy por encima de la inflaci\u00f3n general. Durante 2025, mientras la inflaci\u00f3n se ubic\u00f3 en el 31,5%, los alquileres en regiones como la Patagonia aumentaron un <b data-path-to-node=\"8\" data-index-in-node=\"328\">120,3%<\/b>, y en el Noreste un <b data-path-to-node=\"8\" data-index-in-node=\"355\">108,7%<\/b>.<\/p>\n<p data-path-to-node=\"9\">Esta distorsi\u00f3n de precios genera que el 25% de los inquilinos deba destinar entre el 60% y el 100% de su sueldo solo para pagar el techo, sin contar expensas ni servicios p\u00fablicos. En ciudades como Buenos Aires, la mediana de un monoambiente alcanz\u00f3 los <b data-path-to-node=\"9\" data-index-in-node=\"255\">$550.000<\/b> en enero de 2026, una cifra que supera ampliamente el Salario M\u00ednimo, Vital y M\u00f3vil de $341.000, dejando incluso a trabajadores formales fuera del mercado formal de alquileres.<\/p>\n<h4 data-path-to-node=\"10\">Desigualdad regional y endeudamiento<\/h4>\n<p data-path-to-node=\"11\">El mapa de la no emancipaci\u00f3n muestra fracturas geogr\u00e1ficas profundas. El Norte Grande es la zona m\u00e1s cr\u00edtica, con provincias como <b data-path-to-node=\"11\" data-index-in-node=\"131\">Santiago del Estero (64,8%) y Salta (63,7%)<\/b> donde m\u00e1s de seis de cada diez j\u00f3venes no pueden irse de sus casas. En contraste, la Ciudad Aut\u00f3noma de Buenos Aires presenta la tasa m\u00e1s baja (24,8%), aunque esto se explica m\u00e1s por la concentraci\u00f3n de ingresos que por la accesibilidad de su mercado inmobiliario.<\/p>\n<p data-path-to-node=\"12\">La falta de solvencia ha derivado en un fen\u00f3meno peligroso: el endeudamiento para vivir. El <b data-path-to-node=\"12\" data-index-in-node=\"92\">80% de los hogares inquilinos<\/b> del pa\u00eds se vio obligado a contraer deudas para pagar el alquiler durante el \u00faltimo a\u00f1o. Esta situaci\u00f3n fuerza a muchos j\u00f3venes a buscar m\u00faltiples empleos, postergar estudios o, finalmente, regresar al hogar familiar, consolidando un modelo habitacional que parece cerrar sus puertas a las nuevas generaciones.<\/p>\n","protected":false},"excerpt":{"rendered":"<p>Vivir solo se ha transformado en un privilegio inalcanzable para una generaci\u00f3n entera en Argentina. Al cierre de 2025, los<\/p>\n","protected":false},"author":1,"featured_media":120568,"comment_status":"closed","ping_status":"closed","sticky":false,"template":"","format":"standard","meta":{"kia_subtitle":"La crisis de emancipaci\u00f3n juvenil ya afecta al 39% de la poblaci\u00f3n de entre 25 y 35 a\u00f1os, debido a la combinaci\u00f3n de salarios deprimidos y alquileres desregulados.","footnotes":"","jetpack_publicize_message":"","jetpack_publicize_feature_enabled":true,"jetpack_social_post_already_shared":true,"jetpack_social_options":{"image_generator_settings":{"template":"highway","default_image_id":0,"font":"","enabled":false},"version":2}},"categories":[3,41],"tags":[],"class_list":["post-123624","post","type-post","status-publish","format-standard","has-post-thumbnail","hentry","category-actualidad","category-nacionales"],"jetpack_publicize_connections":[],"jetpack_featured_media_url":"https:\/\/laurbedigital.com.ar\/noticias\/wp-content\/uploads\/2025\/10\/20251014-Alquileres.jpg","_links":{"self":[{"href":"https:\/\/laurbedigital.com.ar\/noticias\/wp-json\/wp\/v2\/posts\/123624","targetHints":{"allow":["GET"]}}],"collection":[{"href":"https:\/\/laurbedigital.com.ar\/noticias\/wp-json\/wp\/v2\/posts"}],"about":[{"href":"https:\/\/laurbedigital.com.ar\/noticias\/wp-json\/wp\/v2\/types\/post"}],"author":[{"embeddable":true,"href":"https:\/\/laurbedigital.com.ar\/noticias\/wp-json\/wp\/v2\/users\/1"}],"replies":[{"embeddable":true,"href":"https:\/\/laurbedigital.com.ar\/noticias\/wp-json\/wp\/v2\/comments?post=123624"}],"version-history":[{"count":1,"href":"https:\/\/laurbedigital.com.ar\/noticias\/wp-json\/wp\/v2\/posts\/123624\/revisions"}],"predecessor-version":[{"id":123625,"href":"https:\/\/laurbedigital.com.ar\/noticias\/wp-json\/wp\/v2\/posts\/123624\/revisions\/123625"}],"wp:featuredmedia":[{"embeddable":true,"href":"https:\/\/laurbedigital.com.ar\/noticias\/wp-json\/wp\/v2\/media\/120568"}],"wp:attachment":[{"href":"https:\/\/laurbedigital.com.ar\/noticias\/wp-json\/wp\/v2\/media?parent=123624"}],"wp:term":[{"taxonomy":"category","embeddable":true,"href":"https:\/\/laurbedigital.com.ar\/noticias\/wp-json\/wp\/v2\/categories?post=123624"},{"taxonomy":"post_tag","embeddable":true,"href":"https:\/\/laurbedigital.com.ar\/noticias\/wp-json\/wp\/v2\/tags?post=123624"}],"curies":[{"name":"wp","href":"https:\/\/api.w.org\/{rel}","templated":true}]}}