{"id":123622,"date":"2026-01-26T01:35:07","date_gmt":"2026-01-26T04:35:07","guid":{"rendered":"https:\/\/laurbedigital.com.ar\/noticias\/?p=123622"},"modified":"2026-01-26T02:52:16","modified_gmt":"2026-01-26T05:52:16","slug":"tragedia-ambiental-en-chubut-el-fuego-acecha-cholila-y-denuncian-abandono-estatal","status":"publish","type":"post","link":"https:\/\/laurbedigital.com.ar\/noticias\/2026\/01\/26\/tragedia-ambiental-en-chubut-el-fuego-acecha-cholila-y-denuncian-abandono-estatal\/","title":{"rendered":"Tragedia ambiental en Chubut: el fuego acecha Cholila y denuncian abandono estatal"},"content":{"rendered":"<p data-path-to-node=\"3\">La situaci\u00f3n en el noroeste de Chubut ha alcanzado un punto cr\u00edtico que roza lo catastr\u00f3fico. Tras semanas de combate desigual, el fuego que consume la regi\u00f3n se encuentra actualmente <b data-path-to-node=\"3\" data-index-in-node=\"184\">fuera de control<\/b>, avanzando con voracidad sobre la localidad de Cholila. El escenario, definido por los brigadistas como un \u00abinfierno de cenizas\u00bb, est\u00e1 marcado por una preocupante ausencia de asistencia por parte del Gobierno nacional y una gesti\u00f3n provincial, encabezada por Ignacio Torres, que enfrenta duras cr\u00edticas por la falta de previsi\u00f3n y las contradicciones en la informaci\u00f3n oficial.<\/p>\n<h4 data-path-to-node=\"4\">Un pueblo entre dos frentes de fuego<\/h4>\n<p data-path-to-node=\"5\">Cholila se encuentra hoy en el centro de una pinza de fuego. Por el norte, un incendio originado el 5 de enero en Puerto Patriada ya ha devorado m\u00e1s de <b data-path-to-node=\"5\" data-index-in-node=\"152\">22.300 hect\u00e1reas<\/b>, destruyendo a su paso 60 viviendas e infraestructura productiva clave. Por el sur, las llamas provenientes del Parque Nacional Los Alerces \u2014que ya afectaron 12.000 hect\u00e1reas\u2014 ingresaron en las \u00faltimas horas a Villa Lago Rivadavia, localidad que debi\u00f3 ser evacuada de urgencia ante la inminencia del desastre.<\/p>\n<p data-path-to-node=\"6\">El factor clim\u00e1tico ha sido el aliado m\u00e1s fiel del incendio. Con r\u00e1fagas de viento que alcanzan los <b data-path-to-node=\"6\" data-index-in-node=\"100\">70 kil\u00f3metros por hora<\/b> y una sequ\u00eda que arrastra dos a\u00f1os de d\u00e9ficit h\u00eddrico, las fajas cortafuegos realizadas manualmente por los brigadistas resultan insuficientes. La rotaci\u00f3n constante del viento vuelve impredecibles las lenguas de fuego, que saltan de copa en copa en los bosques de pino y especies nativas, dejando a la poblaci\u00f3n civil en una situaci\u00f3n de vulnerabilidad extrema.<\/p>\n<h4 data-path-to-node=\"7\">Crisis h\u00eddrica y desorden log\u00edstico<\/h4>\n<p data-path-to-node=\"8\">A la amenaza del fuego se le suma un drama humanitario: los habitantes de Cholila llevan m\u00e1s de dos semanas <b data-path-to-node=\"8\" data-index-in-node=\"108\">sin agua domiciliaria<\/b> debido al agotamiento de las napas. Esta crisis h\u00eddrica se extiende a El Mait\u00e9n y Esquel, complicando no solo la vida cotidiana sino las tareas b\u00e1sicas de enfriamiento. La respuesta municipal ha sido se\u00f1alada por su lentitud, iniciando perforaciones de emergencia reci\u00e9n cuando el humo ya cubr\u00eda el casco urbano.<\/p>\n<p data-path-to-node=\"9\">En el plano pol\u00edtico, la designaci\u00f3n de la comisaria Laura Mirantes como vocera del operativo ha generado m\u00e1s confusi\u00f3n que certezas. Las discrepancias son notables: mientras la provincia informa una cantidad variable de medios a\u00e9reos (entre 13 y 16), el Servicio Provincial de Manejo del Fuego (SPMF) solo contabiliza cinco operativos. Esta brecha informativa se traslada a la log\u00edstica en el terreno, donde los propios brigadistas denuncian falta de viandas y elementos de seguridad, dependiendo en gran medida de las donaciones de la comunidad.<\/p>\n<h4 data-path-to-node=\"10\">Impacto econ\u00f3mico y social en la Comarca<\/h4>\n<p data-path-to-node=\"11\">El desastre no solo es ecol\u00f3gico; el coraz\u00f3n econ\u00f3mico de la Comarca Andina est\u00e1 herido de gravedad. Por segundo a\u00f1o consecutivo, la temporada tur\u00edstica se ha visto interrumpida, dejando a localidades como El Bols\u00f3n y El Hoyo al borde del quebranto financiero. A pesar del humo que envuelve la regi\u00f3n, las autoridades locales intentan mantener las festividades populares, como la Fiesta Nacional de la Fruta Fina, en un intento desesperado por reactivar el consumo local.<\/p>\n<p data-path-to-node=\"12\">Sin embargo, la desconfianza crece ante el desplazamiento de la c\u00fapula del Parque Nacional Los Alerces por parte de Naci\u00f3n, una medida interpretada por muchos como una maniobra distractiva frente a la falta de recursos enviados a la zona de desastre. Mientras las autoridades discuten narrativas, los brigadistas \u2014la verdadera primera l\u00ednea de fuego\u2014 contin\u00faan arriesgando su vida en un bosque que no deja de arder.<\/p>\n","protected":false},"excerpt":{"rendered":"<p>La situaci\u00f3n en el noroeste de Chubut ha alcanzado un punto cr\u00edtico que roza lo catastr\u00f3fico. Tras semanas de combate<\/p>\n","protected":false},"author":1,"featured_media":68112,"comment_status":"closed","ping_status":"closed","sticky":false,"template":"","format":"standard","meta":{"kia_subtitle":"El avance descontrolado de las llamas amenaza con cercar la localidad rionegrina, mientras la falta de agua, el viento extremo y la ausencia de coordinaci\u00f3n nacional agravan una crisis sin precedentes.","footnotes":"","jetpack_publicize_message":"","jetpack_publicize_feature_enabled":true,"jetpack_social_post_already_shared":true,"jetpack_social_options":{"image_generator_settings":{"template":"highway","default_image_id":0,"font":"","enabled":false},"version":2}},"categories":[3,41],"tags":[],"class_list":["post-123622","post","type-post","status-publish","format-standard","has-post-thumbnail","hentry","category-actualidad","category-nacionales"],"jetpack_publicize_connections":[],"jetpack_featured_media_url":"https:\/\/laurbedigital.com.ar\/noticias\/wp-content\/uploads\/2022\/01\/20220104-Incendios.jpg","_links":{"self":[{"href":"https:\/\/laurbedigital.com.ar\/noticias\/wp-json\/wp\/v2\/posts\/123622","targetHints":{"allow":["GET"]}}],"collection":[{"href":"https:\/\/laurbedigital.com.ar\/noticias\/wp-json\/wp\/v2\/posts"}],"about":[{"href":"https:\/\/laurbedigital.com.ar\/noticias\/wp-json\/wp\/v2\/types\/post"}],"author":[{"embeddable":true,"href":"https:\/\/laurbedigital.com.ar\/noticias\/wp-json\/wp\/v2\/users\/1"}],"replies":[{"embeddable":true,"href":"https:\/\/laurbedigital.com.ar\/noticias\/wp-json\/wp\/v2\/comments?post=123622"}],"version-history":[{"count":1,"href":"https:\/\/laurbedigital.com.ar\/noticias\/wp-json\/wp\/v2\/posts\/123622\/revisions"}],"predecessor-version":[{"id":123623,"href":"https:\/\/laurbedigital.com.ar\/noticias\/wp-json\/wp\/v2\/posts\/123622\/revisions\/123623"}],"wp:featuredmedia":[{"embeddable":true,"href":"https:\/\/laurbedigital.com.ar\/noticias\/wp-json\/wp\/v2\/media\/68112"}],"wp:attachment":[{"href":"https:\/\/laurbedigital.com.ar\/noticias\/wp-json\/wp\/v2\/media?parent=123622"}],"wp:term":[{"taxonomy":"category","embeddable":true,"href":"https:\/\/laurbedigital.com.ar\/noticias\/wp-json\/wp\/v2\/categories?post=123622"},{"taxonomy":"post_tag","embeddable":true,"href":"https:\/\/laurbedigital.com.ar\/noticias\/wp-json\/wp\/v2\/tags?post=123622"}],"curies":[{"name":"wp","href":"https:\/\/api.w.org\/{rel}","templated":true}]}}