{"id":123620,"date":"2026-01-26T01:21:58","date_gmt":"2026-01-26T04:21:58","guid":{"rendered":"https:\/\/laurbedigital.com.ar\/noticias\/?p=123620"},"modified":"2026-01-26T01:21:58","modified_gmt":"2026-01-26T04:21:58","slug":"crisis-industrial-el-15-de-las-empresas-reducira-personal-en-2026","status":"publish","type":"post","link":"https:\/\/laurbedigital.com.ar\/noticias\/2026\/01\/26\/crisis-industrial-el-15-de-las-empresas-reducira-personal-en-2026\/","title":{"rendered":"Crisis industrial: el 15% de las empresas reducir\u00e1 personal en 2026"},"content":{"rendered":"<p data-path-to-node=\"3\">El panorama para el sector productivo argentino durante el inicio de este a\u00f1o se presenta sumamente complejo. Seg\u00fan los datos oficiales publicados recientemente por el Instituto Nacional de Estad\u00edstica y Censos (INDEC), el <b data-path-to-node=\"3\" data-index-in-node=\"223\">15% de las empresas<\/b> industriales planea reducir su dotaci\u00f3n de personal durante el primer trimestre de 2026. Esta cifra, que refleja una profundizaci\u00f3n de la crisis econ\u00f3mica, se fundamenta principalmente en la retracci\u00f3n del consumo interno y una ca\u00edda generalizada en los pedidos de producci\u00f3n, factores que est\u00e1n forzando a las compa\u00f1\u00edas a adoptar estrategias de supervivencia basadas en el ajuste estructural.<\/p>\n<h4 data-path-to-node=\"4\">El consumo interno como principal obst\u00e1culo<\/h4>\n<p data-path-to-node=\"5\">La insuficiencia de la demanda en el mercado local se ha consolidado como el freno m\u00e1s significativo para la actividad fabril. De acuerdo con el relevamiento, un <b data-path-to-node=\"5\" data-index-in-node=\"162\">52,3% de las firmas consultadas<\/b> identific\u00f3 la debilidad del mercado interno como el obst\u00e1culo principal para elevar sus niveles de fabricaci\u00f3n. Esta situaci\u00f3n no es aislada, sino que forma parte de un ciclo recesivo que parece haberse instalado en el n\u00facleo del entramado productivo nacional.<\/p>\n<p data-path-to-node=\"6\">La percepci\u00f3n de los empresarios es mayoritariamente pesimista: m\u00e1s de la mitad de las industrias (un 54,1%) report\u00f3 que su cartera de pedidos se encuentra actualmente por debajo de los niveles considerados normales. En contraste, apenas un 3,6% de los establecimientos ha percibido un incremento en sus solicitudes de suministro. Este desequilibrio evidencia que la industria est\u00e1 operando con una capacidad ociosa creciente y m\u00e1rgenes de rentabilidad que se estrechan mes a mes.<\/p>\n<h4 data-path-to-node=\"7\">Ajuste de horas y empleo: el impacto en el trabajador<\/h4>\n<p data-path-to-node=\"8\">El recorte no se limita exclusivamente a las desvinculaciones. El informe del INDEC destaca que el ajuste de costos es multidimensional. Adem\u00e1s del <b data-path-to-node=\"8\" data-index-in-node=\"148\">15% de las empresas<\/b> que reducir\u00e1 personal de forma directa, un <b data-path-to-node=\"8\" data-index-in-node=\"211\">20% de las industrias<\/b> tiene previsto recortar la cantidad de horas trabajadas durante el primer trimestre de 2026. Esta reducci\u00f3n de la jornada laboral funciona, en muchos casos, como el paso previo a la cesant\u00eda o como una medida paliativa para evitar cierres definitivos.<\/p>\n<p data-path-to-node=\"9\">La cautela extrema predomina en la toma de decisiones corporativas. La estrategia defensiva de las empresas se traduce en una contenci\u00f3n de gastos que impacta directamente en el bolsillo de los trabajadores y en la estabilidad laboral del sector privado. Mientras la mayor\u00eda de las firmas intenta mantener sus estructuras sin cambios, el sesgo hacia la baja es mucho m\u00e1s pronunciado que cualquier expectativa de contrataci\u00f3n, la cual se mantiene en niveles m\u00ednimos hist\u00f3ricos.<\/p>\n<h4 data-path-to-node=\"10\">Factores externos y competencia importada<\/h4>\n<p data-path-to-node=\"11\">Si bien el colapso del consumo dom\u00e9stico es el protagonista de esta crisis, existen otros elementos que complican la ecuaci\u00f3n para los industriales argentinos. Un <b data-path-to-node=\"11\" data-index-in-node=\"163\">11,4% de los encuestados<\/b> manifest\u00f3 su preocupaci\u00f3n por la competencia de productos importados, un factor que presiona sobre los precios locales y desplaza a la producci\u00f3n nacional en las g\u00f3ndolas.<\/p>\n<p data-path-to-node=\"12\">Asimismo, la incertidumbre econ\u00f3mica global y la demanda externa insuficiente \u2014citada por el 6% de las empresas\u2014 terminan de configurar un escenario de \u00abtormenta perfecta\u00bb. No obstante, los especialistas coinciden en que, sin una recuperaci\u00f3n del poder adquisitivo local, cualquier alivio en el frente externo ser\u00e1 insuficiente para revertir la tendencia negativa que atraviesa el sector.<\/p>\n<h4 data-path-to-node=\"13\">Perspectivas para el primer trimestre de 2026<\/h4>\n<p data-path-to-node=\"14\">Las proyecciones para los meses venideros no ofrecen se\u00f1ales claras de alivio. Casi tres de cada diez empresas anticipan que los pedidos internos continuar\u00e1n en descenso, mientras que la gran mayor\u00eda apuesta a una estabilidad en niveles bajos. La falta de incentivos a la inversi\u00f3n y la ausencia de brotes verdes en los indicadores de consumo sugieren que la industria continuar\u00e1 operando bajo una modalidad de \u00abm\u00ednima producci\u00f3n\u00bb.<\/p>\n<p data-path-to-node=\"15\">Este escenario de enfriamiento econ\u00f3mico prolongado no solo afecta la capacidad productiva instalada, sino que tambi\u00e9n pone en riesgo el capital humano especializado del sector industrial. La resiliencia de las PyMEs y grandes empresas se ve puesta a prueba en un contexto donde la incertidumbre es la \u00fanica constante y la recuperaci\u00f3n parece postergarse indefinidamente.<\/p>\n","protected":false},"excerpt":{"rendered":"<p>El panorama para el sector productivo argentino durante el inicio de este a\u00f1o se presenta sumamente complejo. Seg\u00fan los datos<\/p>\n","protected":false},"author":1,"featured_media":86535,"comment_status":"closed","ping_status":"closed","sticky":false,"template":"","format":"standard","meta":{"kia_subtitle":"El \u00faltimo informe del INDEC revela una alarmante ca\u00edda en la demanda interna y la cartera de pedidos, obligando al sector manufacturero a implementar severos recortes operativos y laborales.","footnotes":"","jetpack_publicize_message":"","jetpack_publicize_feature_enabled":true,"jetpack_social_post_already_shared":true,"jetpack_social_options":{"image_generator_settings":{"template":"highway","default_image_id":0,"font":"","enabled":false},"version":2}},"categories":[3,41],"tags":[],"class_list":["post-123620","post","type-post","status-publish","format-standard","has-post-thumbnail","hentry","category-actualidad","category-nacionales"],"jetpack_publicize_connections":[],"jetpack_featured_media_url":"https:\/\/laurbedigital.com.ar\/noticias\/wp-content\/uploads\/2022\/12\/20221226-Industria.jpg","_links":{"self":[{"href":"https:\/\/laurbedigital.com.ar\/noticias\/wp-json\/wp\/v2\/posts\/123620","targetHints":{"allow":["GET"]}}],"collection":[{"href":"https:\/\/laurbedigital.com.ar\/noticias\/wp-json\/wp\/v2\/posts"}],"about":[{"href":"https:\/\/laurbedigital.com.ar\/noticias\/wp-json\/wp\/v2\/types\/post"}],"author":[{"embeddable":true,"href":"https:\/\/laurbedigital.com.ar\/noticias\/wp-json\/wp\/v2\/users\/1"}],"replies":[{"embeddable":true,"href":"https:\/\/laurbedigital.com.ar\/noticias\/wp-json\/wp\/v2\/comments?post=123620"}],"version-history":[{"count":1,"href":"https:\/\/laurbedigital.com.ar\/noticias\/wp-json\/wp\/v2\/posts\/123620\/revisions"}],"predecessor-version":[{"id":123621,"href":"https:\/\/laurbedigital.com.ar\/noticias\/wp-json\/wp\/v2\/posts\/123620\/revisions\/123621"}],"wp:featuredmedia":[{"embeddable":true,"href":"https:\/\/laurbedigital.com.ar\/noticias\/wp-json\/wp\/v2\/media\/86535"}],"wp:attachment":[{"href":"https:\/\/laurbedigital.com.ar\/noticias\/wp-json\/wp\/v2\/media?parent=123620"}],"wp:term":[{"taxonomy":"category","embeddable":true,"href":"https:\/\/laurbedigital.com.ar\/noticias\/wp-json\/wp\/v2\/categories?post=123620"},{"taxonomy":"post_tag","embeddable":true,"href":"https:\/\/laurbedigital.com.ar\/noticias\/wp-json\/wp\/v2\/tags?post=123620"}],"curies":[{"name":"wp","href":"https:\/\/api.w.org\/{rel}","templated":true}]}}