{"id":123617,"date":"2026-01-26T00:53:58","date_gmt":"2026-01-26T03:53:58","guid":{"rendered":"https:\/\/laurbedigital.com.ar\/noticias\/?p=123617"},"modified":"2026-01-26T00:54:36","modified_gmt":"2026-01-26T03:54:36","slug":"26-de-enero-es-el-dia-mundial-de-la-educacion-ambiental-3","status":"publish","type":"post","link":"https:\/\/laurbedigital.com.ar\/noticias\/2026\/01\/26\/26-de-enero-es-el-dia-mundial-de-la-educacion-ambiental-3\/","title":{"rendered":"26 de Enero: es el D\u00eda Mundial de la Educaci\u00f3n Ambiental"},"content":{"rendered":"<p>El\u00a0<strong>D\u00eda Mundial de la Educaci\u00f3n Ambiental\u00a0<\/strong>se celebra el 26 de enero porque esa misma jornada se estableci\u00f3 la Declaraci\u00f3n de Estocolmo, en 1972 (en la Conferencia sobre el Medioambiente Humano, organizada por las Naciones Unidas).<\/p>\n<p>As\u00ed fue como se estableci\u00f3 la Educaci\u00f3n Ambiental como una prioridad. Tres a\u00f1os m\u00e1s tarde se firm\u00f3 un acuerdo entre pa\u00edses \u2013<strong>\u00a0la Carta de Belgrado: un marco general para la educaci\u00f3n ambiental- donde se determinaron metas ambientales, y objetivos, metas y principios de su educaci\u00f3n.<\/strong><\/p>\n<p>Se cree que el origen del\u00a0<strong>D\u00eda Mundial de la Educaci\u00f3n Ambiental tuvo lugar cuando se celebr\u00f3 el Seminario Internacional de Educaci\u00f3n Ambiental en la ciudad de Belgrado, entre el 13 y 22 de octubre de 1975<\/strong>. All\u00ed se conform\u00f3 la Carta de Belgrado.<\/p>\n<p data-sourcepos=\"11:1-11:50\"><strong>\u00bfPor qu\u00e9 es importante la educaci\u00f3n ambiental?<\/strong><\/p>\n<p data-sourcepos=\"13:1-13:135\">La educaci\u00f3n ambiental es fundamental para que las personas comprendan los problemas ambientales y adopten comportamientos sostenibles.<\/p>\n<p data-sourcepos=\"15:1-15:71\">A trav\u00e9s de la educaci\u00f3n ambiental, las personas pueden aprender sobre:<\/p>\n<ul data-sourcepos=\"17:1-20:0\">\n<li data-sourcepos=\"17:1-17:41\">Los recursos naturales y su importancia<\/li>\n<li data-sourcepos=\"18:1-18:101\">Los problemas ambientales, como el cambio clim\u00e1tico, la contaminaci\u00f3n y la p\u00e9rdida de biodiversidad<\/li>\n<li data-sourcepos=\"19:1-20:0\">Las soluciones para abordar estos problemas<\/li>\n<\/ul>\n<p data-sourcepos=\"21:1-21:61\"><strong>\u00bfQu\u00e9 se hace en el D\u00eda Mundial de la Educaci\u00f3n Ambiental?<\/strong><\/p>\n<p data-sourcepos=\"23:1-23:111\">En todo el mundo se realizan diversas actividades para celebrar el D\u00eda Mundial de la Educaci\u00f3n Ambiental, como:<\/p>\n<ul data-sourcepos=\"25:1-29:0\">\n<li data-sourcepos=\"25:1-25:29\">Campa\u00f1as de sensibilizaci\u00f3n<\/li>\n<li data-sourcepos=\"26:1-26:14\">Conferencias<\/li>\n<li data-sourcepos=\"27:1-27:21\">Talleres educativos<\/li>\n<li data-sourcepos=\"28:1-29:0\">Festivales<\/li>\n<\/ul>\n<p data-sourcepos=\"30:1-30:79\"><strong>\u00bfQu\u00e9 se puede hacer para celebrar el D\u00eda Mundial de la Educaci\u00f3n Ambiental?<\/strong><\/p>\n<p data-sourcepos=\"32:1-32:98\">Hay muchas cosas que se pueden hacer para celebrar el D\u00eda Mundial de la Educaci\u00f3n Ambiental, como:<\/p>\n<ul data-sourcepos=\"34:1-37:0\">\n<li data-sourcepos=\"34:1-34:44\">Informarse sobre los problemas ambientales<\/li>\n<li data-sourcepos=\"35:1-35:76\">Adoptar comportamientos sostenibles en el hogar, el trabajo y la comunidad<\/li>\n<li data-sourcepos=\"36:1-37:0\">Compartir informaci\u00f3n sobre la educaci\u00f3n ambiental con otros<\/li>\n<\/ul>\n<p data-sourcepos=\"38:1-38:166\"><strong>El D\u00eda Mundial de la Educaci\u00f3n Ambiental es una oportunidad para reflexionar sobre la importancia de la educaci\u00f3n ambiental para la protecci\u00f3n del medio ambiente.<\/strong><\/p>\n","protected":false},"excerpt":{"rendered":"<p>El\u00a0D\u00eda Mundial de la Educaci\u00f3n Ambiental\u00a0se celebra el 26 de enero porque esa misma jornada se estableci\u00f3 la Declaraci\u00f3n de<\/p>\n","protected":false},"author":1,"featured_media":69512,"comment_status":"closed","ping_status":"closed","sticky":false,"template":"","format":"standard","meta":{"kia_subtitle":"Esta fecha tiene como fin remarcar la importancia de la educaci\u00f3n como generadora de conciencia sobre el cuidado del ambiente.","footnotes":"","jetpack_publicize_message":"","jetpack_publicize_feature_enabled":true,"jetpack_social_post_already_shared":true,"jetpack_social_options":{"image_generator_settings":{"template":"highway","default_image_id":0,"font":"","enabled":false},"version":2}},"categories":[5,2594],"tags":[],"class_list":["post-123617","post","type-post","status-publish","format-standard","has-post-thumbnail","hentry","category-cultura","category-efemerides"],"jetpack_publicize_connections":[],"jetpack_featured_media_url":"https:\/\/laurbedigital.com.ar\/noticias\/wp-content\/uploads\/2022\/01\/20220126-Educacion-Ambiental-1.jpg","_links":{"self":[{"href":"https:\/\/laurbedigital.com.ar\/noticias\/wp-json\/wp\/v2\/posts\/123617","targetHints":{"allow":["GET"]}}],"collection":[{"href":"https:\/\/laurbedigital.com.ar\/noticias\/wp-json\/wp\/v2\/posts"}],"about":[{"href":"https:\/\/laurbedigital.com.ar\/noticias\/wp-json\/wp\/v2\/types\/post"}],"author":[{"embeddable":true,"href":"https:\/\/laurbedigital.com.ar\/noticias\/wp-json\/wp\/v2\/users\/1"}],"replies":[{"embeddable":true,"href":"https:\/\/laurbedigital.com.ar\/noticias\/wp-json\/wp\/v2\/comments?post=123617"}],"version-history":[{"count":2,"href":"https:\/\/laurbedigital.com.ar\/noticias\/wp-json\/wp\/v2\/posts\/123617\/revisions"}],"predecessor-version":[{"id":123619,"href":"https:\/\/laurbedigital.com.ar\/noticias\/wp-json\/wp\/v2\/posts\/123617\/revisions\/123619"}],"wp:featuredmedia":[{"embeddable":true,"href":"https:\/\/laurbedigital.com.ar\/noticias\/wp-json\/wp\/v2\/media\/69512"}],"wp:attachment":[{"href":"https:\/\/laurbedigital.com.ar\/noticias\/wp-json\/wp\/v2\/media?parent=123617"}],"wp:term":[{"taxonomy":"category","embeddable":true,"href":"https:\/\/laurbedigital.com.ar\/noticias\/wp-json\/wp\/v2\/categories?post=123617"},{"taxonomy":"post_tag","embeddable":true,"href":"https:\/\/laurbedigital.com.ar\/noticias\/wp-json\/wp\/v2\/tags?post=123617"}],"curies":[{"name":"wp","href":"https:\/\/api.w.org\/{rel}","templated":true}]}}