{"id":123592,"date":"2026-01-24T17:50:17","date_gmt":"2026-01-24T20:50:17","guid":{"rendered":"https:\/\/laurbedigital.com.ar\/noticias\/?p=123592"},"modified":"2026-01-24T17:50:42","modified_gmt":"2026-01-24T20:50:42","slug":"alimentos-carnes-y-verduras-impulsan-los-precios-en-la-tercera-semana-de-enero","status":"publish","type":"post","link":"https:\/\/laurbedigital.com.ar\/noticias\/2026\/01\/24\/alimentos-carnes-y-verduras-impulsan-los-precios-en-la-tercera-semana-de-enero\/","title":{"rendered":"Alimentos: carnes y verduras impulsan los precios en la tercera semana de enero"},"content":{"rendered":"<p data-path-to-node=\"3\">La din\u00e1mica de precios en la tercera semana de enero ha encendido se\u00f1ales mixtas para los consumidores argentinos. Seg\u00fan los \u00faltimos relevamientos privados, el rubro de <b data-path-to-node=\"3\" data-index-in-node=\"169\">alimentos y bebidas<\/b> registr\u00f3 una variaci\u00f3n promedio del <b data-path-to-node=\"3\" data-index-in-node=\"225\">0,2%<\/b> semanal. Si bien la cifra global parece contenida, el an\u00e1lisis pormenorizado revela una presi\u00f3n creciente en los productos de mayor peso relativo en la mesa familiar: la carne y las verduras.<\/p>\n<p data-path-to-node=\"4\">Este comportamiento ocurre en un contexto donde el costo de vida sigue siendo el principal condicionante para un consumo interno ya debilitado. La estabilidad del promedio general se debe, en gran medida, a una marcada heterogeneidad en las g\u00f3ndolas, donde algunos productos b\u00e1sicos registraron ca\u00eddas que compensaron, al menos estad\u00edsticamente, las subas de los frescos.<\/p>\n<h4 data-path-to-node=\"5\">El peso de los frescos: carnes y verduras al alza<\/h4>\n<p data-path-to-node=\"6\">El informe sectorial destaca que las <b data-path-to-node=\"6\" data-index-in-node=\"37\">verduras<\/b> lideraron el ranking de aumentos con una suba superior al <b data-path-to-node=\"6\" data-index-in-node=\"104\">3%<\/b> en apenas siete d\u00edas. Por su parte, las <b data-path-to-node=\"6\" data-index-in-node=\"147\">carnes<\/b> \u2014el componente m\u00e1s sensible de la dieta local\u2014 mostraron un avance cercano al <b data-path-to-node=\"6\" data-index-in-node=\"232\">2,5%<\/b>.<\/p>\n<p data-path-to-node=\"7\">Estos dos rubros no solo son los que m\u00e1s subieron, sino que son los que presentan mayor \u00abdifusi\u00f3n\u00bb en la canasta b\u00e1sica. El hecho de que la carne retome una senda alcista preocupa especialmente a los analistas, dado que su impacto en el \u00edndice de precios al consumidor (IPC) suele ser determinante para las expectativas inflacionarias del mes.<\/p>\n<h4 data-path-to-node=\"8\">Rubros que amortiguan: la baja en secos y l\u00e1cteos<\/h4>\n<p data-path-to-node=\"9\">En el otro extremo de la balanza, se detectaron retrocesos significativos que evitaron que la inflaci\u00f3n semanal se disparara:<\/p>\n<ul data-path-to-node=\"10\">\n<li>\n<p data-path-to-node=\"10,0,0\"><b data-path-to-node=\"10,0,0\" data-index-in-node=\"0\">Panificados, cereales y pastas:<\/b> Registraron ca\u00eddas superiores al <b data-path-to-node=\"10,0,0\" data-index-in-node=\"65\">4%<\/b>.<\/p>\n<\/li>\n<li>\n<p data-path-to-node=\"10,1,0\"><b data-path-to-node=\"10,1,0\" data-index-in-node=\"0\">L\u00e1cteos y bebidas:<\/b> Tambi\u00e9n mostraron descensos moderados tras los fuertes ajustes de diciembre.<\/p>\n<\/li>\n<\/ul>\n<p data-path-to-node=\"11\">Estas bajas permitieron que, por primera vez en cinco meses, la inflaci\u00f3n mensual promedio de alimentos se mantuviera por debajo del <b data-path-to-node=\"11\" data-index-in-node=\"133\">1%<\/b> (espec\u00edficamente un <b data-path-to-node=\"11\" data-index-in-node=\"156\">0,9%<\/b> en el acumulado de las \u00faltimas cuatro semanas). Sin embargo, los expertos advierten que esta mejora es \u00abfr\u00e1gil\u00bb, ya que depende de rubros vol\u00e1tiles que pueden revertir su tendencia ante cualquier shock de oferta o variaciones estacionales.<\/p>\n<h4 data-path-to-node=\"12\">Dispersi\u00f3n de precios y se\u00f1ales de alerta<\/h4>\n<p data-path-to-node=\"13\">Un dato que surge con fuerza del relevamiento es el aumento en la dispersi\u00f3n de precios. No hay una trayectoria uniforme; por el contrario, se observan valores extremos en distintos puntos de venta.<\/p>\n<p data-path-to-node=\"14\">Adem\u00e1s, un indicador clave para anticipar el futuro cercano es el porcentaje de productos con aumentos: esta semana alcanz\u00f3 el <b data-path-to-node=\"14\" data-index-in-node=\"127\">15%<\/b> de la canasta, tres puntos porcentuales por encima de la semana anterior. Este incremento en la \u00abdifusi\u00f3n\u00bb de las subas sugiere que la presi\u00f3n inflacionaria, lejos de disiparse, est\u00e1 buscando nuevos canales de expansi\u00f3n dentro de los productos industrializados y el consumo masivo.<\/p>\n","protected":false},"excerpt":{"rendered":"<p>La din\u00e1mica de precios en la tercera semana de enero ha encendido se\u00f1ales mixtas para los consumidores argentinos. Seg\u00fan los<\/p>\n","protected":false},"author":1,"featured_media":70510,"comment_status":"closed","ping_status":"closed","sticky":false,"template":"","format":"standard","meta":{"kia_subtitle":"A pesar de una suba promedio moderada del 0,2%, el incremento en productos frescos esenciales tensiona la canasta b\u00e1sica, mientras que las bajas en panificados y l\u00e1cteos act\u00faan como un contrapeso temporal.","footnotes":"","jetpack_publicize_message":"","jetpack_publicize_feature_enabled":true,"jetpack_social_post_already_shared":true,"jetpack_social_options":{"image_generator_settings":{"template":"highway","default_image_id":0,"font":"","enabled":false},"version":2}},"categories":[3,41],"tags":[],"class_list":["post-123592","post","type-post","status-publish","format-standard","has-post-thumbnail","hentry","category-actualidad","category-nacionales"],"jetpack_publicize_connections":[],"jetpack_featured_media_url":"https:\/\/laurbedigital.com.ar\/noticias\/wp-content\/uploads\/2022\/02\/20220213-alimentos.jpg","_links":{"self":[{"href":"https:\/\/laurbedigital.com.ar\/noticias\/wp-json\/wp\/v2\/posts\/123592","targetHints":{"allow":["GET"]}}],"collection":[{"href":"https:\/\/laurbedigital.com.ar\/noticias\/wp-json\/wp\/v2\/posts"}],"about":[{"href":"https:\/\/laurbedigital.com.ar\/noticias\/wp-json\/wp\/v2\/types\/post"}],"author":[{"embeddable":true,"href":"https:\/\/laurbedigital.com.ar\/noticias\/wp-json\/wp\/v2\/users\/1"}],"replies":[{"embeddable":true,"href":"https:\/\/laurbedigital.com.ar\/noticias\/wp-json\/wp\/v2\/comments?post=123592"}],"version-history":[{"count":2,"href":"https:\/\/laurbedigital.com.ar\/noticias\/wp-json\/wp\/v2\/posts\/123592\/revisions"}],"predecessor-version":[{"id":123594,"href":"https:\/\/laurbedigital.com.ar\/noticias\/wp-json\/wp\/v2\/posts\/123592\/revisions\/123594"}],"wp:featuredmedia":[{"embeddable":true,"href":"https:\/\/laurbedigital.com.ar\/noticias\/wp-json\/wp\/v2\/media\/70510"}],"wp:attachment":[{"href":"https:\/\/laurbedigital.com.ar\/noticias\/wp-json\/wp\/v2\/media?parent=123592"}],"wp:term":[{"taxonomy":"category","embeddable":true,"href":"https:\/\/laurbedigital.com.ar\/noticias\/wp-json\/wp\/v2\/categories?post=123592"},{"taxonomy":"post_tag","embeddable":true,"href":"https:\/\/laurbedigital.com.ar\/noticias\/wp-json\/wp\/v2\/tags?post=123592"}],"curies":[{"name":"wp","href":"https:\/\/api.w.org\/{rel}","templated":true}]}}