{"id":123586,"date":"2026-01-24T17:43:54","date_gmt":"2026-01-24T20:43:54","guid":{"rendered":"https:\/\/laurbedigital.com.ar\/noticias\/?p=123586"},"modified":"2026-01-24T17:43:54","modified_gmt":"2026-01-24T20:43:54","slug":"crisis-en-la-industria-frigorifica-despidos-y-paralisis-en-santa-fe-y-la-pampa","status":"publish","type":"post","link":"https:\/\/laurbedigital.com.ar\/noticias\/2026\/01\/24\/crisis-en-la-industria-frigorifica-despidos-y-paralisis-en-santa-fe-y-la-pampa\/","title":{"rendered":"Crisis en la industria frigor\u00edfica: despidos y par\u00e1lisis en Santa Fe y La Pampa"},"content":{"rendered":"<p data-path-to-node=\"3\">La <b data-path-to-node=\"3\" data-index-in-node=\"3\">industria frigor\u00edfica<\/b> argentina se encuentra en un punto de inflexi\u00f3n cr\u00edtico, asediada por una combinaci\u00f3n de factores internos y externos que amenazan su sostenibilidad. El desplome del consumo interno, sumado a un escenario financiero asfixiante, ha derivado en una ola de suspensiones, despidos y deudas salariales que golpean con especial dureza a las provincias de Santa Fe y La Pampa. Lo que comenz\u00f3 como una desaceleraci\u00f3n productiva se ha transformado en una crisis social que mantiene a cientos de familias en vilo frente a plantas paralizadas.<\/p>\n<h4 data-path-to-node=\"4\">El foco del conflicto en Santa Fe: ocupaci\u00f3n en Villa Gobernador G\u00e1lvez<\/h4>\n<p data-path-to-node=\"5\">Uno de los epicentros de la tensi\u00f3n laboral se sit\u00faa en el frigor\u00edfico Euro, en la localidad santafesina de Villa Gobernador G\u00e1lvez. All\u00ed, la desesperaci\u00f3n ha llevado a medidas de fuerza extremas. Los operarios acumulan m\u00e1s de 90 d\u00edas sin percibir sus haberes, una situaci\u00f3n que los propietarios de la firma no han logrado subsanar ni explicar con claridad.<\/p>\n<p data-path-to-node=\"6\">Ante la falta de respuestas y el temor fundado a un cierre definitivo que los deje en la calle, 13 trabajadores, acompa\u00f1ados por sus familias, decidieron instalarse dentro de las instalaciones. Esta ocupaci\u00f3n no solo busca la visibilizaci\u00f3n del conflicto, sino que act\u00faa como una medida de resguardo de los activos de la planta para garantizar el cobro de las indemnizaciones en caso de que la quiebra sea irreversible.<\/p>\n<h4 data-path-to-node=\"7\">La Pampa: deudas millonarias y el futuro del frigor\u00edfico Pico<\/h4>\n<p data-path-to-node=\"8\">En la provincia de La Pampa, el panorama es igualmente sombr\u00edo. El frigor\u00edfico local de Bernasconi ya ha avanzado con desvinculaciones, depositando sus \u00faltimas esperanzas en la posible llegada de capitales chinos para una reactivaci\u00f3n. Sin embargo, el caso del frigor\u00edfico Pico, en la localidad de Trenel, es el que mejor ilustra la magnitud del descalabro financiero.<\/p>\n<p data-path-to-node=\"9\">Bajo la direcci\u00f3n del empresario Ernesto \u201cTito\u201d Lowenstein, la planta ha suspendido a 450 empleados. El intendente local, Horacio Lorenzo, confirm\u00f3 que la empresa arrastra una deuda superior a los 9.000 millones de pesos y se encuentra bajo un seguimiento estricto por parte del Banco de La Pampa. El impacto en la econom\u00eda regional es directo: el parate de la actividad frigor\u00edfica congela el flujo comercial de la zona y sobrecarga la demanda de asistencia social en municipios que no cuentan con recursos para contener la ca\u00edda.<\/p>\n<h4 data-path-to-node=\"10\">Expectativas de reactivaci\u00f3n y posibles ventas<\/h4>\n<p data-path-to-node=\"11\">A pesar de la par\u00e1lisis, existe una peque\u00f1a luz de esperanza centrada en la infraestructura. La planta de Trenel cuenta con tecnolog\u00eda de punta, con procesos robotizados en empaquetamiento y desposte, lo que la convierte en un activo atractivo para otros jugadores del sector. En los \u00faltimos d\u00edas, han cobrado fuerza las versiones sobre una posible venta o alquiler al Frigor\u00edfico Gorina, una operaci\u00f3n que, de concretarse, permitir\u00eda retomar las faenas en febrero.<\/p>\n<p data-path-to-node=\"12\">Actualmente, la empresa ha otorgado licencias por tiempo indeterminado, abonando apenas una fracci\u00f3n del salario ($500.000) y realizando entregas semanales de carne. Para las autoridades municipales, estos montos son meramente paliativos que apenas cubren servicios b\u00e1sicos, dejando a los trabajadores en una situaci\u00f3n de \u00abvulnerabilidad extrema\u00bb.<\/p>\n<h4 data-path-to-node=\"13\">Un sector bajo presi\u00f3n estructural<\/h4>\n<p data-path-to-node=\"14\">La crisis de la <b data-path-to-node=\"14\" data-index-in-node=\"16\">industria frigor\u00edfica<\/b> no es un hecho aislado, sino la consecuencia de una ca\u00edda persistente en el poder adquisitivo que ha retra\u00eddo el consumo de carne a niveles hist\u00f3ricos. A esto se le suma un mercado internacional inestable y costos operativos al alza que los frigor\u00edficos, especialmente los medianos, no pueden trasladar a precios sin perder competitividad.<\/p>\n<p data-path-to-node=\"15\">El futuro inmediato de miles de familias depende de una estabilizaci\u00f3n macroecon\u00f3mica que hoy parece lejana. Mientras tanto, las econom\u00edas regionales de Santa Fe y La Pampa sufren el goteo constante de puestos de trabajo en un sector que es, tradicionalmente, el motor de sus comunidades.<\/p>\n","protected":false},"excerpt":{"rendered":"<p>La industria frigor\u00edfica argentina se encuentra en un punto de inflexi\u00f3n cr\u00edtico, asediada por una combinaci\u00f3n de factores internos y<\/p>\n","protected":false},"author":1,"featured_media":53249,"comment_status":"closed","ping_status":"closed","sticky":false,"template":"","format":"standard","meta":{"kia_subtitle":"La industria frigor\u00edfica argentina atraviesa una crisis profunda por la ca\u00edda del consumo y deudas millonarias, provocando cierres de plantas, suspensiones masivas y una creciente incertidumbre laboral en provincias clave.","footnotes":"","jetpack_publicize_message":"","jetpack_publicize_feature_enabled":true,"jetpack_social_post_already_shared":true,"jetpack_social_options":{"image_generator_settings":{"template":"highway","default_image_id":0,"font":"","enabled":false},"version":2}},"categories":[3,41],"tags":[],"class_list":["post-123586","post","type-post","status-publish","format-standard","has-post-thumbnail","hentry","category-actualidad","category-nacionales"],"jetpack_publicize_connections":[],"jetpack_featured_media_url":"https:\/\/laurbedigital.com.ar\/noticias\/wp-content\/uploads\/2021\/05\/202100517-carne.jpg","_links":{"self":[{"href":"https:\/\/laurbedigital.com.ar\/noticias\/wp-json\/wp\/v2\/posts\/123586","targetHints":{"allow":["GET"]}}],"collection":[{"href":"https:\/\/laurbedigital.com.ar\/noticias\/wp-json\/wp\/v2\/posts"}],"about":[{"href":"https:\/\/laurbedigital.com.ar\/noticias\/wp-json\/wp\/v2\/types\/post"}],"author":[{"embeddable":true,"href":"https:\/\/laurbedigital.com.ar\/noticias\/wp-json\/wp\/v2\/users\/1"}],"replies":[{"embeddable":true,"href":"https:\/\/laurbedigital.com.ar\/noticias\/wp-json\/wp\/v2\/comments?post=123586"}],"version-history":[{"count":2,"href":"https:\/\/laurbedigital.com.ar\/noticias\/wp-json\/wp\/v2\/posts\/123586\/revisions"}],"predecessor-version":[{"id":123588,"href":"https:\/\/laurbedigital.com.ar\/noticias\/wp-json\/wp\/v2\/posts\/123586\/revisions\/123588"}],"wp:featuredmedia":[{"embeddable":true,"href":"https:\/\/laurbedigital.com.ar\/noticias\/wp-json\/wp\/v2\/media\/53249"}],"wp:attachment":[{"href":"https:\/\/laurbedigital.com.ar\/noticias\/wp-json\/wp\/v2\/media?parent=123586"}],"wp:term":[{"taxonomy":"category","embeddable":true,"href":"https:\/\/laurbedigital.com.ar\/noticias\/wp-json\/wp\/v2\/categories?post=123586"},{"taxonomy":"post_tag","embeddable":true,"href":"https:\/\/laurbedigital.com.ar\/noticias\/wp-json\/wp\/v2\/tags?post=123586"}],"curies":[{"name":"wp","href":"https:\/\/api.w.org\/{rel}","templated":true}]}}