{"id":12343,"date":"2018-03-27T09:31:59","date_gmt":"2018-03-27T12:31:59","guid":{"rendered":"http:\/\/laurbedigital.com.ar\/noticias\/?p=12343"},"modified":"2018-03-27T09:31:59","modified_gmt":"2018-03-27T12:31:59","slug":"la-uca-advierte-se-ampliara-la-brecha-desigualdad","status":"publish","type":"post","link":"https:\/\/laurbedigital.com.ar\/noticias\/2018\/03\/27\/la-uca-advierte-se-ampliara-la-brecha-desigualdad\/","title":{"rendered":"La UCA advierte que se ampliar\u00e1 la brecha de desigualdad"},"content":{"rendered":"<p>El director de la Universidad Cat\u00f3lica Argentina, Agust\u00edn Salvia, quien est\u00e1 a cargo del Observatorio de la Deuda Social de la casa de estudios, anticip\u00f3 que\u00a0en 2018 \u201cla pobreza subir\u00e1\u201d y \u201chabr\u00e1 una mayor brecha de desigualdad\u201d.<\/p>\n<p>\u201cPuede haber mayor dinamismo en el sector m\u00e1s exportador, en los sectores m\u00e1s concentrados, y rezago en los sectores de consumo interno. Y eso marcar\u00e1 una mayor brecha de desigualdad. Esto estuvo ocurriendo en 2016\/2017, y seguramente va a ocurrir en 2018\u201d, sentenci\u00f3 Agust\u00edn Salvia en una entrevista con Sub\u00ed la Radio, por Radio Rivadavia.<\/p>\n<p>En esa misma l\u00ednea, el tambi\u00e9n investigador del Conicet asegur\u00f3 que \u201cnada vislumbra que va a haber un cambio cualitativo en este a\u00f1o para mejorar\u201d, tal como pretende exhibir el gobierno de Mauricio Macri.<\/p>\n<p>\u201cLas inversiones est\u00e1n rezagadas. El mercado interno est\u00e1 rezagado. Por lo tanto nada vislumbra que va a haber un cambio cualitativo en este a\u00f1o para mejorar\u201d, coment\u00f3, aunque tambi\u00e9n agreg\u00f3 que \u201cnada muestra que se vaya a agravar en forma explosiva\u201d. Vale destacar que los informes que emit\u00eda el Observatorio de la Deuda Social de la UCA eran referencia del macrismo hasta diciembre de 2015. A partir de entonces, el Gobierno tom\u00f3 como faro los documentos del INDEC, que exhibieron cifras de pobreza e indigencia en sinton\u00eda con sus deseos.<\/p>\n","protected":false},"excerpt":{"rendered":"<p>El director de la Universidad Cat\u00f3lica Argentina, Agust\u00edn Salvia, quien est\u00e1 a cargo del Observatorio de la Deuda Social de<\/p>\n","protected":false},"author":1,"featured_media":12344,"comment_status":"closed","ping_status":"closed","sticky":false,"template":"","format":"standard","meta":{"kia_subtitle":"","footnotes":"","jetpack_publicize_message":"","jetpack_publicize_feature_enabled":true,"jetpack_social_post_already_shared":true,"jetpack_social_options":{"image_generator_settings":{"template":"highway","default_image_id":0,"font":"","enabled":false},"version":2}},"categories":[3],"tags":[],"class_list":["post-12343","post","type-post","status-publish","format-standard","has-post-thumbnail","hentry","category-actualidad"],"jetpack_publicize_connections":[],"jetpack_featured_media_url":"https:\/\/laurbedigital.com.ar\/noticias\/wp-content\/uploads\/2018\/03\/20180327-00nac1.jpg","_links":{"self":[{"href":"https:\/\/laurbedigital.com.ar\/noticias\/wp-json\/wp\/v2\/posts\/12343","targetHints":{"allow":["GET"]}}],"collection":[{"href":"https:\/\/laurbedigital.com.ar\/noticias\/wp-json\/wp\/v2\/posts"}],"about":[{"href":"https:\/\/laurbedigital.com.ar\/noticias\/wp-json\/wp\/v2\/types\/post"}],"author":[{"embeddable":true,"href":"https:\/\/laurbedigital.com.ar\/noticias\/wp-json\/wp\/v2\/users\/1"}],"replies":[{"embeddable":true,"href":"https:\/\/laurbedigital.com.ar\/noticias\/wp-json\/wp\/v2\/comments?post=12343"}],"version-history":[{"count":1,"href":"https:\/\/laurbedigital.com.ar\/noticias\/wp-json\/wp\/v2\/posts\/12343\/revisions"}],"predecessor-version":[{"id":12345,"href":"https:\/\/laurbedigital.com.ar\/noticias\/wp-json\/wp\/v2\/posts\/12343\/revisions\/12345"}],"wp:featuredmedia":[{"embeddable":true,"href":"https:\/\/laurbedigital.com.ar\/noticias\/wp-json\/wp\/v2\/media\/12344"}],"wp:attachment":[{"href":"https:\/\/laurbedigital.com.ar\/noticias\/wp-json\/wp\/v2\/media?parent=12343"}],"wp:term":[{"taxonomy":"category","embeddable":true,"href":"https:\/\/laurbedigital.com.ar\/noticias\/wp-json\/wp\/v2\/categories?post=12343"},{"taxonomy":"post_tag","embeddable":true,"href":"https:\/\/laurbedigital.com.ar\/noticias\/wp-json\/wp\/v2\/tags?post=12343"}],"curies":[{"name":"wp","href":"https:\/\/api.w.org\/{rel}","templated":true}]}}