{"id":12308,"date":"2018-03-25T21:15:20","date_gmt":"2018-03-26T00:15:20","guid":{"rendered":"http:\/\/laurbedigital.com.ar\/noticias\/?p=12308"},"modified":"2018-03-25T21:15:20","modified_gmt":"2018-03-26T00:15:20","slug":"carpa-los-gremios-bonaerenses-del-ajuste-vidal","status":"publish","type":"post","link":"https:\/\/laurbedigital.com.ar\/noticias\/2018\/03\/25\/carpa-los-gremios-bonaerenses-del-ajuste-vidal\/","title":{"rendered":"Carpa de los gremios bonaerenses en contra del ajuste de Vidal"},"content":{"rendered":"<p>Seis gremios bonaerenses se unen en una Carpa que instalar\u00e1n en La Plata, en la Plaza San Mart\u00edn frente a la gobernaci\u00f3n bonaerense para reclamarle a Mar\u00eda Eugenia Vidal, que \u201cel ajuste no pase por la clase trabajadora y los sectores m\u00e1s vulnerables\u201d.<\/p>\n<p>La FEB, SUTEBA, UDOCBA, AJB, CICOP y ATE, ser\u00e1n parte de una iniciativa conjunta que el d\u00eda martes desde las 8.00 de la ma\u00f1ana abrir\u00e1 la jornada con una conferencia de prensa, en base a tres premisas fundamentales, \u201cparitarias sin techo, no al 15 por ciento; en defensa del IOMA y el IPS y mayor presupuesto en educaci\u00f3n, salud, ni\u00f1ez, y justicia\u201d.<\/p>\n<p>Posteriormente se llevar\u00e1 a cabo un primer panel que versar\u00e1 sobre \u201cseguridad social \u2013 IOMA e IPS\u201d; un segundo panel sobre \u201cinfraestructura y presupuesto\u201d y alrededor de las 13.00 se estar\u00e1 cerrando la actividad.<\/p>\n<p>Posteriormente algunos de los gremios se sumar\u00e1n a una movilizaci\u00f3n en repudio del traspaso de los centros de formaci\u00f3n profesional a la \u00f3rbita del Ministerio de Trabajo.<\/p>\n","protected":false},"excerpt":{"rendered":"<p>Seis gremios bonaerenses se unen en una Carpa que instalar\u00e1n en La Plata, en la Plaza San Mart\u00edn frente a<\/p>\n","protected":false},"author":1,"featured_media":12309,"comment_status":"closed","ping_status":"closed","sticky":false,"template":"","format":"standard","meta":{"kia_subtitle":"","footnotes":"","jetpack_publicize_message":"","jetpack_publicize_feature_enabled":true,"jetpack_social_post_already_shared":true,"jetpack_social_options":{"image_generator_settings":{"template":"highway","default_image_id":0,"font":"","enabled":false},"version":2}},"categories":[3,56,39],"tags":[],"class_list":["post-12308","post","type-post","status-publish","format-standard","has-post-thumbnail","hentry","category-actualidad","category-buenos-aires","category-gremios"],"jetpack_publicize_connections":[],"jetpack_featured_media_url":"https:\/\/laurbedigital.com.ar\/noticias\/wp-content\/uploads\/2018\/03\/20180325-pcia.jpg","_links":{"self":[{"href":"https:\/\/laurbedigital.com.ar\/noticias\/wp-json\/wp\/v2\/posts\/12308","targetHints":{"allow":["GET"]}}],"collection":[{"href":"https:\/\/laurbedigital.com.ar\/noticias\/wp-json\/wp\/v2\/posts"}],"about":[{"href":"https:\/\/laurbedigital.com.ar\/noticias\/wp-json\/wp\/v2\/types\/post"}],"author":[{"embeddable":true,"href":"https:\/\/laurbedigital.com.ar\/noticias\/wp-json\/wp\/v2\/users\/1"}],"replies":[{"embeddable":true,"href":"https:\/\/laurbedigital.com.ar\/noticias\/wp-json\/wp\/v2\/comments?post=12308"}],"version-history":[{"count":1,"href":"https:\/\/laurbedigital.com.ar\/noticias\/wp-json\/wp\/v2\/posts\/12308\/revisions"}],"predecessor-version":[{"id":12310,"href":"https:\/\/laurbedigital.com.ar\/noticias\/wp-json\/wp\/v2\/posts\/12308\/revisions\/12310"}],"wp:featuredmedia":[{"embeddable":true,"href":"https:\/\/laurbedigital.com.ar\/noticias\/wp-json\/wp\/v2\/media\/12309"}],"wp:attachment":[{"href":"https:\/\/laurbedigital.com.ar\/noticias\/wp-json\/wp\/v2\/media?parent=12308"}],"wp:term":[{"taxonomy":"category","embeddable":true,"href":"https:\/\/laurbedigital.com.ar\/noticias\/wp-json\/wp\/v2\/categories?post=12308"},{"taxonomy":"post_tag","embeddable":true,"href":"https:\/\/laurbedigital.com.ar\/noticias\/wp-json\/wp\/v2\/tags?post=12308"}],"curies":[{"name":"wp","href":"https:\/\/api.w.org\/{rel}","templated":true}]}}