{"id":122534,"date":"2025-12-17T01:39:30","date_gmt":"2025-12-17T04:39:30","guid":{"rendered":"https:\/\/laurbedigital.com.ar\/noticias\/?p=122534"},"modified":"2025-12-17T01:39:30","modified_gmt":"2025-12-17T04:39:30","slug":"desindustrializacion-en-argentina-el-duro-impacto-en-las-empresas-y-el-empleo","status":"publish","type":"post","link":"https:\/\/laurbedigital.com.ar\/noticias\/2025\/12\/17\/desindustrializacion-en-argentina-el-duro-impacto-en-las-empresas-y-el-empleo\/","title":{"rendered":"Desindustrializaci\u00f3n en Argentina: El duro impacto en las empresas y el empleo"},"content":{"rendered":"<p data-path-to-node=\"3\">n un contexto de recesi\u00f3n econ\u00f3mica, con efecto inmediato en el conjunto de las Peque\u00f1as y Medianas Empresas (PyMEs) nacionales, se vuelve imperioso conocer la actualidad de las empresas industriales en el pa\u00eds, uno de los sectores donde recae mayormente el peso del ajuste. Si a esto se suma el combo de la apertura importadora, el presente se vuelve sinuoso y la <b>desindustrializaci\u00f3n en Argentina<\/b> se profundiza.<\/p>\n<p data-path-to-node=\"4\">Repasando la historia, Argentina atraviesa hace tiempo un fuerte proceso de desindustrializaci\u00f3n que lleva a\u00f1os erosionando la cadena de valor productiva. Si bien este sector acompa\u00f1a los periodos de crecimiento, en \u00e9pocas de crisis es el que siente el doble las consecuencias de pol\u00edticas que, seg\u00fan analistas, est\u00e1n orientadas a sostener el <i>status quo<\/i> del poder concentrado, a costa de desproteger el principal motor del desarrollo nacional: la industria.<\/p>\n<h4 data-path-to-node=\"5\">Las cifras detr\u00e1s del desplome industrial<\/h4>\n<p data-path-to-node=\"6\">Para ilustrar esta grave realidad, los n\u00fameros son contundentes. El total de empresas manufactureras pas\u00f3 de <b>125.849 en 1973 a solo 36.345 en 2019<\/b>. A su vez, la mano de obra industrial, en el mismo periodo analizado, se redujo de <span class=\"math-inline\" data-math=\"1.523.869\">$1.523.869$<\/span> a <span class=\"math-inline\" data-math=\"1.006.700\">$1.006.700$<\/span> empleados.<\/p>\n<p data-path-to-node=\"7\">Aunque hubo una leve recuperaci\u00f3n en la mano de obra industrial respecto a las cifras de 2003, impulsada por los periodos de gobierno de N\u00e9stor Kirchner y Cristina Fern\u00e1ndez, el declive estructural es innegable.<\/p>\n<p data-path-to-node=\"8\">Otros datos clave que se desprenden del an\u00e1lisis pormenorizado y grafican la debilidad de la base productiva argentina:<\/p>\n<ul data-path-to-node=\"9\">\n<li>\n<p data-path-to-node=\"9,0,0\"><b>Composici\u00f3n Empresarial:<\/b> El <span class=\"math-inline\" data-math=\"86\\%\">$86\\%$<\/span> de las unidades son cuentapropistas, y solo el <span class=\"math-inline\" data-math=\"14\\%\">$14\\%$<\/span> son empresas y organizaciones de la sociedad civil. De este \u00faltimo porcentaje, el <span class=\"math-inline\" data-math=\"12,5\\%\">$12,5\\%$<\/span> son \u201cestablecimientos productivos\u201d formales.<\/p>\n<\/li>\n<li>\n<p data-path-to-node=\"9,1,0\"><b>Estructura Productiva:<\/b> La relaci\u00f3n entre la producci\u00f3n de servicios (reales y financieros) y de bienes (agricultura, manufactura, construcci\u00f3n y miner\u00eda) es de <span class=\"math-inline\" data-math=\"72,90\\%\">$72,90\\%$<\/span> y <span class=\"math-inline\" data-math=\"27,1\\%\">$27,1\\%$<\/span> respectivamente, un claro predominio de los servicios sobre los sectores productores de bienes.<\/p>\n<\/li>\n<li>\n<p data-path-to-node=\"9,2,0\"><b>Concentraci\u00f3n Laboral:<\/b> Solo 3.500 firmas (<span class=\"math-inline\" data-math=\"1\\%\">$1\\%$<\/span> del total de empresas) generan <span class=\"math-inline\" data-math=\"2.290.076\">$2.290.076$<\/span> puestos de trabajo (<span class=\"math-inline\" data-math=\"44\\%\">$44\\%$<\/span> del total del mercado laboral), evidenciando una alta concentraci\u00f3n de la capacidad empleadora.<\/p>\n<\/li>\n<li>\n<p data-path-to-node=\"9,3,0\"><b>Inversi\u00f3n en I+D:<\/b> El nivel de Investigaci\u00f3n y Desarrollo (I+D) llega a solo el <span class=\"math-inline\" data-math=\"5,3\\%\">$5,3\\%$<\/span> de las empresas, una cifra muy baja que obstaculiza la innovaci\u00f3n y la competitividad.<\/p>\n<\/li>\n<\/ul>\n<h4 data-path-to-node=\"10\">Causas estructurales de la desindustrializaci\u00f3n en Argentina<\/h4>\n<p data-path-to-node=\"11\">La Argentina padece los efectos de una econom\u00eda vol\u00e1til, con periodos de expansi\u00f3n que no se sostienen y derivan en crisis m\u00e1s profundas con estancamiento y deterioro social. A ello se suman contextos de alta incertidumbre, baja calidad institucional e inflaci\u00f3n insostenible.<\/p>\n<p data-path-to-node=\"12\">Sin embargo, el factor m\u00e1s determinante para el derrumbe industrial es la <b>ausencia de una visi\u00f3n de desarrollo nacional a largo plazo<\/b>. Esto se traduce en:<\/p>\n<ul data-path-to-node=\"13\">\n<li>\n<p data-path-to-node=\"13,0,0\"><b>Inestabilidad en la Base Empresarial:<\/b> Falta de una din\u00e1mica de cambio estructural que permita fortalecer la base empresarial, generar inversiones sostenidas e innovar.<\/p>\n<\/li>\n<li>\n<p data-path-to-node=\"13,1,0\"><b>Escasa Inversi\u00f3n y Competitividad:<\/b> La ca\u00edda de gastos en investigaci\u00f3n y desarrollo y el deterioro educativo determinan la p\u00e9rdida de la productividad, profundizando la baja participaci\u00f3n argentina en el plano internacional.<\/p>\n<\/li>\n<li>\n<p data-path-to-node=\"13,2,0\"><b>Reducci\u00f3n de la Base:<\/b> La inestabilidad ha tra\u00eddo aparejada la <b>reducci\u00f3n significativa de la base empresarial<\/b> y la consecuente ca\u00edda del empleo privado formal.<\/p>\n<\/li>\n<\/ul>\n<p data-path-to-node=\"14\">El <b>cierre de empresas industriales<\/b> es un fen\u00f3meno diario que se acent\u00faa ahora con la apertura importadora promovida por el gobierno. Esta apertura complica la competencia de las PyMEs nacionales, erosionando la producci\u00f3n local y destruyendo puestos de trabajo, lo que acelera el proceso de <b>desindustrializaci\u00f3n en Argentina<\/b>.<\/p>\n<h4 data-path-to-node=\"15\">El \u00fanico camino: Valor agregado e industria<\/h4>\n<p data-path-to-node=\"16\">La conclusi\u00f3n de este an\u00e1lisis es que el \u00fanico camino viable para generar riqueza genuina en una comunidad, propiciar la acumulaci\u00f3n de capital y dinamizar los entramados comerciales, de servicios y los sectores primarios es mediante la incorporaci\u00f3n de valor agregado a las materias primas a trav\u00e9s de la industria.<\/p>\n<p data-path-to-node=\"17\">Recuperar las bases hist\u00f3ricas de Argentina, su esencia productiva y manufacturera, es la clave para salir del estancamiento y revertir la tendencia actual de desindustrializaci\u00f3n. Sin un sector industrial fuerte, la posibilidad de crecimiento sostenible y empleo de calidad se reduce dr\u00e1sticamente.<\/p>\n","protected":false},"excerpt":{"rendered":"<p>n un contexto de recesi\u00f3n econ\u00f3mica, con efecto inmediato en el conjunto de las Peque\u00f1as y Medianas Empresas (PyMEs) nacionales,<\/p>\n","protected":false},"author":1,"featured_media":122519,"comment_status":"closed","ping_status":"closed","sticky":false,"template":"","format":"standard","meta":{"kia_subtitle":"El retroceso en la cadena de valor productiva es notorio, con impacto en la cantidad y calidad de empleo. Ausencia de visi\u00f3n de desarrollo, escasas inversiones, baja participaci\u00f3n internacional y econom\u00eda vol\u00e1til son algunas de las causas de este desplome que se acent\u00faa con el actual modelo de ajuste libertario y la apertura importadora.","footnotes":"","jetpack_publicize_message":"","jetpack_publicize_feature_enabled":true,"jetpack_social_post_already_shared":true,"jetpack_social_options":{"image_generator_settings":{"template":"highway","default_image_id":0,"font":"","enabled":false},"version":2}},"categories":[3,41],"tags":[],"class_list":["post-122534","post","type-post","status-publish","format-standard","has-post-thumbnail","hentry","category-actualidad","category-nacionales"],"jetpack_publicize_connections":[],"jetpack_featured_media_url":"https:\/\/laurbedigital.com.ar\/noticias\/wp-content\/uploads\/2025\/12\/20251217-desindustrializacion.jpg","_links":{"self":[{"href":"https:\/\/laurbedigital.com.ar\/noticias\/wp-json\/wp\/v2\/posts\/122534","targetHints":{"allow":["GET"]}}],"collection":[{"href":"https:\/\/laurbedigital.com.ar\/noticias\/wp-json\/wp\/v2\/posts"}],"about":[{"href":"https:\/\/laurbedigital.com.ar\/noticias\/wp-json\/wp\/v2\/types\/post"}],"author":[{"embeddable":true,"href":"https:\/\/laurbedigital.com.ar\/noticias\/wp-json\/wp\/v2\/users\/1"}],"replies":[{"embeddable":true,"href":"https:\/\/laurbedigital.com.ar\/noticias\/wp-json\/wp\/v2\/comments?post=122534"}],"version-history":[{"count":2,"href":"https:\/\/laurbedigital.com.ar\/noticias\/wp-json\/wp\/v2\/posts\/122534\/revisions"}],"predecessor-version":[{"id":122536,"href":"https:\/\/laurbedigital.com.ar\/noticias\/wp-json\/wp\/v2\/posts\/122534\/revisions\/122536"}],"wp:featuredmedia":[{"embeddable":true,"href":"https:\/\/laurbedigital.com.ar\/noticias\/wp-json\/wp\/v2\/media\/122519"}],"wp:attachment":[{"href":"https:\/\/laurbedigital.com.ar\/noticias\/wp-json\/wp\/v2\/media?parent=122534"}],"wp:term":[{"taxonomy":"category","embeddable":true,"href":"https:\/\/laurbedigital.com.ar\/noticias\/wp-json\/wp\/v2\/categories?post=122534"},{"taxonomy":"post_tag","embeddable":true,"href":"https:\/\/laurbedigital.com.ar\/noticias\/wp-json\/wp\/v2\/tags?post=122534"}],"curies":[{"name":"wp","href":"https:\/\/api.w.org\/{rel}","templated":true}]}}