{"id":122531,"date":"2025-12-17T01:38:05","date_gmt":"2025-12-17T04:38:05","guid":{"rendered":"https:\/\/laurbedigital.com.ar\/noticias\/?p=122531"},"modified":"2025-12-17T01:38:05","modified_gmt":"2025-12-17T04:38:05","slug":"baja-salarial-la-principal-preocupacion-de-los-argentinos-mas-alla-de-la-inflacion","status":"publish","type":"post","link":"https:\/\/laurbedigital.com.ar\/noticias\/2025\/12\/17\/baja-salarial-la-principal-preocupacion-de-los-argentinos-mas-alla-de-la-inflacion\/","title":{"rendered":"Baja salarial: La principal preocupaci\u00f3n de los argentinos, m\u00e1s all\u00e1 de la inflaci\u00f3n"},"content":{"rendered":"<p data-path-to-node=\"3\">La estabilidad pol\u00edtica y cambiaria que dej\u00f3 el triunfo electoral del oficialismo el 26 de octubre de 2025 aparece cada vez m\u00e1s asediada por un problema que ya es transversal a todas las estad\u00edsticas oficiales: la p\u00e9rdida del poder adquisitivo. Hoy, la cuesti\u00f3n de los <b>bajos ingresos<\/b> lidera en las encuestas como la principal preocupaci\u00f3n de los argentinos, superando incluso a la inflaci\u00f3n en ciertos segmentos.<\/p>\n<p data-path-to-node=\"4\">En pleno debate de una reforma a la legislaci\u00f3n laboral impulsada por el Gobierno de Javier Milei, con la que se promete mejorar y ampliar el mundo del trabajo, los datos sugieren que la prioridad de los trabajadores no son las regulaciones, sino la recomposici\u00f3n salarial, tal como indican las \u00faltimas mediciones del INDEC y diversas consultoras privadas.<\/p>\n<h4 data-path-to-node=\"5\">La preocupaci\u00f3n salarial es transversal a la sociedad<\/h4>\n<p data-path-to-node=\"6\">Seg\u00fan el \u00faltimo estudio de la consultora <b>Proyecci\u00f3n<\/b>, de Santiago Giorgetta, la problem\u00e1tica de los <b>bajos ingresos<\/b> es la principal preocupaci\u00f3n en todos los segmentos sociales, revelando un malestar transversal que estructura la lectura social de la crisis. El estudio fue realizado durante los primeros siete d\u00edas de diciembre entre 1.769 personas encuestadas <i>online<\/i>, con un margen de error del <span class=\"math-inline\" data-math=\"2,33\\%\">$2,33\\%$<\/span>.<\/p>\n<p data-path-to-node=\"7\">Al analizar los cortes por edad, ingresos, g\u00e9nero y tipo de empleo, se repite al tope de las preocupaciones la cuesti\u00f3n salarial:<\/p>\n<ul data-path-to-node=\"8\">\n<li>\n<p data-path-to-node=\"8,0,0\"><b>G\u00e9nero:<\/b> Hombres y mujeres coinciden en que los <b>bajos ingresos<\/b> (50%) y la inseguridad (40%) son los principales problemas. La inflaci\u00f3n es la tercera preocupaci\u00f3n entre mujeres (34%), mientras que la corrupci\u00f3n pol\u00edtica es la tercera entre los varones (40%).<\/p>\n<\/li>\n<li>\n<p data-path-to-node=\"8,1,0\"><b>Edad:<\/b> J\u00f3venes y adultos coinciden en que los ingresos (49% y 54% respectivamente) son el principal problema del pa\u00eds. Solo en adultos mayores predomina la corrupci\u00f3n (50%), aunque los ingresos siguen siendo una preocupaci\u00f3n alta (46%). La preocupaci\u00f3n por la inseguridad aumenta con la edad.<\/p>\n<\/li>\n<li>\n<p data-path-to-node=\"8,2,0\"><b>Regi\u00f3n y Empleo:<\/b> Los <b>bajos ingresos<\/b> fueron mencionados como el principal problema en todas las regiones del pa\u00eds, en todos los niveles educativos y en todos los segmentos de empleo. Una particularidad destacada es que los <b>trabajadores formales<\/b> son quienes m\u00e1s mencionan el deterioro salarial como una preocupaci\u00f3n prioritaria.<\/p>\n<\/li>\n<\/ul>\n<p data-path-to-node=\"9\">Esta \u00faltima observaci\u00f3n es crucial, ya que al sumar la p\u00e9rdida de poder adquisitivo a los posibles efectos de la reforma laboral \u2014que el Gobierno busca aplicar sobre el sector formal\u2014, las decisiones respecto al mundo del trabajo parecen orientadas a la precarizaci\u00f3n o destrucci\u00f3n del valor salarial.<\/p>\n<h4 data-path-to-node=\"10\">Endeudamiento y la paradoja de la expectativa<\/h4>\n<p data-path-to-node=\"11\">En consonancia con la preocupaci\u00f3n por los <b>bajos ingresos<\/b>, el informe de Proyecci\u00f3n revela un alto nivel de endeudamiento y necesidad de financiaci\u00f3n entre los hogares. El <span class=\"math-inline\" data-math=\"57,8\\%\">$57,8\\%$<\/span> de los encuestados afirm\u00f3 haber tenido que pedir dinero prestado el \u00faltimo mes para cubrir gastos corrientes, recurriendo principalmente a familiares, amigos o utilizando la tarjeta de cr\u00e9dito en cuotas o pagando el m\u00ednimo.<\/p>\n<p data-path-to-node=\"12\">Esta realidad se refuerza con el informe <i>\u00abSocial Mood\u00bb<\/i> de la consultora <b>Moiguer<\/b>, de Fernando Moiguer, que arroja resultados similares:<\/p>\n<ul data-path-to-node=\"13\">\n<li>\n<p data-path-to-node=\"13,0,0\">El <span class=\"math-inline\" data-math=\"62\\%\">$62\\%$<\/span> de los encuestados tuvo que reducir gastos de su presupuesto cotidiano en el \u00faltimo mes.<\/p>\n<\/li>\n<li>\n<p data-path-to-node=\"13,1,0\">El <span class=\"math-inline\" data-math=\"50\\%\">$50\\%$<\/span> declara quedarse sin dinero antes de terminar el mes.<\/p>\n<\/li>\n<li>\n<p data-path-to-node=\"13,2,0\">El <span class=\"math-inline\" data-math=\"57\\%\">$57\\%$<\/span> de los hogares se encuentran endeudados.<\/p>\n<\/li>\n<\/ul>\n<p data-path-to-node=\"14\">A pesar de este panorama de ingresos insuficientes y alto endeudamiento, existe una <b>paradoja de la expectativa<\/b>. Si bien la percepci\u00f3n de la situaci\u00f3n econ\u00f3mica actual es mayoritariamente negativa (<span class=\"math-inline\" data-math=\"-63,7\\%\">$-63,7\\%$<\/span>), las expectativas respecto de la situaci\u00f3n del gobierno de Javier Milei son en mayor medida positivas (<span class=\"math-inline\" data-math=\"+45,9\\%\">$+45,9\\%$<\/span>).<\/p>\n<p data-path-to-node=\"15\">El informe de Moiguer subraya esta \u00abrecesi\u00f3n con esperanza\u00bb: el <span class=\"math-inline\" data-math=\"53\\%\">$53\\%$<\/span> de los encuestados espera que durante el 2026 se expanda su capacidad de compra. Esta ilusi\u00f3n se sostiene en la creencia de que el gobierno comenzar\u00e1 a mostrar resultados econ\u00f3micos tangibles en los pr\u00f3ximos meses.<\/p>\n<p data-path-to-node=\"16\">Las mayores esperanzas se concentran en segmentos espec\u00edficos: varones, j\u00f3venes, personas que viven en el centro del pa\u00eds, trabajadores independientes, usuarios de medicina prepaga, evang\u00e9licos practicantes, personas con hogares econ\u00f3micamente consolidados, y, previsiblemente, los votantes de La Libertad Avanza. El \u00cdndice de Confianza P\u00fablica, de hecho, se ubica por encima de su punto medio, mostrando una buena <i>performance<\/i> para el gobierno nacional.<\/p>\n<p data-path-to-node=\"17\">En conclusi\u00f3n, la sociedad argentina se encuentra en un punto cr\u00edtico donde el poder adquisitivo se ha convertido en el problema econ\u00f3mico primordial, forzando al endeudamiento. Sin embargo, esta crisis de <b>bajos ingresos<\/b> coexiste con un optimismo selectivo en el futuro inmediato, un fen\u00f3meno psicol\u00f3gico y pol\u00edtico que sostiene al gobierno en medio de un ajuste econ\u00f3mico severo.<\/p>\n","protected":false},"excerpt":{"rendered":"<p>La estabilidad pol\u00edtica y cambiaria que dej\u00f3 el triunfo electoral del oficialismo el 26 de octubre de 2025 aparece cada<\/p>\n","protected":false},"author":1,"featured_media":122522,"comment_status":"closed","ping_status":"closed","sticky":false,"template":"","format":"standard","meta":{"kia_subtitle":"La estabilidad pol\u00edtica y cambiaria post 26-O est\u00e1 asediada por un problema que muestran todas las estad\u00edsticas oficiales y que lidera en las encuestas como principal preocupaci\u00f3n: los bajos ingresos. En pleno debate de la reforma laboral, los trabajadores advierten que el problema no son las leyes sino los salarios.","footnotes":"","jetpack_publicize_message":"","jetpack_publicize_feature_enabled":true,"jetpack_social_post_already_shared":true,"jetpack_social_options":{"image_generator_settings":{"template":"highway","default_image_id":0,"font":"","enabled":false},"version":2}},"categories":[3,41],"tags":[],"class_list":["post-122531","post","type-post","status-publish","format-standard","has-post-thumbnail","hentry","category-actualidad","category-nacionales"],"jetpack_publicize_connections":[],"jetpack_featured_media_url":"https:\/\/laurbedigital.com.ar\/noticias\/wp-content\/uploads\/2025\/12\/20251217-Preocupacion.jpg","_links":{"self":[{"href":"https:\/\/laurbedigital.com.ar\/noticias\/wp-json\/wp\/v2\/posts\/122531","targetHints":{"allow":["GET"]}}],"collection":[{"href":"https:\/\/laurbedigital.com.ar\/noticias\/wp-json\/wp\/v2\/posts"}],"about":[{"href":"https:\/\/laurbedigital.com.ar\/noticias\/wp-json\/wp\/v2\/types\/post"}],"author":[{"embeddable":true,"href":"https:\/\/laurbedigital.com.ar\/noticias\/wp-json\/wp\/v2\/users\/1"}],"replies":[{"embeddable":true,"href":"https:\/\/laurbedigital.com.ar\/noticias\/wp-json\/wp\/v2\/comments?post=122531"}],"version-history":[{"count":2,"href":"https:\/\/laurbedigital.com.ar\/noticias\/wp-json\/wp\/v2\/posts\/122531\/revisions"}],"predecessor-version":[{"id":122533,"href":"https:\/\/laurbedigital.com.ar\/noticias\/wp-json\/wp\/v2\/posts\/122531\/revisions\/122533"}],"wp:featuredmedia":[{"embeddable":true,"href":"https:\/\/laurbedigital.com.ar\/noticias\/wp-json\/wp\/v2\/media\/122522"}],"wp:attachment":[{"href":"https:\/\/laurbedigital.com.ar\/noticias\/wp-json\/wp\/v2\/media?parent=122531"}],"wp:term":[{"taxonomy":"category","embeddable":true,"href":"https:\/\/laurbedigital.com.ar\/noticias\/wp-json\/wp\/v2\/categories?post=122531"},{"taxonomy":"post_tag","embeddable":true,"href":"https:\/\/laurbedigital.com.ar\/noticias\/wp-json\/wp\/v2\/tags?post=122531"}],"curies":[{"name":"wp","href":"https:\/\/api.w.org\/{rel}","templated":true}]}}