{"id":122528,"date":"2025-12-17T01:36:41","date_gmt":"2025-12-17T04:36:41","guid":{"rendered":"https:\/\/laurbedigital.com.ar\/noticias\/?p=122528"},"modified":"2025-12-17T01:36:41","modified_gmt":"2025-12-17T04:36:41","slug":"la-inversion-extranjera-en-argentina-alcanza-el-peor-momento-en-22-anos","status":"publish","type":"post","link":"https:\/\/laurbedigital.com.ar\/noticias\/2025\/12\/17\/la-inversion-extranjera-en-argentina-alcanza-el-peor-momento-en-22-anos\/","title":{"rendered":"La inversi\u00f3n extranjera en Argentina alcanza el peor momento en 22 a\u00f1os"},"content":{"rendered":"<p data-path-to-node=\"3\">La inversi\u00f3n se desplom\u00f3 6% en el tercer trimestre de 2025, encadenando el segundo per\u00edodo consecutivo a la baja, de acuerdo con las \u00faltimas cifras publicadas por el INDEC. Este balance coincide con un dato demoledor que surge de la base de datos del Banco Central (BCRA): <b>por primera vez en 22 a\u00f1os, la inversi\u00f3n extranjera directa (IED) en Argentina muestra un resultado negativo<\/b>. Ambos reportes indican un deterioro en la Formaci\u00f3n Bruta de Capital Fijo (FBCF) y una profunda desconfianza de los capitales externos en la econom\u00eda argentina durante el primer a\u00f1o del Gobierno de Javier Milei.<\/p>\n<p data-path-to-node=\"4\">El concepto de Formaci\u00f3n Bruta de Capital Fijo (FBCF) se refiere a la inversi\u00f3n total en bienes duraderos (como maquinaria, edificios, y equipo de transporte) por parte de los productores para incrementar su capacidad productiva. Es un indicador clave para medir el crecimiento econ\u00f3mico y la acumulaci\u00f3n de capital en un pa\u00eds.<\/p>\n<h4 data-path-to-node=\"5\">El quiebre: IED en negativo despu\u00e9s de dos d\u00e9cadas<\/h4>\n<p data-path-to-node=\"6\">El dato m\u00e1s alarmante surge de la balanza de Inversi\u00f3n Extranjera Directa. Por primera vez desde 2003, la <b>inversi\u00f3n extranjera directa<\/b> (IED) se encuentra en rojo. Entre enero y noviembre de 2025, la salida neta de capitales alcanz\u00f3 los <b>U$S 1.521 millones<\/b>, seg\u00fan cifras del BCRA.<\/p>\n<p data-path-to-node=\"7\">Este dato representa un quiebre respecto de la evoluci\u00f3n hist\u00f3rica reciente, ya que en los a\u00f1os anteriores la IED hab\u00eda mantenido un saldo positivo. Por ejemplo, el flujo anual promedi\u00f3 USD 3.235 millones entre 2016 y 2019. Sin embargo, ese flujo se redujo significativamente entre 2020 y 2023, con un promedio de USD 953 millones. La tendencia descendente se profundiz\u00f3 en 2025, consolidando una reversi\u00f3n en el movimiento de capitales y reflejando una p\u00e9rdida neta de activos extranjeros en el pa\u00eds.<\/p>\n<p data-path-to-node=\"8\">La retracci\u00f3n de la inversi\u00f3n externa responde a un proceso de desinversi\u00f3n activa por parte de empresas multinacionales en sectores estrat\u00e9gicos.<\/p>\n<h5 data-path-to-node=\"9\">Sectores que lideran la desinversi\u00f3n<\/h5>\n<p data-path-to-node=\"10\">La desinversi\u00f3n por parte de capitales extranjeros se concentra en rubros clave de la econom\u00eda, con implicancias directas sobre la producci\u00f3n y el empleo:<\/p>\n<ul data-path-to-node=\"11\">\n<li>\n<p data-path-to-node=\"11,0,0\"><b>Energ\u00eda:<\/b> El rubro energ\u00e9tico figura entre los m\u00e1s golpeados. Empresas de gran envergadura como <b>ExxonMobil<\/b> y <b>Petronas<\/b> han iniciado procesos para desprenderse de activos en el yacimiento de Vaca Muerta, mientras que <b>TotalEnergies<\/b> y <b>Equinor<\/b> tambi\u00e9n evaluaron alternativas similares en la provincia de Neuqu\u00e9n.<\/p>\n<\/li>\n<li>\n<p data-path-to-node=\"11,1,0\"><b>Consumo Masivo:<\/b> <b>Procter &amp; Gamble<\/b> concret\u00f3 su salida del pa\u00eds mediante la venta de su operaci\u00f3n local al grupo argentino Newsan, un movimiento que ilustra la reducci\u00f3n de la presencia de multinacionales en el mercado interno.<\/p>\n<\/li>\n<li>\n<p data-path-to-node=\"11,2,0\"><b>Telecomunicaciones:<\/b> <b>Telef\u00f3nica de Espa\u00f1a<\/b> transfiri\u00f3 su filial argentina a Telecom Argentina por U$S 1.245 millones, formando parte de un proceso m\u00e1s amplio de retiro de capital extranjero del sector de servicios.<\/p>\n<\/li>\n<\/ul>\n<p data-path-to-node=\"12\">La reducci\u00f3n de la presencia de multinacionales y el saldo negativo registrado en la IED marcan un punto de inflexi\u00f3n. La p\u00e9rdida de activos y capitales es un s\u00edntoma de la incertidumbre macroecon\u00f3mica y regulatoria que atraviesa el pa\u00eds.<\/p>\n<h4 data-path-to-node=\"13\">La ca\u00edda de la Formaci\u00f3n Bruta de Capital Fijo (FBCF)<\/h4>\n<p data-path-to-node=\"14\">M\u00e1s all\u00e1 de la IED, el indicador interno de inversi\u00f3n, la FBCF, tambi\u00e9n mostr\u00f3 se\u00f1ales de alerta. Durante el tercer trimestre de 2025, la Formaci\u00f3n Bruta de Capital Fijo, si bien creci\u00f3 <b>10,3%<\/b> respecto del mismo per\u00edodo del a\u00f1o anterior, registr\u00f3 una <b>ca\u00edda del 6%<\/b> frente al trimestre previo. Este descenso trimestral encadena el segundo per\u00edodo consecutivo a la baja, confirmando una retracci\u00f3n de la inversi\u00f3n dom\u00e9stica.<\/p>\n<p data-path-to-node=\"15\">El incremento interanual se explic\u00f3, principalmente, por el aumento en el rubro de maquinaria y equipo (+13,8%) y equipo de transporte (+27,7%). No obstante, al analizar los componentes, se observa una sustituci\u00f3n de producci\u00f3n nacional por importaciones:<\/p>\n<ul data-path-to-node=\"16\">\n<li>\n<p data-path-to-node=\"16,0,0\"><b>Maquinaria y Equipo:<\/b> El componente nacional descendi\u00f3 6,6%, mientras que el componente importado creci\u00f3 <b>28,9%<\/b>.<\/p>\n<\/li>\n<li>\n<p data-path-to-node=\"16,1,0\"><b>Equipo de Transporte:<\/b> El componente nacional cay\u00f3 9,2%, mientras que el importado tuvo una variaci\u00f3n espectacular del <b>164,9%<\/b>.<\/p>\n<\/li>\n<\/ul>\n<p data-path-to-node=\"17\">Esto sugiere que la inversi\u00f3n se est\u00e1 sosteniendo en bienes importados, lo que podr\u00eda generar dependencia tecnol\u00f3gica y presionar la demanda de divisas a futuro, mientras que la producci\u00f3n de capital nacional se retrae.<\/p>\n<h4 data-path-to-node=\"18\">Implicancias para las proyecciones econ\u00f3micas del 2026<\/h4>\n<p data-path-to-node=\"19\">La tendencia a la baja en la inversi\u00f3n, tanto interna como externa, arroja serias dudas sobre las perspectivas de crecimiento econ\u00f3mico que plantea el Gobierno de Milei para 2026, especialmente en relaci\u00f3n con la creaci\u00f3n de empleo formal.<\/p>\n<p data-path-to-node=\"20\">El proyecto de reforma laboral estipula la creaci\u00f3n de mecanismos, como el Fondo de Asistencia Laboral (FAL) y el R\u00e9gimen de Incentivos a la Formalizaci\u00f3n Laboral (RIFL), que busca reducir contribuciones patronales para impulsar el empleo. De acuerdo con informes, cubrir el costo fiscal del FAL (<span class=\"math-inline\" data-math=\"0,54\">$0,54$<\/span> del PBI) demandar\u00eda un aumento del empleo formal del <b>16%<\/b> respecto a los 9,6 millones de asalariados actuales, lo que implica registrar <b>1,5 millones de nuevos trabajadores<\/b> en el pr\u00f3ximo a\u00f1o.<\/p>\n<p data-path-to-node=\"21\">Alcanzar esta meta supondr\u00eda un recorte de la tasa de informalidad de casi 10 puntos (pasando de <span class=\"math-inline\" data-math=\"37,7\\%\">$37,7\\%$<\/span> a <span class=\"math-inline\" data-math=\"27,9\\%\">$27,9\\%$<\/span>). El interrogante central es si con una curva de inversiones extranjeras en rojo y la retracci\u00f3n en sectores empleadores de gran envergadura como la energ\u00eda y el consumo, estas proyecciones de creaci\u00f3n masiva de empleo son realistas. El escenario de desinversi\u00f3n actual hace que este objetivo sea, como m\u00ednimo, extremadamente dif\u00edcil de cumplir.<\/p>\n","protected":false},"excerpt":{"rendered":"<p>La inversi\u00f3n se desplom\u00f3 6% en el tercer trimestre de 2025, encadenando el segundo per\u00edodo consecutivo a la baja, de<\/p>\n","protected":false},"author":1,"featured_media":122523,"comment_status":"closed","ping_status":"closed","sticky":false,"template":"","format":"standard","meta":{"kia_subtitle":"Por primera vez desde 2003, la Inversi\u00f3n Extranjera Directa (IED) est\u00e1 en rojo. Entre enero y noviembre de 2025, la salida neta de capitales alcanz\u00f3 los U$S 1.521 millones, una tendencia que condiciona las perspectivas de crecimiento econ\u00f3mico planteadas por el Gobierno de Milei.","footnotes":"","jetpack_publicize_message":"","jetpack_publicize_feature_enabled":true,"jetpack_social_post_already_shared":true,"jetpack_social_options":{"image_generator_settings":{"template":"highway","default_image_id":0,"font":"","enabled":false},"version":2}},"categories":[3,41],"tags":[],"class_list":["post-122528","post","type-post","status-publish","format-standard","has-post-thumbnail","hentry","category-actualidad","category-nacionales"],"jetpack_publicize_connections":[],"jetpack_featured_media_url":"https:\/\/laurbedigital.com.ar\/noticias\/wp-content\/uploads\/2025\/12\/20251217-Puerto-de-Buenos-Aires.jpg","_links":{"self":[{"href":"https:\/\/laurbedigital.com.ar\/noticias\/wp-json\/wp\/v2\/posts\/122528","targetHints":{"allow":["GET"]}}],"collection":[{"href":"https:\/\/laurbedigital.com.ar\/noticias\/wp-json\/wp\/v2\/posts"}],"about":[{"href":"https:\/\/laurbedigital.com.ar\/noticias\/wp-json\/wp\/v2\/types\/post"}],"author":[{"embeddable":true,"href":"https:\/\/laurbedigital.com.ar\/noticias\/wp-json\/wp\/v2\/users\/1"}],"replies":[{"embeddable":true,"href":"https:\/\/laurbedigital.com.ar\/noticias\/wp-json\/wp\/v2\/comments?post=122528"}],"version-history":[{"count":2,"href":"https:\/\/laurbedigital.com.ar\/noticias\/wp-json\/wp\/v2\/posts\/122528\/revisions"}],"predecessor-version":[{"id":122530,"href":"https:\/\/laurbedigital.com.ar\/noticias\/wp-json\/wp\/v2\/posts\/122528\/revisions\/122530"}],"wp:featuredmedia":[{"embeddable":true,"href":"https:\/\/laurbedigital.com.ar\/noticias\/wp-json\/wp\/v2\/media\/122523"}],"wp:attachment":[{"href":"https:\/\/laurbedigital.com.ar\/noticias\/wp-json\/wp\/v2\/media?parent=122528"}],"wp:term":[{"taxonomy":"category","embeddable":true,"href":"https:\/\/laurbedigital.com.ar\/noticias\/wp-json\/wp\/v2\/categories?post=122528"},{"taxonomy":"post_tag","embeddable":true,"href":"https:\/\/laurbedigital.com.ar\/noticias\/wp-json\/wp\/v2\/tags?post=122528"}],"curies":[{"name":"wp","href":"https:\/\/api.w.org\/{rel}","templated":true}]}}