{"id":122525,"date":"2025-12-17T01:34:43","date_gmt":"2025-12-17T04:34:43","guid":{"rendered":"https:\/\/laurbedigital.com.ar\/noticias\/?p=122525"},"modified":"2025-12-17T01:49:57","modified_gmt":"2025-12-17T04:49:57","slug":"crimen-de-nora-dalmasso-el-fiscal-pide-juicio-a-barzola-por-el-hallazgo-de-adn","status":"publish","type":"post","link":"https:\/\/laurbedigital.com.ar\/noticias\/2025\/12\/17\/crimen-de-nora-dalmasso-el-fiscal-pide-juicio-a-barzola-por-el-hallazgo-de-adn\/","title":{"rendered":"Crimen de Nora Dalmasso: El fiscal pide juicio a B\u00e1rzola por el hallazgo de ADN"},"content":{"rendered":"<p data-path-to-node=\"3\">El fiscal Pablo J\u00e1vega, a cargo de la investigaci\u00f3n del <b>crimen de Nora Dalmasso<\/b> desde hace poco m\u00e1s de un a\u00f1o, anunci\u00f3 el cierre de la instrucci\u00f3n y elev\u00f3 a juicio la causa contra Roberto B\u00e1rzola, el \u00fanico imputado actualmente por el abuso sexual con acceso carnal y homicidio calificado de la mujer, ocurrido en noviembre de 2006 en el country Villa Golf de R\u00edo Cuarto. En un dictamen de casi 400 p\u00e1ginas, el fiscal acus\u00f3 formalmente al parquetista de 45 a\u00f1os, quien al momento del hecho trabajaba en la casa de la v\u00edctima, basando su decisi\u00f3n en pruebas gen\u00e9ticas cruciales y elementos de conducta.<\/p>\n<p data-path-to-node=\"4\">La decisi\u00f3n de J\u00e1vega se da en medio de una pol\u00e9mica judicial y la discusi\u00f3n sobre la prescripci\u00f3n de la causa que lleva m\u00e1s de 19 a\u00f1os sin un condenado. El fiscal defiende su avance, asegurando que la resoluci\u00f3n de la C\u00e1mara que declar\u00f3 la causa prescripta \u00abse encuentra bajo revisi\u00f3n, por lo que no est\u00e1 firme\u00bb y que el Ministerio P\u00fablico Fiscal mantiene la obligaci\u00f3n de impulsar la investigaci\u00f3n.<\/p>\n<h4 data-path-to-node=\"5\">La prueba de ADN que incrimina al imputado<\/h4>\n<p data-path-to-node=\"6\">El documento elevado por el fiscal J\u00e1vega marca como punto crucial el hallazgo de <b>ADN compatible<\/b> con el de Roberto B\u00e1rzola. Esta prueba gen\u00e9tica provino de muestras clave levantadas en la escena del crimen, un resultado que modific\u00f3 sustancialmente el curso de la causa tras a\u00f1os de investigaciones fallidas.<\/p>\n<p data-path-to-node=\"7\">Espec\u00edficamente, dos de las muestras dieron positivo en el cinto de la bata que fue utilizado como ligadura para asesinar a Nora Dalmasso. Un tercer indicio gen\u00e9tico compatible se encontr\u00f3 en un pelo levantado de la zona de la ingle de la v\u00edctima.<\/p>\n<p data-path-to-node=\"8\">Este peritaje de ADN fue ordenado luego de que el viudo, Marcelo Macarr\u00f3n, resultara absuelto en un juicio anterior, y la Justicia dispusiera la reapertura de la investigaci\u00f3n con la incorporaci\u00f3n de una perspectiva de g\u00e9nero. Fue en este contexto que el fiscal J\u00e1vega solicit\u00f3 la comparaci\u00f3n gen\u00e9tica con personas que hab\u00edan sido se\u00f1aladas u omitidas en las etapas iniciales de la pesquisa, de donde surgi\u00f3 la compatibilidad con el parquetista, ahora acusado.<\/p>\n<h4 data-path-to-node=\"9\">Los argumentos del fiscal sobre la conducta y la prescripci\u00f3n<\/h4>\n<p data-path-to-node=\"10\">Adem\u00e1s de la evidencia gen\u00e9tica, el fiscal se apoy\u00f3 en otros elementos probatorios para establecer el grado de probabilidad necesario para elevar la causa a juicio. J\u00e1vega destac\u00f3 las contradicciones que tuvo B\u00e1rzola en sus declaraciones a lo largo del tiempo, y el hecho de que \u00e9l mismo asegur\u00f3 haber estado en la casa de la v\u00edctima el d\u00eda del crimen.<\/p>\n<p data-path-to-node=\"11\">Un punto relevante que refuerza la acusaci\u00f3n es el conocimiento de los h\u00e1bitos de higiene y preservaci\u00f3n de las prendas de la familia. La investigaci\u00f3n \u00abpudo conocer los h\u00e1bitos de higiene y preservaci\u00f3n de las prendas de la familia, lo que permiti\u00f3 constatar que la bata estaba en el ba\u00f1o de la planta alta y los trabajadores s\u00f3lo ten\u00edan autorizaci\u00f3n a usar el ba\u00f1o del quincho\u00bb, lo que seg\u00fan la fiscal\u00eda, demuestra que el acusado no deb\u00eda encontrarse en el sector donde se hall\u00f3 el indicio principal.<\/p>\n<p data-path-to-node=\"12\">En cuanto a la prescripci\u00f3n, el fiscal J\u00e1vega argument\u00f3 que debe considerarse el extenso plazo en que la investigaci\u00f3n se enfoc\u00f3 err\u00f3neamente en el viudo y el hijo de la v\u00edctima (Marcelo y Facundo Macarr\u00f3n) como un \u00abintervalo que no debe ser considerado como avance temporal\u00bb para el cumplimiento del plazo judicial. Por lo tanto, el fiscal pide que se extiendan los tiempos para que el juicio pueda realizarse.<\/p>\n<h4 data-path-to-node=\"13\">El futuro judicial del caso Nora Dalmasso<\/h4>\n<p data-path-to-node=\"14\">El fiscal J\u00e1vega asegur\u00f3 en conferencia de prensa que la elevaci\u00f3n a juicio no es \u00abuna rebeli\u00f3n ni una resistencia\u201d a la resoluci\u00f3n de la C\u00e1mara sobre la prescripci\u00f3n, sino el cumplimiento de la obligaci\u00f3n de impulsar la investigaci\u00f3n mientras el fallo \u00abno est\u00e1 firme\u00bb y se encuentra bajo revisi\u00f3n del Tribunal Superior.<\/p>\n<p data-path-to-node=\"15\">Ahora, tras el dictamen del fiscal, tanto los abogados defensores de Roberto B\u00e1rzola como la querella que representa a la familia de <b>Nora Dalmasso<\/b> analizan el escrito. Se espera que la defensa del acusado presente apelaciones contra el pedido de elevaci\u00f3n a juicio. Ser\u00e1 la justicia superior quien defina si el acusado se sienta finalmente en el banquillo.<\/p>\n<p data-path-to-node=\"16\">El parquetista hab\u00eda sido se\u00f1alado por la madre de Nora Dalmasso ni bien ocurri\u00f3 el crimen, mencionado por investigadores en 2007, e incluso fue testigo en el juicio a Macarr\u00f3n en 2022, pero siempre hab\u00eda evadido la investigaci\u00f3n como imputado principal. Con este paso, el fiscal se acerca a intentar responder la pregunta que se repite la sociedad desde hace casi 20 a\u00f1os: \u00bfqui\u00e9n mat\u00f3 a Nora Dalmasso?<\/p>\n","protected":false},"excerpt":{"rendered":"<p>El fiscal Pablo J\u00e1vega, a cargo de la investigaci\u00f3n del crimen de Nora Dalmasso desde hace poco m\u00e1s de un<\/p>\n","protected":false},"author":1,"featured_media":122521,"comment_status":"closed","ping_status":"closed","sticky":false,"template":"","format":"standard","meta":{"kia_subtitle":"Se cumple un a\u00f1o de la pericia de ADN que inculp\u00f3 al parquetista y, mientras el Tribunal Superior define la prescripci\u00f3n, el fiscal Pablo J\u00e1vega pide que se lo juzgue por el abuso sexual y homicidio ocurrido en R\u00edo Cuarto en 2006.","footnotes":"","jetpack_publicize_message":"","jetpack_publicize_feature_enabled":true,"jetpack_social_post_already_shared":true,"jetpack_social_options":{"image_generator_settings":{"template":"highway","default_image_id":0,"font":"","enabled":false},"version":2}},"categories":[8],"tags":[],"class_list":["post-122525","post","type-post","status-publish","format-standard","has-post-thumbnail","hentry","category-policiales"],"jetpack_publicize_connections":[],"jetpack_featured_media_url":"https:\/\/laurbedigital.com.ar\/noticias\/wp-content\/uploads\/2025\/12\/20251217-Nora-Dalmasso.jpg","_links":{"self":[{"href":"https:\/\/laurbedigital.com.ar\/noticias\/wp-json\/wp\/v2\/posts\/122525","targetHints":{"allow":["GET"]}}],"collection":[{"href":"https:\/\/laurbedigital.com.ar\/noticias\/wp-json\/wp\/v2\/posts"}],"about":[{"href":"https:\/\/laurbedigital.com.ar\/noticias\/wp-json\/wp\/v2\/types\/post"}],"author":[{"embeddable":true,"href":"https:\/\/laurbedigital.com.ar\/noticias\/wp-json\/wp\/v2\/users\/1"}],"replies":[{"embeddable":true,"href":"https:\/\/laurbedigital.com.ar\/noticias\/wp-json\/wp\/v2\/comments?post=122525"}],"version-history":[{"count":2,"href":"https:\/\/laurbedigital.com.ar\/noticias\/wp-json\/wp\/v2\/posts\/122525\/revisions"}],"predecessor-version":[{"id":122527,"href":"https:\/\/laurbedigital.com.ar\/noticias\/wp-json\/wp\/v2\/posts\/122525\/revisions\/122527"}],"wp:featuredmedia":[{"embeddable":true,"href":"https:\/\/laurbedigital.com.ar\/noticias\/wp-json\/wp\/v2\/media\/122521"}],"wp:attachment":[{"href":"https:\/\/laurbedigital.com.ar\/noticias\/wp-json\/wp\/v2\/media?parent=122525"}],"wp:term":[{"taxonomy":"category","embeddable":true,"href":"https:\/\/laurbedigital.com.ar\/noticias\/wp-json\/wp\/v2\/categories?post=122525"},{"taxonomy":"post_tag","embeddable":true,"href":"https:\/\/laurbedigital.com.ar\/noticias\/wp-json\/wp\/v2\/tags?post=122525"}],"curies":[{"name":"wp","href":"https:\/\/api.w.org\/{rel}","templated":true}]}}