{"id":122516,"date":"2025-12-17T01:33:14","date_gmt":"2025-12-17T04:33:14","guid":{"rendered":"https:\/\/laurbedigital.com.ar\/noticias\/?p=122516"},"modified":"2025-12-17T01:33:14","modified_gmt":"2025-12-17T04:33:14","slug":"aire-acondicionado-la-funcion-auto-es-clave-para-enfriar-mas-rapido-y-ahorrar-energia","status":"publish","type":"post","link":"https:\/\/laurbedigital.com.ar\/noticias\/2025\/12\/17\/aire-acondicionado-la-funcion-auto-es-clave-para-enfriar-mas-rapido-y-ahorrar-energia\/","title":{"rendered":"Aire acondicionado: La funci\u00f3n \u2018Auto\u2019 es clave para enfriar m\u00e1s r\u00e1pido y ahorrar energ\u00eda"},"content":{"rendered":"<p data-path-to-node=\"2\">El modo Auto permite que el equipo ajuste autom\u00e1ticamente la potencia y la velocidad del ventilador seg\u00fan la temperatura real del ambiente, lo que reduce el consumo el\u00e9ctrico y evita que el motor trabaje al m\u00e1ximo de manera innecesaria.<\/p>\n<p data-path-to-node=\"3\">Con la llegada de las altas temperaturas, el <b>aire acondicionado<\/b> se consolida como uno de los electrodom\u00e9sticos m\u00e1s utilizados en los hogares. Su uso intensivo, sin embargo, suele estar acompa\u00f1ado por dudas recurrentes sobre cu\u00e1l es la configuraci\u00f3n m\u00e1s adecuada para lograr un ambiente confortable sin disparar el gasto energ\u00e9tico ni forzar el funcionamiento interno del equipo. En ese escenario, los especialistas en climatizaci\u00f3n coinciden en que no siempre las opciones m\u00e1s conocidas \u2014como el modo turbo o el eco\u2014 ofrecen los mejores resultados.<\/p>\n<p data-path-to-node=\"4\">Lejos de las configuraciones manuales m\u00e1s populares, existe una alternativa que permite enfriar el ambiente de manera m\u00e1s equilibrada y sostenida, optimizando recursos y reduciendo el desgaste del sistema: <b>el modo autom\u00e1tico (Auto)<\/b>.<\/p>\n<p data-path-to-node=\"5\">La clave radica en comprender c\u00f3mo responde el equipo frente a los cambios t\u00e9rmicos del espacio. Ajustar correctamente el modo de funcionamiento desde el inicio permite que el <b>aire acondicionado<\/b> act\u00fae de forma inteligente, adapt\u00e1ndose a las condiciones reales del ambiente y evitando esfuerzos innecesarios que impactan tanto en el consumo como en la vida \u00fatil del aparato.<\/p>\n<h4 data-path-to-node=\"6\">Por qu\u00e9 activar la funci\u00f3n Auto para optimizar el aire acondicionado<\/h4>\n<p data-path-to-node=\"7\">El <b>modo Auto<\/b> est\u00e1 dise\u00f1ado para que el propio equipo gestione de manera aut\u00f3noma la velocidad del ventilador y la potencia necesaria para alcanzar la temperatura programada. A diferencia de otras configuraciones, este sistema analiza la temperatura ambiente y ajusta su rendimiento en tiempo real, sin exigir al motor m\u00e1s de lo necesario.<\/p>\n<p data-path-to-node=\"8\">Mientras que el modo <i>turbo<\/i> lleva al equipo a trabajar al m\u00e1ximo desde el inicio, con un consumo el\u00e9ctrico elevado, y el modo <i>eco<\/i> prioriza el ahorro energ\u00e9tico a costa de un enfriamiento m\u00e1s lento, el ajuste autom\u00e1tico encuentra un punto de equilibrio. <b>Optimizar el aire acondicionado<\/b> a trav\u00e9s de este modo permite al sistema alcanzar la temperatura deseada con la menor cantidad de energ\u00eda necesaria, manteniendo la estabilidad t\u00e9rmica.<\/p>\n<p data-path-to-node=\"9\">De esta manera, se logra una sensaci\u00f3n t\u00e9rmica estable y se evitan los cambios bruscos de fr\u00edo o calor que suelen aparecer con los controles manuales.<\/p>\n<p data-path-to-node=\"10\">Adem\u00e1s, este funcionamiento progresivo permite que el <b>aire acondicionado<\/b> enfr\u00ede el ambiente de forma m\u00e1s eficiente, sin sobrecargar los componentes internos. El resultado es un rendimiento sostenido, con menor impacto en la factura de electricidad y un uso m\u00e1s racional del electrodom\u00e9stico, aumentando su vida \u00fatil.<\/p>\n<h4 data-path-to-node=\"11\">La temperatura ideal para maximizar la eficiencia<\/h4>\n<p data-path-to-node=\"12\">En cuanto a los valores ideales para <b>optimizar el aire acondicionado<\/b>, los especialistas recomiendan programar el equipo entre <span class=\"math-inline\" data-math=\"24^\\circ\">24\u00b0C<\/span> a <span class=\"math-inline\" data-math=\"26^\\circ\">26\u00b0C<\/span>\u00a0durante el verano. Este rango favorece un funcionamiento eficiente y ayuda a mantener un equilibrio entre confort t\u00e9rmico y consumo energ\u00e9tico.<\/p>\n<p data-path-to-node=\"13\">Configurar temperaturas demasiado bajas no acelera el proceso de enfriamiento. Por el contrario, obliga al motor a trabajar durante m\u00e1s tiempo a m\u00e1xima potencia, lo que incrementa el gasto el\u00e9ctrico y puede generar un desgaste prematuro del sistema.<\/p>\n<p data-path-to-node=\"14\">De acuerdo con estudios energ\u00e9ticos, mantener el equipo en el rango de <span class=\"math-inline\" data-math=\"24^\\circ\">24\u00b0C<\/span> a <span class=\"math-inline\" data-math=\"26^\\circ\">26\u00b0C<\/span>\u00a0puede reducir el consumo en hasta un <b>10% a 15%<\/b> en comparaci\u00f3n con ajustes m\u00e1s bajos, ya que el compresor realiza ciclos de encendido y apagado m\u00e1s equilibrados y menos exigentes.<\/p>\n<h4 data-path-to-node=\"15\">Consejos complementarios para un mejor rendimiento<\/h4>\n<p data-path-to-node=\"16\">Para potenciar el rendimiento y <b>optimizar el aire acondicionado<\/b> a\u00fan m\u00e1s, tambi\u00e9n se sugieren algunas medidas complementarias que ayudan al equipo a trabajar de manera m\u00e1s eficiente:<\/p>\n<ul data-path-to-node=\"17\">\n<li>\n<p data-path-to-node=\"17,0,0\"><b>Aislamiento T\u00e9rmico:<\/b> Mantener puertas y ventanas cerradas en las habitaciones con el equipo encendido es fundamental. Esto evita la fuga del aire fr\u00edo y la entrada de aire caliente del exterior.<\/p>\n<\/li>\n<li>\n<p data-path-to-node=\"17,1,0\"><b>Control Solar:<\/b> Reducir el ingreso de sol directo mediante cortinas, persianas o toldos disminuye significativamente la carga t\u00e9rmica que el aire acondicionado debe compensar.<\/p>\n<\/li>\n<li>\n<p data-path-to-node=\"17,2,0\"><b>Evitar Cambios Constantes:<\/b> Una vez encendido y configurado en modo <i>Auto<\/i> y con la temperatura ideal, evitar cambios constantes en la configuraci\u00f3n durante los primeros minutos de funcionamiento permite que el sistema se estabilice y alcance la temperatura deseada de manera m\u00e1s eficiente y con menos gasto de energ\u00eda.<\/p>\n<\/li>\n<li>\n<p data-path-to-node=\"17,3,0\"><b>Mantenimiento Preventivo:<\/b> La limpieza regular de los filtros es esencial, ya que un filtro sucio obliga al motor a trabajar con mayor dificultad, reduciendo el flujo de aire y aumentando el consumo el\u00e9ctrico.<\/p>\n<\/li>\n<\/ul>\n<p data-path-to-node=\"18\">El uso inteligente del <b>aire acondicionado<\/b> no solo se trata de encenderlo, sino de utilizar las funciones que ya posee \u2014como el modo Auto\u2014 junto a h\u00e1bitos simples de eficiencia energ\u00e9tica. Adoptar esta estrategia garantiza un ambiente m\u00e1s confortable de manera sostenida, al tiempo que protege el equipo y se refleja positivamente en la factura de electricidad.<\/p>\n","protected":false},"excerpt":{"rendered":"<p>El modo Auto permite que el equipo ajuste autom\u00e1ticamente la potencia y la velocidad del ventilador seg\u00fan la temperatura real<\/p>\n","protected":false},"author":1,"featured_media":122517,"comment_status":"closed","ping_status":"closed","sticky":false,"template":"","format":"standard","meta":{"kia_subtitle":"Especialistas detallan c\u00f3mo optimizar el aire acondicionado con ajustes autom\u00e1ticos, temperaturas adecuadas y h\u00e1bitos simples que mejoran su rendimiento.","footnotes":"","jetpack_publicize_message":"","jetpack_publicize_feature_enabled":true,"jetpack_social_post_already_shared":true,"jetpack_social_options":{"image_generator_settings":{"template":"highway","default_image_id":0,"font":"","enabled":false},"version":2}},"categories":[15],"tags":[],"class_list":["post-122516","post","type-post","status-publish","format-standard","has-post-thumbnail","hentry","category-tendencias"],"jetpack_publicize_connections":[],"jetpack_featured_media_url":"https:\/\/laurbedigital.com.ar\/noticias\/wp-content\/uploads\/2025\/12\/20251217-Aire-Acondicionado.jpg","_links":{"self":[{"href":"https:\/\/laurbedigital.com.ar\/noticias\/wp-json\/wp\/v2\/posts\/122516","targetHints":{"allow":["GET"]}}],"collection":[{"href":"https:\/\/laurbedigital.com.ar\/noticias\/wp-json\/wp\/v2\/posts"}],"about":[{"href":"https:\/\/laurbedigital.com.ar\/noticias\/wp-json\/wp\/v2\/types\/post"}],"author":[{"embeddable":true,"href":"https:\/\/laurbedigital.com.ar\/noticias\/wp-json\/wp\/v2\/users\/1"}],"replies":[{"embeddable":true,"href":"https:\/\/laurbedigital.com.ar\/noticias\/wp-json\/wp\/v2\/comments?post=122516"}],"version-history":[{"count":1,"href":"https:\/\/laurbedigital.com.ar\/noticias\/wp-json\/wp\/v2\/posts\/122516\/revisions"}],"predecessor-version":[{"id":122524,"href":"https:\/\/laurbedigital.com.ar\/noticias\/wp-json\/wp\/v2\/posts\/122516\/revisions\/122524"}],"wp:featuredmedia":[{"embeddable":true,"href":"https:\/\/laurbedigital.com.ar\/noticias\/wp-json\/wp\/v2\/media\/122517"}],"wp:attachment":[{"href":"https:\/\/laurbedigital.com.ar\/noticias\/wp-json\/wp\/v2\/media?parent=122516"}],"wp:term":[{"taxonomy":"category","embeddable":true,"href":"https:\/\/laurbedigital.com.ar\/noticias\/wp-json\/wp\/v2\/categories?post=122516"},{"taxonomy":"post_tag","embeddable":true,"href":"https:\/\/laurbedigital.com.ar\/noticias\/wp-json\/wp\/v2\/tags?post=122516"}],"curies":[{"name":"wp","href":"https:\/\/api.w.org\/{rel}","templated":true}]}}