{"id":122505,"date":"2025-12-16T00:26:36","date_gmt":"2025-12-16T03:26:36","guid":{"rendered":"https:\/\/laurbedigital.com.ar\/noticias\/?p=122505"},"modified":"2025-12-15T19:28:24","modified_gmt":"2025-12-15T22:28:24","slug":"oscar-alfredo-galvez-a-36-anos-del-adios-a-un-icono-del-automovilismo-argentino","status":"publish","type":"post","link":"https:\/\/laurbedigital.com.ar\/noticias\/2025\/12\/16\/oscar-alfredo-galvez-a-36-anos-del-adios-a-un-icono-del-automovilismo-argentino\/","title":{"rendered":"Oscar Alfredo G\u00e1lvez: A 36 a\u00f1os del adi\u00f3s a un \u00edcono del automovilismo argentino"},"content":{"rendered":"<h4><strong>La huella de un pionero<\/strong><\/h4>\n<p>Nacido en el barrio porte\u00f1o de Caballito el 17 de agosto de 1913, Oscar Alfredo G\u00e1lvez dedic\u00f3 su vida al automovilismo. Su apodo, \u00abEl Aguilucho\u00bb, evocaba la destreza y velocidad con las que dominaba las pistas. Desde temprana edad, mostr\u00f3 un talento innato para la mec\u00e1nica y la velocidad, lo que lo llev\u00f3 a debutar en el Turismo Carretera, la categor\u00eda reina del automovilismo argentino, en la d\u00e9cada de 1930.<\/p>\n<p>A lo largo de su carrera, G\u00e1lvez acumul\u00f3 numerosos triunfos y r\u00e9cords, consolid\u00e1ndose como uno de los grandes referentes del deporte nacional. Entre sus haza\u00f1as m\u00e1s destacadas se encuentra su victoria en el Gran Premio de Turismo Carretera de 1949, que le vali\u00f3 el campeonato. Su habilidad al volante, sumada a su carisma, lo convirti\u00f3 en un \u00eddolo popular en una \u00e9poca donde los autos y las competencias capturaban la imaginaci\u00f3n de los argentinos.<\/p>\n<h4><strong>M\u00e1s all\u00e1 de las pistas<\/strong><\/h4>\n<p>El nombre de Oscar Alfredo G\u00e1lvez no solo est\u00e1 asociado con las competencias. Junto a su hermano Juan, otro grande del automovilismo, marc\u00f3 una era dorada en el deporte motor nacional. Adem\u00e1s, G\u00e1lvez dej\u00f3 su impronta en la historia al convertirse en el primer argentino en competir contra pilotos europeos en 1953, enfrent\u00e1ndose a figuras de la talla de Juan Manuel Fangio.<\/p>\n<p>El Aut\u00f3dromo de la Ciudad de Buenos Aires, que lleva su nombre desde 1989, es un homenaje tangible a su legado. Este circuito, escenario de grandes competencias nacionales e internacionales, simboliza el respeto y admiraci\u00f3n que G\u00e1lvez supo ganarse dentro y fuera de las pistas.<\/p>\n<h4><strong>Un legado eterno<\/strong><\/h4>\n<p>A 36 a\u00f1os de su partida, Oscar Alfredo G\u00e1lvez sigue siendo una fuente de inspiraci\u00f3n para las nuevas generaciones de pilotos y aficionados al automovilismo. Su vida, marcada por la pasi\u00f3n, el esfuerzo y la superaci\u00f3n, trasciende el tiempo. En cada curva del aut\u00f3dromo que lleva su nombre, en cada motor que ruge en el Turismo Carretera, late el recuerdo del \u00abAguilucho\u00bb.<\/p>\n<p>G\u00e1lvez no solo fue un piloto excepcional, sino tambi\u00e9n un s\u00edmbolo del esp\u00edritu argentino: valiente, audaz y perseverante. Su legado permanece intacto, record\u00e1ndonos que los \u00eddolos nunca mueren, sino que viven eternamente en el coraz\u00f3n de quienes los admiran.<\/p>\n","protected":false},"excerpt":{"rendered":"<p>La huella de un pionero Nacido en el barrio porte\u00f1o de Caballito el 17 de agosto de 1913, Oscar Alfredo<\/p>\n","protected":false},"author":1,"featured_media":67059,"comment_status":"closed","ping_status":"closed","sticky":false,"template":"","format":"standard","meta":{"kia_subtitle":"Un 16 de diciembre de 1989, Oscar Alfredo G\u00e1lvez, una de las figuras m\u00e1s emblem\u00e1ticas del automovilismo argentino, dej\u00f3 este mundo. A 35 a\u00f1os de su fallecimiento, su legado como pionero y s\u00edmbolo de la pasi\u00f3n por los fierros sigue resonando entre los amantes del deporte motor.","footnotes":"","jetpack_publicize_message":"","jetpack_publicize_feature_enabled":true,"jetpack_social_post_already_shared":true,"jetpack_social_options":{"image_generator_settings":{"template":"highway","default_image_id":0,"font":"","enabled":false},"version":2}},"categories":[5,2594],"tags":[],"class_list":["post-122505","post","type-post","status-publish","format-standard","has-post-thumbnail","hentry","category-cultura","category-efemerides"],"jetpack_publicize_connections":[],"jetpack_featured_media_url":"https:\/\/laurbedigital.com.ar\/noticias\/wp-content\/uploads\/2021\/12\/20211216-Glavez-Oscar.jpg","_links":{"self":[{"href":"https:\/\/laurbedigital.com.ar\/noticias\/wp-json\/wp\/v2\/posts\/122505","targetHints":{"allow":["GET"]}}],"collection":[{"href":"https:\/\/laurbedigital.com.ar\/noticias\/wp-json\/wp\/v2\/posts"}],"about":[{"href":"https:\/\/laurbedigital.com.ar\/noticias\/wp-json\/wp\/v2\/types\/post"}],"author":[{"embeddable":true,"href":"https:\/\/laurbedigital.com.ar\/noticias\/wp-json\/wp\/v2\/users\/1"}],"replies":[{"embeddable":true,"href":"https:\/\/laurbedigital.com.ar\/noticias\/wp-json\/wp\/v2\/comments?post=122505"}],"version-history":[{"count":1,"href":"https:\/\/laurbedigital.com.ar\/noticias\/wp-json\/wp\/v2\/posts\/122505\/revisions"}],"predecessor-version":[{"id":122506,"href":"https:\/\/laurbedigital.com.ar\/noticias\/wp-json\/wp\/v2\/posts\/122505\/revisions\/122506"}],"wp:featuredmedia":[{"embeddable":true,"href":"https:\/\/laurbedigital.com.ar\/noticias\/wp-json\/wp\/v2\/media\/67059"}],"wp:attachment":[{"href":"https:\/\/laurbedigital.com.ar\/noticias\/wp-json\/wp\/v2\/media?parent=122505"}],"wp:term":[{"taxonomy":"category","embeddable":true,"href":"https:\/\/laurbedigital.com.ar\/noticias\/wp-json\/wp\/v2\/categories?post=122505"},{"taxonomy":"post_tag","embeddable":true,"href":"https:\/\/laurbedigital.com.ar\/noticias\/wp-json\/wp\/v2\/tags?post=122505"}],"curies":[{"name":"wp","href":"https:\/\/api.w.org\/{rel}","templated":true}]}}