{"id":122493,"date":"2025-12-15T19:12:51","date_gmt":"2025-12-15T22:12:51","guid":{"rendered":"https:\/\/laurbedigital.com.ar\/noticias\/?p=122493"},"modified":"2025-12-15T19:12:51","modified_gmt":"2025-12-15T22:12:51","slug":"el-cierre-de-la-saga-cien-anos-de-soledad-netflix-2026-ya-tiene-fecha-de-estreno-confirmada-para-el-final-de-macondo","status":"publish","type":"post","link":"https:\/\/laurbedigital.com.ar\/noticias\/2025\/12\/15\/el-cierre-de-la-saga-cien-anos-de-soledad-netflix-2026-ya-tiene-fecha-de-estreno-confirmada-para-el-final-de-macondo\/","title":{"rendered":"El cierre de la saga: Cien a\u00f1os de soledad Netflix 2026 ya tiene fecha de estreno confirmada para el final de Macondo"},"content":{"rendered":"<h4 data-path-to-node=\"3\">La \u00e9pica de Macondo se acerca a su fin: <b>Cien a\u00f1os de soledad Netflix 2026<\/b><\/h4>\n<p data-path-to-node=\"4\">El ambicioso proyecto de llevar a la pantalla la obra cumbre de Gabriel Garc\u00eda M\u00e1rquez, <i>Cien a\u00f1os de soledad<\/i>, se acerca a su conclusi\u00f3n. Netflix confirm\u00f3 la fecha de estreno para la segunda y \u00faltima entrega de la adaptaci\u00f3n, fijando el lanzamiento en <b>agosto de 2026<\/b>. Esta noticia ha generado una enorme expectativa global, no solo entre los millones de lectores de la novela, sino tambi\u00e9n en el \u00e1mbito cinematogr\u00e1fico, ansioso por ver c\u00f3mo la plataforma lograr\u00e1 cerrar la compleja y m\u00e1gica epopeya de la familia Buend\u00eda y el pueblo de Macondo.<\/p>\n<p data-path-to-node=\"5\">La primera parte sent\u00f3 las bases del realismo m\u00e1gico y present\u00f3 la fundaci\u00f3n del pueblo, mientras que la segunda se adentrar\u00e1 en la desintegraci\u00f3n familiar y social, la ruina predicha por la maldici\u00f3n ancestral. La plataforma ha asegurado que la continuidad de la serie mantendr\u00e1 el respeto absoluto y la ambici\u00f3n narrativa exigida por la obra original, un compromiso que se refuerza con la participaci\u00f3n directa de la familia Garc\u00eda M\u00e1rquez en el proceso creativo y de filmaci\u00f3n.<\/p>\n<h4 data-path-to-node=\"6\">Producci\u00f3n con sello colombiano: direcci\u00f3n y locaciones<\/h4>\n<p data-path-to-node=\"7\">La continuidad y el cierre de la serie est\u00e1n en manos de un equipo de realizadores con profundo conocimiento de la cultura y la sensibilidad colombianas. La direcci\u00f3n de los episodios finales estar\u00e1 a cargo de <b>Laura Mora<\/b> y <b>Carlos Moreno<\/b>, dos figuras destacadas en el panorama audiovisual de la regi\u00f3n. El respaldo de Netflix a estos directores, sumado al \u00abapoyo y la complicidad\u00bb de los herederos del Nobel, busca garantizar una fidelidad que trascienda la mera adaptaci\u00f3n visual.<\/p>\n<p data-path-to-node=\"8\">Uno de los pilares de la producci\u00f3n de <b>Cien a\u00f1os de soledad Netflix 2026<\/b> es la decisi\u00f3n de rodar la totalidad de la serie en <b>locaciones colombianas<\/b>. Esta determinaci\u00f3n es crucial, pues busca capturar y reproducir la atm\u00f3sfera, los detalles de \u00e9poca y el paisaje real que inspiraron el universo de Macondo. El objetivo es que la autenticidad de los entornos f\u00edsicos, la luz, la vegetaci\u00f3n y la arquitectura dialogue directamente con la magia y la melancol\u00eda que caracterizan el relato de Garc\u00eda M\u00e1rquez.<\/p>\n<p data-path-to-node=\"9\">Adem\u00e1s, el uso de un equipo t\u00e9cnico y art\u00edstico local no solo impulsa la industria audiovisual colombiana, sino que asegura que la visi\u00f3n de los directores se nutra de la sensibilidad cultural necesaria para manejar los matices de una historia tan arraigada a la identidad latinoamericana.<\/p>\n<h4 data-path-to-node=\"10\">El hilo narrativo: del armisticio a la ruina profetizada<\/h4>\n<p data-path-to-node=\"11\">La segunda parte de la serie retomar\u00e1 la narrativa justo despu\u00e9s de eventos cruciales que marcan un punto de inflexi\u00f3n en la historia de Macondo. Espec\u00edficamente, los hechos se reanudan tras el armisticio y la firma del <b>Tratado de Neerlandia<\/b>, que simbolizan el fin de las guerras civiles en la ficci\u00f3n.<\/p>\n<p data-path-to-node=\"12\">La trama se centrar\u00e1 en la llegada de un personaje determinante: <b>Fernanda del Carpio<\/b>. Su arribo al pueblo, proveniente de una cuna de rigidez y tradiciones coloniales decadentes, representa la entrada de la formalidad y la tristeza a la casa de los Buend\u00eda, hasta entonces dominada por el caos y la pasi\u00f3n.<\/p>\n<p data-path-to-node=\"13\">Su matrimonio con <b>Aureliano Segundo<\/b> (nieto de Arcadio) y la aparici\u00f3n de los primeros descendientes que intentan reavivar las ra\u00edces familiares, ser\u00e1n el foco inicial de esta entrega. Esta etapa de la saga es rica en conflictos dom\u00e9sticos y revelaciones, explorando las din\u00e1micas complejas entre la modernidad incipiente y las costumbres at\u00e1vicas de la estirpe.<\/p>\n<h4 data-path-to-node=\"14\">La compa\u00f1\u00eda bananera: el motor de la tragedia final<\/h4>\n<p data-path-to-node=\"15\">El verdadero catalizador de la ca\u00edda de Macondo, y el punto c\u00falmine que la segunda parte debe abordar con rigor, es la apertura del pueblo al mundo exterior, canalizada a trav\u00e9s de <b>Jos\u00e9 Arcadio Segundo<\/b> y la irrupci\u00f3n del progreso material. Este \u00abprogreso\u00bb llega simb\u00f3licamente con el tren y, de manera m\u00e1s destructiva, con la <b>compa\u00f1\u00eda bananera<\/b>.<\/p>\n<p data-path-to-node=\"16\">Seg\u00fan el comunicado de Netflix, la llegada de esta compa\u00f1\u00eda \u00abdesatar\u00e1 las fuerzas que precipitar\u00e1n la ruina del pueblo\u00bb. Este tramo de la historia es crucial, ya que alberga uno de los episodios m\u00e1s oscuros y pol\u00edticamente densos de la novela: la masacre de las bananeras. La adaptaci\u00f3n enfrentar\u00e1 el desaf\u00edo de representar el conflicto laboral, la injusticia social y la posterior amnesia hist\u00f3rica que envuelve al pueblo, temas que son centrales en la obra de Garc\u00eda M\u00e1rquez.<\/p>\n<p data-path-to-node=\"17\">Al precipitar la ruina, se cumple la temida maldici\u00f3n formulada por <b>\u00darsula Iguar\u00e1n<\/b>: \u00abLas estirpes condenadas a <b>Cien a\u00f1os de soledad Netflix 2026<\/b> no ten\u00edan una segunda oportunidad sobre la tierra\u00bb. La segunda entrega debe narrar c\u00f3mo el destino c\u00edclico de la familia y el pueblo se cierra de manera definitiva, con un desenlace que sea fiel a la promesa de di\u00e1logo con la obra original.<\/p>\n<h4 data-path-to-node=\"18\">Expectativas y el desaf\u00edo de la adaptaci\u00f3n definitiva<\/h4>\n<p data-path-to-node=\"19\">Netflix presenta esta entrega como el cierre definitivo de la serie, un acto de responsabilidad narrativa que definir\u00e1 el \u00e9xito o el fracaso de la adaptaci\u00f3n. La gran pregunta que cr\u00edticos y espectadores se hacen es si la plataforma lograr\u00e1 capturar la densidad po\u00e9tica, el tono \u00e9pico y la rica simbolog\u00eda del libro en su formato televisivo.<\/p>\n<p data-path-to-node=\"20\">La adaptaci\u00f3n de la segunda mitad es, quiz\u00e1s, m\u00e1s desafiante que la primera. La trama se vuelve m\u00e1s sombr\u00eda, introspectiva y cargada de fatalidad, con la desintegraci\u00f3n final de los Buend\u00eda y el inevitable deterioro de Macondo. La confirmaci\u00f3n de la fecha de estreno en agosto de 2026 establece un horizonte temporal claro para lo que se espera sea un evento cultural de gran magnitud, y el testimonio final de c\u00f3mo una de las obras literarias m\u00e1s importantes de la historia cobra vida en el <i>streaming<\/i>.<\/p>\n","protected":false},"excerpt":{"rendered":"<p>La \u00e9pica de Macondo se acerca a su fin: Cien a\u00f1os de soledad Netflix 2026 El ambicioso proyecto de llevar<\/p>\n","protected":false},"author":1,"featured_media":122473,"comment_status":"closed","ping_status":"closed","sticky":false,"template":"","format":"standard","meta":{"kia_subtitle":"La plataforma de streaming confirm\u00f3 el estreno de la segunda y \u00faltima parte de la saga en agosto de 2026, con rodaje \u00edntegro en Colombia y la promesa de mantener la esencia de Cien a\u00f1os de soledad Netflix 2026.","footnotes":"","jetpack_publicize_message":"","jetpack_publicize_feature_enabled":true,"jetpack_social_post_already_shared":true,"jetpack_social_options":{"image_generator_settings":{"template":"highway","default_image_id":0,"font":"","enabled":false},"version":2}},"categories":[2600,68],"tags":[],"class_list":["post-122493","post","type-post","status-publish","format-standard","has-post-thumbnail","hentry","category-espectaculo","category-cine-y-series"],"jetpack_publicize_connections":[],"jetpack_featured_media_url":"https:\/\/laurbedigital.com.ar\/noticias\/wp-content\/uploads\/2025\/12\/20251216-Cien-anos-de-soledad.jpg","_links":{"self":[{"href":"https:\/\/laurbedigital.com.ar\/noticias\/wp-json\/wp\/v2\/posts\/122493","targetHints":{"allow":["GET"]}}],"collection":[{"href":"https:\/\/laurbedigital.com.ar\/noticias\/wp-json\/wp\/v2\/posts"}],"about":[{"href":"https:\/\/laurbedigital.com.ar\/noticias\/wp-json\/wp\/v2\/types\/post"}],"author":[{"embeddable":true,"href":"https:\/\/laurbedigital.com.ar\/noticias\/wp-json\/wp\/v2\/users\/1"}],"replies":[{"embeddable":true,"href":"https:\/\/laurbedigital.com.ar\/noticias\/wp-json\/wp\/v2\/comments?post=122493"}],"version-history":[{"count":1,"href":"https:\/\/laurbedigital.com.ar\/noticias\/wp-json\/wp\/v2\/posts\/122493\/revisions"}],"predecessor-version":[{"id":122494,"href":"https:\/\/laurbedigital.com.ar\/noticias\/wp-json\/wp\/v2\/posts\/122493\/revisions\/122494"}],"wp:featuredmedia":[{"embeddable":true,"href":"https:\/\/laurbedigital.com.ar\/noticias\/wp-json\/wp\/v2\/media\/122473"}],"wp:attachment":[{"href":"https:\/\/laurbedigital.com.ar\/noticias\/wp-json\/wp\/v2\/media?parent=122493"}],"wp:term":[{"taxonomy":"category","embeddable":true,"href":"https:\/\/laurbedigital.com.ar\/noticias\/wp-json\/wp\/v2\/categories?post=122493"},{"taxonomy":"post_tag","embeddable":true,"href":"https:\/\/laurbedigital.com.ar\/noticias\/wp-json\/wp\/v2\/tags?post=122493"}],"curies":[{"name":"wp","href":"https:\/\/api.w.org\/{rel}","templated":true}]}}