{"id":122485,"date":"2025-12-15T19:01:18","date_gmt":"2025-12-15T22:01:18","guid":{"rendered":"https:\/\/laurbedigital.com.ar\/noticias\/?p=122485"},"modified":"2025-12-15T19:01:18","modified_gmt":"2025-12-15T22:01:18","slug":"la-nafta-baja-2-la-correccion-de-precios-de-ypf-tras-el-alza-acumulada-del-41-en-2025","status":"publish","type":"post","link":"https:\/\/laurbedigital.com.ar\/noticias\/2025\/12\/15\/la-nafta-baja-2-la-correccion-de-precios-de-ypf-tras-el-alza-acumulada-del-41-en-2025\/","title":{"rendered":"La nafta baja 2%: la correcci\u00f3n de precios de YPF tras el alza acumulada del 41% en 2025"},"content":{"rendered":"<h4 data-path-to-node=\"5\">Una reducci\u00f3n de la <b>nafta baja 2%<\/b> en el cierre del a\u00f1o<\/h4>\n<p data-path-to-node=\"6\">El mercado de combustibles experiment\u00f3 un movimiento inusual a finales de 2025. El presidente y CEO de YPF, Horacio Mar\u00edn, anunci\u00f3 una reducci\u00f3n promedio del 2% en el precio de las naftas a lo largo del territorio nacional. La medida, que se implementar\u00eda de forma gradual durante la semana, fue presentada con la intenci\u00f3n de generar un impacto positivo en el \u00edndice de inflaci\u00f3n correspondiente al mes de diciembre.<\/p>\n<p data-path-to-node=\"7\">Sin embargo, Mar\u00edn aclar\u00f3 que la reducci\u00f3n del precio no ser\u00e1 aplicada de manera uniforme en todas las provincias. La compa\u00f1\u00eda utilizar\u00e1 un criterio de <i>micro pricing<\/i>, ajustando la baja seg\u00fan las \u00abdiferencias estructurales entre regiones\u00bb.<\/p>\n<h4 data-path-to-node=\"8\">El contraste con la inflaci\u00f3n acumulada<\/h4>\n<p data-path-to-node=\"9\">Si bien la noticia de que la <b>nafta baja 2%<\/b> puede ser recibida con alivio por los consumidores, esta correcci\u00f3n marginal debe ser contrastada con el fuerte aumento que el combustible acumul\u00f3 a lo largo del a\u00f1o 2025, superando ampliamente la inflaci\u00f3n general.<\/p>\n<p data-path-to-node=\"10\">Seg\u00fan datos oficiales del Instituto Nacional de Estad\u00edstica y Censos (INDEC), los precios de los combustibles registraron un incremento muy por encima del \u00cdndice de Precios al Consumidor (IPC), que hasta noviembre de 2025 se situ\u00f3 en el 27,9% acumulado.<\/p>\n<p data-path-to-node=\"11\">La comparaci\u00f3n es elocuente:<\/p>\n<ul data-path-to-node=\"12\">\n<li>\n<p data-path-to-node=\"12,0,0\"><b>Nafta S\u00faper:<\/b> El litro trep\u00f3 un <b>41,15%<\/b> durante el 2025.<\/p>\n<\/li>\n<li>\n<p data-path-to-node=\"12,1,0\"><b>Nafta Premium:<\/b> Acumul\u00f3 un aumento del <b>31,31%<\/b>.<\/p>\n<\/li>\n<\/ul>\n<p data-path-to-node=\"13\">La reducci\u00f3n anunciada de apenas el 2% implica un movimiento simb\u00f3lico en el contexto de un a\u00f1o dominado por los fuertes ajustes tarifarios en el sector energ\u00e9tico.<\/p>\n<h4 data-path-to-node=\"14\">El gasoil y la heterogeneidad de precios<\/h4>\n<p data-path-to-node=\"15\">Respecto al gasoil, el panorama se presenta diferente. Mar\u00edn se\u00f1al\u00f3 que, a diferencia de las naftas, en este producto se esperan incrementos en algunos de sus tipos. Esto subraya la estrategia de precios diferenciados que est\u00e1 implementando la petrolera, donde los ajustes y las reducciones responden a variables microecon\u00f3micas espec\u00edficas de cada combustible y regi\u00f3n.<\/p>\n<p data-path-to-node=\"16\">En conclusi\u00f3n, la noticia de que la <b>nafta baja 2%<\/b> es un movimiento puntual en el mercado, pero su impacto real se diluye frente al aumento acumulado del 41,15% en la nafta s\u00faper, un factor que ha ejercido una presi\u00f3n constante sobre el transporte y la log\u00edstica a lo largo de todo el a\u00f1o.<\/p>\n","protected":false},"excerpt":{"rendered":"<p>Una reducci\u00f3n de la nafta baja 2% en el cierre del a\u00f1o El mercado de combustibles experiment\u00f3 un movimiento inusual<\/p>\n","protected":false},"author":1,"featured_media":110153,"comment_status":"closed","ping_status":"closed","sticky":false,"template":"","format":"standard","meta":{"kia_subtitle":"YPF, la petrolera estatal, anunci\u00f3 una reducci\u00f3n promedio del 2% en el precio de sus naftas a nivel nacional, una medida con impacto heterog\u00e9neo que llega luego de que el combustible acumulara subas de m\u00e1s del 41% en el transcurso del a\u00f1o 2025.","footnotes":"","jetpack_publicize_message":"","jetpack_publicize_feature_enabled":true,"jetpack_social_post_already_shared":true,"jetpack_social_options":{"image_generator_settings":{"template":"highway","default_image_id":0,"font":"","enabled":false},"version":2}},"categories":[3,41],"tags":[],"class_list":["post-122485","post","type-post","status-publish","format-standard","has-post-thumbnail","hentry","category-actualidad","category-nacionales"],"jetpack_publicize_connections":[],"jetpack_featured_media_url":"https:\/\/laurbedigital.com.ar\/noticias\/wp-content\/uploads\/2024\/10\/20241030-Nafta-combustibles-ypf.jpg","_links":{"self":[{"href":"https:\/\/laurbedigital.com.ar\/noticias\/wp-json\/wp\/v2\/posts\/122485","targetHints":{"allow":["GET"]}}],"collection":[{"href":"https:\/\/laurbedigital.com.ar\/noticias\/wp-json\/wp\/v2\/posts"}],"about":[{"href":"https:\/\/laurbedigital.com.ar\/noticias\/wp-json\/wp\/v2\/types\/post"}],"author":[{"embeddable":true,"href":"https:\/\/laurbedigital.com.ar\/noticias\/wp-json\/wp\/v2\/users\/1"}],"replies":[{"embeddable":true,"href":"https:\/\/laurbedigital.com.ar\/noticias\/wp-json\/wp\/v2\/comments?post=122485"}],"version-history":[{"count":2,"href":"https:\/\/laurbedigital.com.ar\/noticias\/wp-json\/wp\/v2\/posts\/122485\/revisions"}],"predecessor-version":[{"id":122487,"href":"https:\/\/laurbedigital.com.ar\/noticias\/wp-json\/wp\/v2\/posts\/122485\/revisions\/122487"}],"wp:featuredmedia":[{"embeddable":true,"href":"https:\/\/laurbedigital.com.ar\/noticias\/wp-json\/wp\/v2\/media\/110153"}],"wp:attachment":[{"href":"https:\/\/laurbedigital.com.ar\/noticias\/wp-json\/wp\/v2\/media?parent=122485"}],"wp:term":[{"taxonomy":"category","embeddable":true,"href":"https:\/\/laurbedigital.com.ar\/noticias\/wp-json\/wp\/v2\/categories?post=122485"},{"taxonomy":"post_tag","embeddable":true,"href":"https:\/\/laurbedigital.com.ar\/noticias\/wp-json\/wp\/v2\/tags?post=122485"}],"curies":[{"name":"wp","href":"https:\/\/api.w.org\/{rel}","templated":true}]}}