{"id":122482,"date":"2025-12-15T18:58:03","date_gmt":"2025-12-15T21:58:03","guid":{"rendered":"https:\/\/laurbedigital.com.ar\/noticias\/?p=122482"},"modified":"2025-12-15T18:58:03","modified_gmt":"2025-12-15T21:58:03","slug":"rechazo-a-la-reforma-laboral-apyme-advierte-que-profundiza-la-recesion-y-destruye-el-mercado-interno","status":"publish","type":"post","link":"https:\/\/laurbedigital.com.ar\/noticias\/2025\/12\/15\/rechazo-a-la-reforma-laboral-apyme-advierte-que-profundiza-la-recesion-y-destruye-el-mercado-interno\/","title":{"rendered":"Rechazo a la reforma laboral: APYME advierte que profundiza la recesi\u00f3n y destruye el mercado interno"},"content":{"rendered":"<h4 data-path-to-node=\"5\">El impacto de la <b>reforma laboral APYME<\/b>: Advertencia de precarizaci\u00f3n<\/h4>\n<p data-path-to-node=\"6\">La Asamblea de Peque\u00f1os y Medianos Empresarios (APYME), entidad que nuclea a miles de peque\u00f1as y medianas empresas en todo el pa\u00eds, alz\u00f3 la voz con un \u00abrechazo categ\u00f3rico\u00bb contra el proyecto de \u00abLey de modernizaci\u00f3n laboral\u00bb impulsado por el Gobierno nacional en el Congreso. La postura de la entidad va m\u00e1s all\u00e1 de la defensa de los derechos de los trabajadores: argumenta que la medida es un ataque directo al <b>mercado interno<\/b> y a la supervivencia de las propias PyMEs.<\/p>\n<p data-path-to-node=\"7\">Seg\u00fan APYME, la aprobaci\u00f3n de la <b>reforma laboral APYME<\/b> significar\u00eda \u00abprofundizar un modelo recesivo que est\u00e1 destruyendo al mercado interno, las Pymes y la actividad productiva nacional\u00bb. La entidad sostiene que, bajo el eufemismo de \u00abmodernizaci\u00f3n\u00bb, el proyecto busca \u00abla naturalizaci\u00f3n, cristalizaci\u00f3n y legalizaci\u00f3n de la precariedad laboral y productiva\u00bb.<\/p>\n<h4 data-path-to-node=\"8\">El modelo \u00abliberal libertario\u00bb bajo la lupa<\/h4>\n<p data-path-to-node=\"9\">APYME cuestion\u00f3 duramente la terminolog\u00eda utilizada por el Gobierno, alegando que el uso de la palabra \u00abmodernizaci\u00f3n\u00bb en lugar de \u00abreforma\u00bb es una estrategia de \u00abmala fe\u00bb. Para la entidad, el proyecto real no busca un avance, sino un retroceso hist\u00f3rico que retrotraer\u00eda al pa\u00eds \u00abm\u00e1s de un siglo\u00bb en materia de derechos y estructuras productivas.<\/p>\n<p data-path-to-node=\"10\">El comunicado de la asamblea fue expl\u00edcito al se\u00f1alar que el \u00abmodelo liberal libertario\u00bb del Gobierno \u00abdesconoce y desprecia\u00bb a las PyMEs, buscando una pol\u00edtica de <b>primarizaci\u00f3n, concentraci\u00f3n y extranjerizaci\u00f3n productiva<\/b>. Este camino, seg\u00fan la entidad, va a \u00abcontramano de un mundo que desarrolla y protege sus industrias y recursos\u00bb.<\/p>\n<h5 data-path-to-node=\"11\">Incompatibilidad con la realidad productiva<\/h5>\n<p data-path-to-node=\"12\">La organizaci\u00f3n empresarial refut\u00f3 los supuestos \u00abcantos de sirenas\u00bb que el proyecto pudiera contener para el sector PyME. APYME subraya que cualquier est\u00edmulo o beneficio laboral contenido en la ley es completamente incompatible con el modelo econ\u00f3mico general que el Gobierno ha implementado hasta ahora:<\/p>\n<ul data-path-to-node=\"13\">\n<li>\n<p data-path-to-node=\"13,0,0\">Un modelo primarizador y especulativo.<\/p>\n<\/li>\n<li>\n<p data-path-to-node=\"13,1,0\">Una pol\u00edtica de apertura importadora sin restricciones.<\/p>\n<\/li>\n<\/ul>\n<p data-path-to-node=\"14\">La entidad recuerda que la combinaci\u00f3n de estas pol\u00edticas ya arroj\u00f3 un saldo extremadamente negativo para el sector productivo: la p\u00e9rdida de al menos <b>20.000 empresas<\/b> (el 99,6% de las cuales son PyMEs), la destrucci\u00f3n de casi <b>300.000 puestos de trabajo<\/b> y el cierre diario de grandes industrias y comercios.<\/p>\n<h4 data-path-to-node=\"15\">El costo hist\u00f3rico del ajuste laboral<\/h4>\n<p data-path-to-node=\"16\">APYME alert\u00f3 sobre las consecuencias hist\u00f3ricas de este tipo de pol\u00edticas, que ya han sido aplicadas en el pasado reciente argentino (como en la d\u00e9cada de 1990 y a fines de 2000). La entidad advierte que estas reformas \u00abterminan en desempleo masivo y crisis generalizada\u00bb.<\/p>\n<p data-path-to-node=\"17\">El comunicado se centra en desmantelar la idea de que la legislaci\u00f3n laboral es el problema central del empleo. \u00abEl problema no es el empleo, sino un modelo econ\u00f3mico que lo destruye junto con las empresas\u00bb, enfatiz\u00f3 APYME, trasladando la responsabilidad de la crisis del mercado de trabajo a la pol\u00edtica macroecon\u00f3mica recesiva.<\/p>\n<h5 data-path-to-node=\"18\">La prioridad de las PyMEs: sobrevivir, no \u00abest\u00edmulos\u00bb<\/h5>\n<p data-path-to-node=\"19\">Finalmente, APYME estableci\u00f3 un claro contraste entre las necesidades reales del sector y las prioridades del Gobierno. La entidad dej\u00f3 en claro que su urgencia no pasa por conseguir \u00abest\u00edmulos\u00bb para invertir, sino simplemente por \u00abtrabajar y sobrevivir, evitando m\u00e1s cierres, p\u00e9rdida de puestos de trabajo y ca\u00edda de ingresos\u00bb.<\/p>\n<p data-path-to-node=\"20\">Para la Asamblea de Peque\u00f1os y Medianos Empresarios, la prioridad es atender la <b>emergencia productiva<\/b>, no convalidar la \u00ablegalizaci\u00f3n del \u2018s\u00e1lvese quien pueda\u2019\u00bb que representa la nueva <b>reforma laboral APYME<\/b>. El debate, en \u00faltima instancia, pone en cuesti\u00f3n si el camino al crecimiento pasa por desregularizar el trabajo o por fomentar un mercado interno robusto que permita a las empresas prosperar.<\/p>\n","protected":false},"excerpt":{"rendered":"<p>El impacto de la reforma laboral APYME: Advertencia de precarizaci\u00f3n La Asamblea de Peque\u00f1os y Medianos Empresarios (APYME), entidad que<\/p>\n","protected":false},"author":1,"featured_media":122476,"comment_status":"closed","ping_status":"closed","sticky":false,"template":"","format":"standard","meta":{"kia_subtitle":"La Asamblea de Peque\u00f1os y Medianos Empresarios (APYME) emiti\u00f3 un \"rechazo categ\u00f3rico\" al proyecto de \"modernizaci\u00f3n laboral\", se\u00f1alando que su verdadero objetivo es la \"precarizaci\u00f3n productiva\" y la destrucci\u00f3n de la actividad nacional.","footnotes":"","jetpack_publicize_message":"","jetpack_publicize_feature_enabled":true,"jetpack_social_post_already_shared":true,"jetpack_social_options":{"image_generator_settings":{"template":"highway","default_image_id":0,"font":"","enabled":false},"version":2}},"categories":[3,41],"tags":[],"class_list":["post-122482","post","type-post","status-publish","format-standard","has-post-thumbnail","hentry","category-actualidad","category-nacionales"],"jetpack_publicize_connections":[],"jetpack_featured_media_url":"https:\/\/laurbedigital.com.ar\/noticias\/wp-content\/uploads\/2025\/12\/20251216-Recesion-1.jpg","_links":{"self":[{"href":"https:\/\/laurbedigital.com.ar\/noticias\/wp-json\/wp\/v2\/posts\/122482","targetHints":{"allow":["GET"]}}],"collection":[{"href":"https:\/\/laurbedigital.com.ar\/noticias\/wp-json\/wp\/v2\/posts"}],"about":[{"href":"https:\/\/laurbedigital.com.ar\/noticias\/wp-json\/wp\/v2\/types\/post"}],"author":[{"embeddable":true,"href":"https:\/\/laurbedigital.com.ar\/noticias\/wp-json\/wp\/v2\/users\/1"}],"replies":[{"embeddable":true,"href":"https:\/\/laurbedigital.com.ar\/noticias\/wp-json\/wp\/v2\/comments?post=122482"}],"version-history":[{"count":2,"href":"https:\/\/laurbedigital.com.ar\/noticias\/wp-json\/wp\/v2\/posts\/122482\/revisions"}],"predecessor-version":[{"id":122484,"href":"https:\/\/laurbedigital.com.ar\/noticias\/wp-json\/wp\/v2\/posts\/122482\/revisions\/122484"}],"wp:featuredmedia":[{"embeddable":true,"href":"https:\/\/laurbedigital.com.ar\/noticias\/wp-json\/wp\/v2\/media\/122476"}],"wp:attachment":[{"href":"https:\/\/laurbedigital.com.ar\/noticias\/wp-json\/wp\/v2\/media?parent=122482"}],"wp:term":[{"taxonomy":"category","embeddable":true,"href":"https:\/\/laurbedigital.com.ar\/noticias\/wp-json\/wp\/v2\/categories?post=122482"},{"taxonomy":"post_tag","embeddable":true,"href":"https:\/\/laurbedigital.com.ar\/noticias\/wp-json\/wp\/v2\/tags?post=122482"}],"curies":[{"name":"wp","href":"https:\/\/api.w.org\/{rel}","templated":true}]}}