{"id":122462,"date":"2025-12-15T01:31:20","date_gmt":"2025-12-15T04:31:20","guid":{"rendered":"https:\/\/laurbedigital.com.ar\/noticias\/?p=122462"},"modified":"2025-12-15T01:31:20","modified_gmt":"2025-12-15T04:31:20","slug":"exito-en-streaming-accidente-la-serie-de-netflix-mas-vista-en-argentina-conmueve-con-su-tension","status":"publish","type":"post","link":"https:\/\/laurbedigital.com.ar\/noticias\/2025\/12\/15\/exito-en-streaming-accidente-la-serie-de-netflix-mas-vista-en-argentina-conmueve-con-su-tension\/","title":{"rendered":"\u00c9xito en streaming: \u201cAccidente\u201d, la serie de Netflix m\u00e1s vista en Argentina, conmueve con su tensi\u00f3n"},"content":{"rendered":"<h4 data-path-to-node=\"3\">Renovaci\u00f3n y tensi\u00f3n: el <i>thriller<\/i> que domina el <i>ranking<\/i><\/h4>\n<p data-path-to-node=\"4\">El cat\u00e1logo de Netflix Argentina contin\u00faa demostrando su dinamismo al catapultar producciones a lo m\u00e1s alto del <i>ranking<\/i> de visualizaciones. En los \u00faltimos d\u00edas, un t\u00edtulo en particular ha capturado la atenci\u00f3n masiva, instal\u00e1ndose en el Top 1: se trata de <b>\u201cAccidente\u201d<\/b>, un <i>thriller<\/i> dram\u00e1tico cuya segunda temporada recientemente incorporada ha reavivado el inter\u00e9s del p\u00fablico local.<\/p>\n<p data-path-to-node=\"5\">La producci\u00f3n ha logrado generar una tensi\u00f3n constante, desafiando la percepci\u00f3n de la realidad del espectador con una historia inquietante y giros inesperados. La habilidad de la serie para mantener la intriga hasta el final, despertando teor\u00edas y dudas, la ha posicionado como la <b>serie de Netflix m\u00e1s vista en Argentina<\/b> del momento. Su \u00e9xito subraya el apetito del p\u00fablico por tramas intensas que exploran los l\u00edmites de las relaciones humanas bajo extrema presi\u00f3n.<\/p>\n<h4 data-path-to-node=\"6\">Una tragedia que destroza tres familias<\/h4>\n<p data-path-to-node=\"7\">El n\u00facleo narrativo de <b>\u201cAccidente\u201d<\/b> se articula en torno a un hecho devastador: un accidente automovil\u00edstico ocurrido en el momento menos pensado, durante el festejo de un cumplea\u00f1os infantil. Lo que comienza como una celebraci\u00f3n se transforma en una tragedia que no solo deja marcas de dolor y p\u00e9rdida, sino que pulveriza los v\u00ednculos de amistad y cercan\u00eda que exist\u00edan entre tres familias protagonistas.<\/p>\n<p data-path-to-node=\"8\">A partir de este suceso, los personajes se ven obligados a navegar un mar de emociones complejas, lidiando con la culpa, el enojo, el resentimiento y hasta el impulso de la venganza. La necesidad de saber <b>qu\u00e9 pas\u00f3 realmente y qui\u00e9n fue el responsable<\/b> se convierte en el motor urgente que impulsa la trama.<\/p>\n<p data-path-to-node=\"9\">La serie profundiza en c\u00f3mo la tragedia quiebra la confianza, obligando a los personajes a convivir en una comunidad donde las grietas son dif\u00edciles de cerrar. La segunda temporada intensifica esta b\u00fasqueda de la verdad, incorporando nuevas revelaciones que complejizan a\u00fan m\u00e1s los conflictos existentes y ponen a prueba los v\u00ednculos que lograron sobrevivir a la primera debacle.<\/p>\n<h4 data-path-to-node=\"10\">Un reparto que eleva el drama crudo<\/h4>\n<p data-path-to-node=\"11\">El \u00e9xito de la <b>serie de Netflix m\u00e1s vista en Argentina<\/b> tambi\u00e9n radica en su capacidad para sumergir al espectador en la carga emocional de los protagonistas. El tono crudo y realista de la producci\u00f3n invita a la empat\u00eda, llevando al p\u00fablico a preguntarse constantemente c\u00f3mo reaccionar\u00eda ante una situaci\u00f3n de dolor y desesperaci\u00f3n similar.<\/p>\n<p data-path-to-node=\"12\">El reparto principal, con nombres reconocidos en la producci\u00f3n regional, es clave para sostener la intensidad dram\u00e1tica:<\/p>\n<ul data-path-to-node=\"13\">\n<li>\n<p data-path-to-node=\"13,0,0\"><b>Ana Claudia Talanc\u00f3n<\/b> (Daniela)<\/p>\n<\/li>\n<li>\n<p data-path-to-node=\"13,1,0\"><b>Sebasti\u00e1n Mart\u00ednez<\/b> (David)<\/p>\n<\/li>\n<li>\n<p data-path-to-node=\"13,2,0\"><b>Erick El\u00edas<\/b> (Emiliano)<\/p>\n<\/li>\n<li>\n<p data-path-to-node=\"13,3,0\"><b>Regina Bland\u00f3n<\/b> (Carla)<\/p>\n<\/li>\n<li>\n<p data-path-to-node=\"13,4,0\"><b>Macarena Garc\u00eda<\/b> (Natalia)<\/p>\n<\/li>\n<li>\n<p data-path-to-node=\"13,5,0\"><b>Leonardo Ortizgris<\/b> (Ramiro)<\/p>\n<\/li>\n<\/ul>\n<p data-path-to-node=\"14\">Sus interpretaciones logran transmitir la angustia y la necesidad de encontrar algo de luz en medio del sufrimiento, convirtiendo cada episodio en una experiencia que mantiene al espectador al borde del asiento.<\/p>\n<p data-path-to-node=\"14\"><iframe loading=\"lazy\" title=\"Accidente | Tr\u00e1iler oficial | Netflix\" src=\"https:\/\/www.youtube.com\/embed\/3y1t25LUJ-g\" width=\"853\" height=\"480\" frameborder=\"0\" allowfullscreen=\"allowfullscreen\"><\/iframe><\/p>\n<h4 data-path-to-node=\"15\">El triunfo del <i>thriller<\/i> emocional<\/h4>\n<p data-path-to-node=\"16\"><b>\u201cAccidente\u201d<\/b> se ha convertido en la <b>serie de Netflix m\u00e1s vista en Argentina<\/b> gracias a su combinaci\u00f3n de <i>thriller<\/i> con un profundo drama emocional. Su f\u00f3rmula no solo ofrece giros y misterio, sino que tambi\u00e9n explora las din\u00e1micas psicol\u00f3gicas de la culpa y el resentimiento, resonando fuertemente con una audiencia que valora las historias complejas y realistas. El triunfo de la serie demuestra que el p\u00fablico argentino sigue priorizando el contenido que desaf\u00eda y conmueve por igual.<\/p>\n","protected":false},"excerpt":{"rendered":"<p>Renovaci\u00f3n y tensi\u00f3n: el thriller que domina el ranking El cat\u00e1logo de Netflix Argentina contin\u00faa demostrando su dinamismo al catapultar<\/p>\n","protected":false},"author":1,"featured_media":122463,"comment_status":"closed","ping_status":"closed","sticky":false,"template":"","format":"standard","meta":{"kia_subtitle":"La serie de Netflix m\u00e1s vista en Argentina es \u201cAccidente\u201d. Este thriller dram\u00e1tico atrapa al espectador con la historia de tres familias devastadas por una tragedia automovil\u00edstica y una b\u00fasqueda implacable de la verdad.","footnotes":"","jetpack_publicize_message":"","jetpack_publicize_feature_enabled":true,"jetpack_social_post_already_shared":true,"jetpack_social_options":{"image_generator_settings":{"template":"highway","default_image_id":0,"font":"","enabled":false},"version":2}},"categories":[68,2600],"tags":[],"class_list":["post-122462","post","type-post","status-publish","format-standard","has-post-thumbnail","hentry","category-cine-y-series","category-espectaculo"],"jetpack_publicize_connections":[],"jetpack_featured_media_url":"https:\/\/laurbedigital.com.ar\/noticias\/wp-content\/uploads\/2025\/12\/20251412-Accidente-1.jpg","_links":{"self":[{"href":"https:\/\/laurbedigital.com.ar\/noticias\/wp-json\/wp\/v2\/posts\/122462","targetHints":{"allow":["GET"]}}],"collection":[{"href":"https:\/\/laurbedigital.com.ar\/noticias\/wp-json\/wp\/v2\/posts"}],"about":[{"href":"https:\/\/laurbedigital.com.ar\/noticias\/wp-json\/wp\/v2\/types\/post"}],"author":[{"embeddable":true,"href":"https:\/\/laurbedigital.com.ar\/noticias\/wp-json\/wp\/v2\/users\/1"}],"replies":[{"embeddable":true,"href":"https:\/\/laurbedigital.com.ar\/noticias\/wp-json\/wp\/v2\/comments?post=122462"}],"version-history":[{"count":1,"href":"https:\/\/laurbedigital.com.ar\/noticias\/wp-json\/wp\/v2\/posts\/122462\/revisions"}],"predecessor-version":[{"id":122464,"href":"https:\/\/laurbedigital.com.ar\/noticias\/wp-json\/wp\/v2\/posts\/122462\/revisions\/122464"}],"wp:featuredmedia":[{"embeddable":true,"href":"https:\/\/laurbedigital.com.ar\/noticias\/wp-json\/wp\/v2\/media\/122463"}],"wp:attachment":[{"href":"https:\/\/laurbedigital.com.ar\/noticias\/wp-json\/wp\/v2\/media?parent=122462"}],"wp:term":[{"taxonomy":"category","embeddable":true,"href":"https:\/\/laurbedigital.com.ar\/noticias\/wp-json\/wp\/v2\/categories?post=122462"},{"taxonomy":"post_tag","embeddable":true,"href":"https:\/\/laurbedigital.com.ar\/noticias\/wp-json\/wp\/v2\/tags?post=122462"}],"curies":[{"name":"wp","href":"https:\/\/api.w.org\/{rel}","templated":true}]}}