{"id":122458,"date":"2025-12-15T01:20:13","date_gmt":"2025-12-15T04:20:13","guid":{"rendered":"https:\/\/laurbedigital.com.ar\/noticias\/?p=122458"},"modified":"2025-12-15T01:20:13","modified_gmt":"2025-12-15T04:20:13","slug":"preocupacion-sanitaria-solo-el-55-de-los-jovenes-apoya-la-vacunacion-obligatoria","status":"publish","type":"post","link":"https:\/\/laurbedigital.com.ar\/noticias\/2025\/12\/15\/preocupacion-sanitaria-solo-el-55-de-los-jovenes-apoya-la-vacunacion-obligatoria\/","title":{"rendered":"Preocupaci\u00f3n sanitaria: Solo el 55% de los j\u00f3venes apoya la vacunaci\u00f3n obligatoria"},"content":{"rendered":"<h4 data-path-to-node=\"3\">El debate de la intervenci\u00f3n estatal sanitaria se polariza<\/h4>\n<p data-path-to-node=\"4\">En un contexto de rebrote de enfermedades erradicadas o controladas, como el sarampi\u00f3n y la tos convulsa, los datos de una reciente encuesta de la consultora Zuban C\u00f3rdoba encendieron una luz de alerta en el \u00e1mbito sanitario. Si bien el consenso general en Argentina sobre la importancia de la vacunaci\u00f3n es \u00abampl\u00edsimo\u00bb \u2014con un <b>84,2% a favor<\/b> de la pr\u00e1ctica\u2014, el apoyo a la <b>vacunaci\u00f3n obligatoria<\/b> revela una preocupante fractura generacional.<\/p>\n<p data-path-to-node=\"5\">La encuesta destaca que solo el <b>78% de los argentinos<\/b> apoya la obligatoriedad de las vacunas, y esta cifra cae dr\u00e1sticamente entre los m\u00e1s j\u00f3venes. Este n\u00facleo de rechazo, aunque minoritario, es se\u00f1alado por la consultora como \u00abinfluyente en la conversaci\u00f3n digital y pol\u00edtica\u00bb y encuentra su mayor expresi\u00f3n en el electorado libertario y en los grupos etarios m\u00e1s bajos. La polarizaci\u00f3n se intensifica justo cuando las autoridades monitorean a 98 contactos estrechos tras la detecci\u00f3n de un caso importado de sarampi\u00f3n que recorri\u00f3 siete provincias.<\/p>\n<h4 data-path-to-node=\"6\">La brecha de 20 puntos que preocupa a los epidemi\u00f3logos<\/h4>\n<p data-path-to-node=\"7\">El dato m\u00e1s alarmante del sondeo se concentra en los j\u00f3venes de 16 a 30 a\u00f1os. Mientras que el apoyo general a la <b>vacunaci\u00f3n obligatoria<\/b> en el pa\u00eds es del 78%, este porcentaje desciende a apenas el <b>55,2%<\/b> en la franja etaria m\u00e1s joven.<\/p>\n<p data-path-to-node=\"8\">Esta diferencia de m\u00e1s de 20 puntos porcentuales respecto a los grupos de mayor edad evidencia un cambio de percepci\u00f3n:<\/p>\n<ul data-path-to-node=\"9\">\n<li>\n<p data-path-to-node=\"9,0,0\"><b>J\u00f3venes (16 a 30 a\u00f1os):<\/b> <b>55,2%<\/b> a favor. Un 28,8% (casi un 30%) se manifiesta en contra.<\/p>\n<\/li>\n<li>\n<p data-path-to-node=\"9,1,0\"><b>Adultos J\u00f3venes (31 a 45 a\u00f1os):<\/b> <b>79,4%<\/b> a favor.<\/p>\n<\/li>\n<li>\n<p data-path-to-node=\"9,2,0\"><b>Adultos (46 a 60 a\u00f1os):<\/b> <b>81,9%<\/b> a favor (la cifra m\u00e1s alta).<\/p>\n<\/li>\n<li>\n<p data-path-to-node=\"9,3,0\"><b>Tercera Edad (m\u00e1s de 60 a\u00f1os):<\/b> <b>80,3%<\/b> a favor.<\/p>\n<\/li>\n<\/ul>\n<p data-path-to-node=\"10\">Mientras que hombres y mujeres muestran un apoyo similar a la obligatoriedad (77,2% y 78,8% respectivamente), la edad y la afinidad pol\u00edtica se revelan como los principales factores de divisi\u00f3n. La baja adhesi\u00f3n juvenil sugiere que, si bien no se consideran formalmente \u00abantivacunas\u00bb (solo el 6,9% de los encuestados se identifica as\u00ed), s\u00ed existe una fuerte resistencia a la intervenci\u00f3n estatal en decisiones sanitarias personales.<\/p>\n<h4 data-path-to-node=\"11\">El sesgo pol\u00edtico: los votantes libertarios y la obligatoriedad<\/h4>\n<p data-path-to-node=\"12\">El an\u00e1lisis de la consultora tambi\u00e9n demostr\u00f3 la conexi\u00f3n entre la ideolog\u00eda pol\u00edtica y la postura sanitaria. Los argentinos que votaron a La Libertad Avanza (LLA) en las elecciones de 2025 se encuentran entre los grupos que menos aprueban la obligatoriedad de la vacunaci\u00f3n.<\/p>\n<p data-path-to-node=\"13\">Solo un <b>67,4%<\/b> de los votantes de LLA est\u00e1 a favor de que las vacunas sean obligatorias, con un 25,6% en contra. Esto contrasta fuertemente con los votantes de otras fuerzas mayoritarias, donde el apoyo supera el 86%, llegando al <b>94,1%<\/b> en el caso de Fuerza Patria.<\/p>\n<p data-path-to-node=\"14\">Este patr\u00f3n refuerza la idea de que el rechazo a la <b>vacunaci\u00f3n obligatoria<\/b> no es primariamente un escepticismo m\u00e9dico, sino una expresi\u00f3n de la desconfianza hacia la autoridad estatal y sus regulaciones, un mensaje central de las plataformas pol\u00edticas de corte liberal.<\/p>\n<h4 data-path-to-node=\"15\"><b>\u00bfPor qu\u00e9 no se vacunan? Razones detr\u00e1s de la resistencia<\/b><\/h4>\n<p data-path-to-node=\"16\">A pesar del amplio consenso declarado, un 28,9% del total de encuestados admiti\u00f3 no haberse aplicado todas las vacunas del calendario nacional. Las causas principales detr\u00e1s de esta falta de cumplimiento son:<\/p>\n<ol start=\"1\" data-path-to-node=\"17\">\n<li>\n<p data-path-to-node=\"17,0,0\"><b>Creen que \u00abno\u00bb hacen \u00abbien a la salud\u00bb:<\/b> 25,6%<\/p>\n<\/li>\n<li>\n<p data-path-to-node=\"17,1,0\"><b>No las creen necesarias:<\/b> 25,2%<\/p>\n<\/li>\n<li>\n<p data-path-to-node=\"17,2,0\"><b>El m\u00e9dico no se las indic\u00f3:<\/b> 22,2%<\/p>\n<\/li>\n<\/ol>\n<p data-path-to-node=\"18\">Estos motivos evidencian la persistencia de mitos y la desinformaci\u00f3n en torno a la seguridad y eficacia de las vacunas, lo que obliga a las autoridades sanitarias a reforzar las campa\u00f1as de concientizaci\u00f3n basadas en evidencia cient\u00edfica. Adem\u00e1s, la persistencia de la creencia de que \u00ablos ni\u00f1os reciben demasiadas vacunas\u00bb (respaldada por un 15,3% de los encuestados) muestra la necesidad de una comunicaci\u00f3n clara sobre el Calendario Nacional y su prop\u00f3sito.<\/p>\n<h4 data-path-to-node=\"19\">Conclusi\u00f3n: un desaf\u00edo para la salud p\u00fablica<\/h4>\n<p data-path-to-node=\"20\">El bajo apoyo a la <b>vacunaci\u00f3n obligatoria<\/b> en la poblaci\u00f3n joven y en ciertos grupos pol\u00edticos representa un desaf\u00edo cr\u00edtico para la salud p\u00fablica argentina. El sistema de inmunizaci\u00f3n, que hist\u00f3ricamente ha sido la columna vertebral para el control de enfermedades graves, depende de altas tasas de cobertura.<\/p>\n<p data-path-to-node=\"21\">Si la resistencia a la obligatoriedad se traduce en una ca\u00edda en la aplicaci\u00f3n efectiva de las dosis, el pa\u00eds se expone al riesgo de resurgimiento de patolog\u00edas ya controladas, como lo demuestran los recientes casos de sarampi\u00f3n. El desaf\u00edo para el Estado no es solo combatir los argumentos \u00abantivacunas\u00bb (un grupo minoritario), sino convencer a la mayor\u00eda esc\u00e9ptica sobre la necesidad de la intervenci\u00f3n sanitaria colectiva, particularmente entre los m\u00e1s j\u00f3venes y aquellos que desconf\u00edan de la regulaci\u00f3n estatal.<\/p>\n","protected":false},"excerpt":{"rendered":"<p>El debate de la intervenci\u00f3n estatal sanitaria se polariza En un contexto de rebrote de enfermedades erradicadas o controladas, como<\/p>\n","protected":false},"author":1,"featured_media":122449,"comment_status":"closed","ping_status":"closed","sticky":false,"template":"","format":"standard","meta":{"kia_subtitle":"El apoyo a la vacunaci\u00f3n obligatoria cae significativamente entre la juventud, con solo el 55,2% de los argentinos de 16 a 30 a\u00f1os a favor. El 90% de la poblaci\u00f3n se desmarca de ser \"antivacunas\".","footnotes":"","jetpack_publicize_message":"","jetpack_publicize_feature_enabled":true,"jetpack_social_post_already_shared":true,"jetpack_social_options":{"image_generator_settings":{"template":"highway","default_image_id":0,"font":"","enabled":false},"version":2}},"categories":[3,41,70],"tags":[],"class_list":["post-122458","post","type-post","status-publish","format-standard","has-post-thumbnail","hentry","category-actualidad","category-nacionales","category-salud"],"jetpack_publicize_connections":[],"jetpack_featured_media_url":"https:\/\/laurbedigital.com.ar\/noticias\/wp-content\/uploads\/2025\/12\/20251412-Vacunacion.jpg","_links":{"self":[{"href":"https:\/\/laurbedigital.com.ar\/noticias\/wp-json\/wp\/v2\/posts\/122458","targetHints":{"allow":["GET"]}}],"collection":[{"href":"https:\/\/laurbedigital.com.ar\/noticias\/wp-json\/wp\/v2\/posts"}],"about":[{"href":"https:\/\/laurbedigital.com.ar\/noticias\/wp-json\/wp\/v2\/types\/post"}],"author":[{"embeddable":true,"href":"https:\/\/laurbedigital.com.ar\/noticias\/wp-json\/wp\/v2\/users\/1"}],"replies":[{"embeddable":true,"href":"https:\/\/laurbedigital.com.ar\/noticias\/wp-json\/wp\/v2\/comments?post=122458"}],"version-history":[{"count":1,"href":"https:\/\/laurbedigital.com.ar\/noticias\/wp-json\/wp\/v2\/posts\/122458\/revisions"}],"predecessor-version":[{"id":122459,"href":"https:\/\/laurbedigital.com.ar\/noticias\/wp-json\/wp\/v2\/posts\/122458\/revisions\/122459"}],"wp:featuredmedia":[{"embeddable":true,"href":"https:\/\/laurbedigital.com.ar\/noticias\/wp-json\/wp\/v2\/media\/122449"}],"wp:attachment":[{"href":"https:\/\/laurbedigital.com.ar\/noticias\/wp-json\/wp\/v2\/media?parent=122458"}],"wp:term":[{"taxonomy":"category","embeddable":true,"href":"https:\/\/laurbedigital.com.ar\/noticias\/wp-json\/wp\/v2\/categories?post=122458"},{"taxonomy":"post_tag","embeddable":true,"href":"https:\/\/laurbedigital.com.ar\/noticias\/wp-json\/wp\/v2\/tags?post=122458"}],"curies":[{"name":"wp","href":"https:\/\/api.w.org\/{rel}","templated":true}]}}