{"id":122456,"date":"2025-12-15T01:16:40","date_gmt":"2025-12-15T04:16:40","guid":{"rendered":"https:\/\/laurbedigital.com.ar\/noticias\/?p=122456"},"modified":"2025-12-15T01:16:40","modified_gmt":"2025-12-15T04:16:40","slug":"el-desempleo-en-caba-alcanza-107-000-personas-y-afecta-mas-a-las-mujeres","status":"publish","type":"post","link":"https:\/\/laurbedigital.com.ar\/noticias\/2025\/12\/15\/el-desempleo-en-caba-alcanza-107-000-personas-y-afecta-mas-a-las-mujeres\/","title":{"rendered":"El desempleo en CABA alcanza 107.000 personas y afecta m\u00e1s a las mujeres"},"content":{"rendered":"<h4 data-path-to-node=\"3\">El mercado laboral porte\u00f1o se estabiliza con un desempleo persistente<\/h4>\n<p data-path-to-node=\"4\">Durante el tercer trimestre de 2025, el mercado laboral de la Ciudad Aut\u00f3noma de Buenos Aires (CABA) mantuvo una estabilidad relativa, aunque con un n\u00famero considerable de personas sin trabajo. Seg\u00fan el informe del Instituto de Estad\u00edsticas y Censos porte\u00f1o (IDECBA), la cifra de desocupados se ubic\u00f3 en <b>107.000 personas<\/b>, lo que representa una <b>tasa de desempleo del 6,3%<\/b> sobre la Poblaci\u00f3n Econ\u00f3micamente Activa (PEA).<\/p>\n<p data-path-to-node=\"5\">Este \u00edndice fue id\u00e9ntico al registrado en el mismo per\u00edodo de 2024, se\u00f1alando que la recuperaci\u00f3n del empleo no logr\u00f3 absorber la totalidad de la demanda laboral. No obstante, el dato mostr\u00f3 una mejora significativa respecto al trimestre inmediatamente anterior (segundo trimestre de 2025), cuando la desocupaci\u00f3n hab\u00eda tocado el 7,7%, afectando a 132.000 personas.<\/p>\n<p data-path-to-node=\"6\">En t\u00e9rminos generales, las tasas de actividad y empleo reflejaron una ligera mejor\u00eda interanual. La tasa de actividad subi\u00f3 levemente de 54,2% a 55,0%, mientras que la tasa de empleo avanz\u00f3 de 50,8% a 51,6%, lo que indica que m\u00e1s personas se sumaron al mercado, y la mayor\u00eda de ellas encontr\u00f3 alguna ocupaci\u00f3n, aunque sea parcial o informal.<\/p>\n<h4 data-path-to-node=\"7\">La brecha de g\u00e9nero y la disparidad territorial<\/h4>\n<p data-path-to-node=\"8\">El informe oficial pone el foco en las profundas inequidades que persisten en el mercado laboral de la Ciudad. El <b>desempleo en CABA<\/b> tiene una marcada segmentaci\u00f3n por g\u00e9nero:<\/p>\n<ul data-path-to-node=\"9\">\n<li>\n<p data-path-to-node=\"9,0,0\"><b>Desempleo Femenino:<\/b> La tasa de desocupaci\u00f3n para las mujeres asciende al <b>7,4%<\/b>.<\/p>\n<\/li>\n<li>\n<p data-path-to-node=\"9,1,0\"><b>Desempleo Masculino:<\/b> La tasa de desocupaci\u00f3n para los varones es significativamente menor, ubic\u00e1ndose en <b>5,2%<\/b>.<\/p>\n<\/li>\n<\/ul>\n<p data-path-to-node=\"10\">Esta brecha es cr\u00edtica, ya que las mujeres representan el <b>57,8% del total de personas desocupadas<\/b> en la Ciudad.<\/p>\n<p data-path-to-node=\"11\">Las diferencias se replican en el territorio porte\u00f1o. La <b>Zona Sur<\/b> de CABA, hist\u00f3ricamente con menores \u00edndices socioecon\u00f3micos, es la m\u00e1s afectada, registrando una tasa de desempleo del <b>7,4%<\/b>, muy por encima del promedio general. En contraste, las Zonas Norte y Centro presentan mejores indicadores, con tasas de actividad y empleo que superan el 60%, evidenciando una concentraci\u00f3n de oportunidades laborales y recursos en el centro y norte de la ciudad.<\/p>\n<h4 data-path-to-node=\"12\">La juventud y los servicios, ejes de la din\u00e1mica laboral<\/h4>\n<p data-path-to-node=\"13\">Al analizar la estructura del empleo por edad, el estudio revela la dificultad que enfrentan los extremos etarios para insertarse o mantenerse activos: la participaci\u00f3n laboral es baja entre los j\u00f3venes de hasta 24 a\u00f1os (27,4%) y los mayores de 65 a\u00f1os (24,4%). La mayor concentraci\u00f3n de empleo y actividad se da en el grupo central de 25 a 49 a\u00f1os, con una alt\u00edsima tasa de actividad del 93,1%.<\/p>\n<p data-path-to-node=\"14\">En cuanto a la distribuci\u00f3n sectorial, la econom\u00eda porte\u00f1a se reafirma como una capital de servicios:<\/p>\n<ul data-path-to-node=\"15\">\n<li>\n<p data-path-to-node=\"15,0,0\"><b>Servicios:<\/b> Concentra el <b>73,0%<\/b> de los puestos de trabajo.<\/p>\n<\/li>\n<li>\n<p data-path-to-node=\"15,1,0\"><b>Comercio:<\/b> Representa el <b>14,4%<\/b>.<\/p>\n<\/li>\n<li>\n<p data-path-to-node=\"15,2,0\"><b>Industria y Construcci\u00f3n:<\/b> Explican el <b>12,0%<\/b> restante.<\/p>\n<\/li>\n<\/ul>\n<h4 data-path-to-node=\"16\">Subocupaci\u00f3n e informalidad: los desaf\u00edos ocultos<\/h4>\n<p data-path-to-node=\"17\">M\u00e1s all\u00e1 del <b>desempleo en CABA<\/b> abierto, el informe alerta sobre la precariedad laboral. La tasa de <b>subocupaci\u00f3n horaria<\/b> (personas que trabajan menos de 35 horas semanales y desear\u00edan trabajar m\u00e1s) se ubic\u00f3 en <b>8,2%<\/b>, marcando una baja interanual de 1,9 puntos porcentuales.<\/p>\n<p data-path-to-node=\"18\">No obstante, se detect\u00f3 que el 56,6% de la poblaci\u00f3n subocupada es \u00abno demandante\u00bb, es decir, no busca activamente m\u00e1s horas de trabajo, un factor que, si bien alivia la presi\u00f3n sobre las estad\u00edsticas de desempleo, refleja resignaci\u00f3n o la dificultad para compatibilizar la b\u00fasqueda con otras obligaciones (como las de cuidado, que impactan especialmente en las mujeres).<\/p>\n<p data-path-to-node=\"19\">La <b>informalidad<\/b> sigue siendo un problema estructural: el 72,6% de la poblaci\u00f3n ocupada es asalariada, pero de este universo, el <b>27,3% no cuenta con aportes jubilatorios<\/b>. Esto significa que m\u00e1s de una cuarta parte de los trabajadores porte\u00f1os se desempe\u00f1a sin cobertura previsional, un claro indicador de empleo en negro.<\/p>\n<p data-path-to-node=\"20\">Finalmente, el informe se\u00f1ala la vulnerabilidad de quienes salen del mercado laboral: entre las personas desocupadas, el 75,1% de los asalariados y el 83,0% de los cuentapropistas perdieron su trabajo por causas directamente laborales. Este dato subraya la fragilidad del empleo y la necesidad de pol\u00edticas activas para la reinserci\u00f3n.<\/p>\n","protected":false},"excerpt":{"rendered":"<p>El mercado laboral porte\u00f1o se estabiliza con un desempleo persistente Durante el tercer trimestre de 2025, el mercado laboral de<\/p>\n","protected":false},"author":1,"featured_media":114269,"comment_status":"closed","ping_status":"closed","sticky":false,"template":"","format":"standard","meta":{"kia_subtitle":"El desempleo en CABA afect\u00f3 a 107.000 personas en el tercer trimestre de 2025, con una tasa del 6,3%. El informe oficial destaca que las mujeres representan el 57,8% del total de desocupados.","footnotes":"","jetpack_publicize_message":"","jetpack_publicize_feature_enabled":true,"jetpack_social_post_already_shared":true,"jetpack_social_options":{"image_generator_settings":{"template":"highway","default_image_id":0,"font":"","enabled":false},"version":2}},"categories":[13,2544],"tags":[],"class_list":["post-122456","post","type-post","status-publish","format-standard","has-post-thumbnail","hentry","category-region","category-ciudad-de-buenos-aires"],"jetpack_publicize_connections":[],"jetpack_featured_media_url":"https:\/\/laurbedigital.com.ar\/noticias\/wp-content\/uploads\/2025\/03\/20250314-Desempleo.jpg","_links":{"self":[{"href":"https:\/\/laurbedigital.com.ar\/noticias\/wp-json\/wp\/v2\/posts\/122456","targetHints":{"allow":["GET"]}}],"collection":[{"href":"https:\/\/laurbedigital.com.ar\/noticias\/wp-json\/wp\/v2\/posts"}],"about":[{"href":"https:\/\/laurbedigital.com.ar\/noticias\/wp-json\/wp\/v2\/types\/post"}],"author":[{"embeddable":true,"href":"https:\/\/laurbedigital.com.ar\/noticias\/wp-json\/wp\/v2\/users\/1"}],"replies":[{"embeddable":true,"href":"https:\/\/laurbedigital.com.ar\/noticias\/wp-json\/wp\/v2\/comments?post=122456"}],"version-history":[{"count":1,"href":"https:\/\/laurbedigital.com.ar\/noticias\/wp-json\/wp\/v2\/posts\/122456\/revisions"}],"predecessor-version":[{"id":122457,"href":"https:\/\/laurbedigital.com.ar\/noticias\/wp-json\/wp\/v2\/posts\/122456\/revisions\/122457"}],"wp:featuredmedia":[{"embeddable":true,"href":"https:\/\/laurbedigital.com.ar\/noticias\/wp-json\/wp\/v2\/media\/114269"}],"wp:attachment":[{"href":"https:\/\/laurbedigital.com.ar\/noticias\/wp-json\/wp\/v2\/media?parent=122456"}],"wp:term":[{"taxonomy":"category","embeddable":true,"href":"https:\/\/laurbedigital.com.ar\/noticias\/wp-json\/wp\/v2\/categories?post=122456"},{"taxonomy":"post_tag","embeddable":true,"href":"https:\/\/laurbedigital.com.ar\/noticias\/wp-json\/wp\/v2\/tags?post=122456"}],"curies":[{"name":"wp","href":"https:\/\/api.w.org\/{rel}","templated":true}]}}