{"id":122454,"date":"2025-12-15T01:08:56","date_gmt":"2025-12-15T04:08:56","guid":{"rendered":"https:\/\/laurbedigital.com.ar\/noticias\/?p=122454"},"modified":"2025-12-15T01:08:56","modified_gmt":"2025-12-15T04:08:56","slug":"desmantelamiento-cultural-el-gobierno-anuncio-la-concesion-de-tecnopolis-a-privados-por-25-anos","status":"publish","type":"post","link":"https:\/\/laurbedigital.com.ar\/noticias\/2025\/12\/15\/desmantelamiento-cultural-el-gobierno-anuncio-la-concesion-de-tecnopolis-a-privados-por-25-anos\/","title":{"rendered":"Desmantelamiento cultural: el gobierno anunci\u00f3 la concesi\u00f3n de Tecnopolis a privados por 25 a\u00f1os"},"content":{"rendered":"<h4 data-path-to-node=\"6\">25 a\u00f1os de privatizaci\u00f3n: un golpe a la ciencia gratuita<\/h4>\n<p data-path-to-node=\"7\">El jefe de Gabinete, Manuel Adorni, confirm\u00f3 el avance m\u00e1s radical del Gobierno sobre un \u00edcono de la cultura y la ciencia nacional: la licitaci\u00f3n para la <b>concesi\u00f3n de Tecn\u00f3polis a privados<\/b> por 300 meses (25 a\u00f1os). La medida, presentada bajo el argumento de eliminar el \u00abd\u00e9ficit\u00bb y asegurar que el predio \u00abnunca m\u00e1s ser\u00e1 una carga para los bolsillos de los argentinos\u00bb, es vista por amplios sectores como un acto de desmantelamiento ideol\u00f3gico.<\/p>\n<p data-path-to-node=\"8\">Tecn\u00f3polis, el mega-espacio de ciencia y arte en Villa Martelli, fue concebido como un proyecto de acceso libre y gratuito, una herramienta de pol\u00edtica p\u00fablica para la inclusi\u00f3n y la divulgaci\u00f3n tecnol\u00f3gica. Su transferencia a manos privadas por un cuarto de siglo <b>mercantiliza<\/b> esa funci\u00f3n social esencial, poniendo la rentabilidad por encima del derecho a la educaci\u00f3n y la cultura.<\/p>\n<h4 data-path-to-node=\"9\">El precio de la soberan\u00eda: $611 millones al mes<\/h4>\n<p data-path-to-node=\"10\">El Tribunal de Tasaciones de la Naci\u00f3n (TTN) fij\u00f3 un canon mensual inicial de $611 millones para la concesi\u00f3n. Este monto, aunque significativo, es se\u00f1alado por los cr\u00edticos como irrisorio si se compara con el valor estrat\u00e9gico y el potencial de desarrollo del predio.<\/p>\n<p data-path-to-node=\"11\">Al priorizar la reducci\u00f3n de costos operativos sobre la inversi\u00f3n en el capital humano y la ciencia, el Gobierno canjea un activo educativo y soberano por un ingreso mensual que no compensa la p\u00e9rdida.<\/p>\n<p data-path-to-node=\"12\">La pregunta central es qui\u00e9n podr\u00e1 acceder a Tecn\u00f3polis una vez que sea gestionado por un privado obligado a generar ganancias. La tendencia natural ser\u00e1 transformar un espacio de conocimiento en un centro de eventos lucrativos, donde el acceso gratuito ser\u00e1 la excepci\u00f3n, y no la regla, <b>erosionando su esp\u00edritu fundacional<\/b>.<\/p>\n<h4 data-path-to-node=\"13\">La antesala del remate: recortes de personal y desinversi\u00f3n<\/h4>\n<p data-path-to-node=\"14\">La decisi\u00f3n de la <b>concesi\u00f3n de Tecn\u00f3polis a privados<\/b> estuvo precedida por un proceso de desfinanciamiento y achicamiento. Desde diciembre de 2023, la dotaci\u00f3n de personal fue reducida en m\u00e1s del 30% (de 333 a 198 empleados).<\/p>\n<p data-path-to-node=\"15\">Esta reducci\u00f3n, presentada como \u00absaneamiento\u00bb, tuvo un efecto nocivo: <b>descapitalizar<\/b> la <i>expertise<\/i> humana, afectando el mantenimiento y la calidad de las exhibiciones. Para los cr\u00edticos, este <i>modus operandi<\/i> es una estrategia ya conocida: se recorta el presupuesto, se deteriora la calidad del servicio, se lo declara \u00abdeficitario\u00bb e \u00abineficiente\u00bb y, finalmente, se lo entrega al capital privado como \u00fanica soluci\u00f3n.<\/p>\n<h4 data-path-to-node=\"16\">\u00bfUn futuro de ferias y eventos?<\/h4>\n<p data-path-to-node=\"17\">Con la gesti\u00f3n en manos privadas, el futuro de Tecn\u00f3polis como vidriera de la ciencia y tecnolog\u00eda argentina corre serio peligro. Un concesionario con el objetivo de maximizar sus ingresos y cumplir con el canon tendr\u00e1 pocos incentivos para mantener exhibiciones complejas y costosas de divulgaci\u00f3n gratuita.<\/p>\n<p data-path-to-node=\"18\">El riesgo es que el predio se convierta, principalmente, en un polo para grandes eventos comerciales, conciertos y ferias corporativas. Esto implicar\u00eda desplazar la misi\u00f3n de exhibir los avances del CONICET, las universidades p\u00fablicas y la industria nacional, reduciendo la exposici\u00f3n de millones de j\u00f3venes a los desarrollos cient\u00edficos locales.<\/p>\n<p data-path-to-node=\"19\">La medida del Gobierno no solo busca el fin del d\u00e9ficit, sino el <b>fin de un modelo de acceso universal<\/b> al conocimiento, redefiniendo qu\u00e9 es un \u00abactivo\u00bb para el Estado: dejando de ser un veh\u00edculo para el desarrollo social para convertirse en una simple propiedad a explotar.<\/p>\n","protected":false},"excerpt":{"rendered":"<p>25 a\u00f1os de privatizaci\u00f3n: un golpe a la ciencia gratuita El jefe de Gabinete, Manuel Adorni, confirm\u00f3 el avance m\u00e1s<\/p>\n","protected":false},"author":1,"featured_media":122448,"comment_status":"closed","ping_status":"closed","sticky":false,"template":"","format":"standard","meta":{"kia_subtitle":"El Gobierno cede la gesti\u00f3n de Tecn\u00f3polis a privados por 25 a\u00f1os a cambio de un canon de $611 millones, desmantelando un proyecto insignia de divulgaci\u00f3n cient\u00edfica y de acceso popular.","footnotes":"","jetpack_publicize_message":"","jetpack_publicize_feature_enabled":true,"jetpack_social_post_already_shared":true,"jetpack_social_options":{"image_generator_settings":{"template":"highway","default_image_id":0,"font":"","enabled":false},"version":2}},"categories":[3,41],"tags":[],"class_list":["post-122454","post","type-post","status-publish","format-standard","has-post-thumbnail","hentry","category-actualidad","category-nacionales"],"jetpack_publicize_connections":[],"jetpack_featured_media_url":"https:\/\/laurbedigital.com.ar\/noticias\/wp-content\/uploads\/2025\/12\/20251412-Tecnopolis.jpg","_links":{"self":[{"href":"https:\/\/laurbedigital.com.ar\/noticias\/wp-json\/wp\/v2\/posts\/122454","targetHints":{"allow":["GET"]}}],"collection":[{"href":"https:\/\/laurbedigital.com.ar\/noticias\/wp-json\/wp\/v2\/posts"}],"about":[{"href":"https:\/\/laurbedigital.com.ar\/noticias\/wp-json\/wp\/v2\/types\/post"}],"author":[{"embeddable":true,"href":"https:\/\/laurbedigital.com.ar\/noticias\/wp-json\/wp\/v2\/users\/1"}],"replies":[{"embeddable":true,"href":"https:\/\/laurbedigital.com.ar\/noticias\/wp-json\/wp\/v2\/comments?post=122454"}],"version-history":[{"count":1,"href":"https:\/\/laurbedigital.com.ar\/noticias\/wp-json\/wp\/v2\/posts\/122454\/revisions"}],"predecessor-version":[{"id":122455,"href":"https:\/\/laurbedigital.com.ar\/noticias\/wp-json\/wp\/v2\/posts\/122454\/revisions\/122455"}],"wp:featuredmedia":[{"embeddable":true,"href":"https:\/\/laurbedigital.com.ar\/noticias\/wp-json\/wp\/v2\/media\/122448"}],"wp:attachment":[{"href":"https:\/\/laurbedigital.com.ar\/noticias\/wp-json\/wp\/v2\/media?parent=122454"}],"wp:term":[{"taxonomy":"category","embeddable":true,"href":"https:\/\/laurbedigital.com.ar\/noticias\/wp-json\/wp\/v2\/categories?post=122454"},{"taxonomy":"post_tag","embeddable":true,"href":"https:\/\/laurbedigital.com.ar\/noticias\/wp-json\/wp\/v2\/tags?post=122454"}],"curies":[{"name":"wp","href":"https:\/\/api.w.org\/{rel}","templated":true}]}}