{"id":122445,"date":"2025-12-15T00:56:23","date_gmt":"2025-12-15T03:56:23","guid":{"rendered":"https:\/\/laurbedigital.com.ar\/noticias\/?p=122445"},"modified":"2025-12-15T00:56:23","modified_gmt":"2025-12-15T03:56:23","slug":"kshamenk-la-orca-en-cautiverio-de-mundo-marino-muere-tras-mas-de-30-anos-de-encierro","status":"publish","type":"post","link":"https:\/\/laurbedigital.com.ar\/noticias\/2025\/12\/15\/kshamenk-la-orca-en-cautiverio-de-mundo-marino-muere-tras-mas-de-30-anos-de-encierro\/","title":{"rendered":"Kshamenk, la orca en cautiverio de Mundo Marino, muere tras m\u00e1s de 30 a\u00f1os de encierro"},"content":{"rendered":"<h4 data-path-to-node=\"6\">Un triste final para la \u00faltima orca en cautiverio de Sudam\u00e9rica<\/h4>\n<p data-path-to-node=\"7\">En un desenlace que conmueve a la comunidad ambientalista y reabre el debate sobre la \u00e9tica de los parques marinos, Kshamenk, la orca macho que pas\u00f3 m\u00e1s de tres d\u00e9cadas en cautiverio en Mundo Marino (San Clemente del Tuy\u00fa, Argentina), falleci\u00f3 este domingo 14 de diciembre. El parque tem\u00e1tico, que lo hab\u00eda mantenido como su principal atracci\u00f3n, comunic\u00f3 que el deceso se produjo a causa de un paro cardiorrespiratorio. Con su muerte, Sudam\u00e9rica se libera de la presencia de orcas en acuarios, un s\u00edmbolo largamente combatido por organizaciones de protecci\u00f3n animal.<\/p>\n<p data-path-to-node=\"8\">La vida de Kshamenk, cuyo nombre significa \u00aborca\u00bb en idioma ona, fue una prolongada historia de encierro. Lleg\u00f3 a Mundo Marino entre 1992 y 1993, siendo apenas un cachorro de entre dos y cinco a\u00f1os, tras un varamiento masivo en la Bah\u00eda de Samboromb\u00f3n. De los cuatro ejemplares hallados, fue el \u00fanico que sobrevivi\u00f3 al traslado y la adaptaci\u00f3n al reducido estanque de concreto. Desde entonces, su existencia se resumi\u00f3 a un espacio que, seg\u00fan activistas, resultaba tr\u00e1gicamente inadecuado para un superdepredador social e inteligente que, en libertad, recorre cientos de kil\u00f3metros diariamente.<\/p>\n<h4 data-path-to-node=\"9\">La denuncia de una muerte prematura<\/h4>\n<p data-path-to-node=\"10\">Si bien el parque acu\u00e1tico le atribu\u00eda una edad que oscilaba entre los 33 y 35 a\u00f1os, las organizaciones defensoras de los derechos animales han calificado su muerte como \u00abjoven y prematura\u00bb. Una orca en su h\u00e1bitat natural puede vivir hasta 60 a\u00f1os, y las hembras incluso hasta 90. Kshamenk, por el contrario, pas\u00f3 casi la totalidad de su vida dando vueltas en un estanque.<\/p>\n<p data-path-to-node=\"11\">La disonancia entre la longevidad natural y la de cautiverio es un punto central de la denuncia. El confinamiento para una especie social como la orca es la ant\u00edtesis de la vida. Expertos coinciden en que el estr\u00e9s cr\u00f3nico, la falta de est\u00edmulo y la ausencia de su manada (la orca Bel\u00e9n, su \u00fanica compa\u00f1era de tanque, muri\u00f3 en el a\u00f1o 2000), act\u00faan como factores letales, acortando dr\u00e1sticamente su esperanza de vida. Como lo se\u00f1alan activistas, \u00abno muri\u00f3 de viejo, muri\u00f3 de encierro\u00bb.<\/p>\n<h4 data-path-to-node=\"12\">Un historial de controversia y activismo<\/h4>\n<p data-path-to-node=\"13\">El cautiverio de Kshamenk fue objeto de una intensa y prolongada campa\u00f1a internacional por parte de diversas organizaciones, destac\u00e1ndose la labor de Derechos Animales Marinos (DAM). Las denuncias no solo se centraron en las dimensiones del estanque (se habla de un di\u00e1metro de apenas 12 metros) y la calidad del agua, sino tambi\u00e9n en el uso del animal para espect\u00e1culos y, m\u00e1s controversia a\u00fan, para fines reproductivos.<\/p>\n<p data-path-to-node=\"14\">En 2013, Kshamenk fue noticia mundial cuando se revel\u00f3 que hab\u00eda sido padre, mediante inseminaci\u00f3n artificial, de dos cr\u00edas nacidas en el parque SeaWorld de Estados Unidos. Este hecho puso de manifiesto el comercio internacional de material gen\u00e9tico de fauna marina, un negocio que profundiza el debate \u00e9tico sobre la explotaci\u00f3n animal m\u00e1s all\u00e1 de las fronteras.<\/p>\n<p data-path-to-node=\"15\">Recientemente, la preocupaci\u00f3n por el estado de la <b>orca en cautiverio<\/b> hab\u00eda escalado. Videos difundidos por la ONG Urgent Seas mostraban a Kshamenk languideciendo inm\u00f3vil en estanques con agua turbia, im\u00e1genes que detonaron una nueva ola de indignaci\u00f3n y la presentaci\u00f3n de amparos judiciales para evaluar su estado y forzar su eventual liberaci\u00f3n o traslado a un santuario marino.<\/p>\n<h4 data-path-to-node=\"16\">El futuro sin orcas en el continente<\/h4>\n<p data-path-to-node=\"17\">La muerte de Kshamenk marca el fin de la era de la <b>orca en cautiverio<\/b> en Sudam\u00e9rica. Este hecho, si bien triste por la vida que se le neg\u00f3 al ejemplar, es un hito para el movimiento conservacionista que lucha por la prohibici\u00f3n de estos espect\u00e1culos. La presi\u00f3n social y legal ha llevado a un cambio de paradigma en el continente, donde la conciencia sobre el sufrimiento de los cet\u00e1ceos en confinamiento ha crecido exponencialmente.<\/p>\n<p data-path-to-node=\"18\">El caso de Kshamenk, lejos de cerrarse, se convierte en un s\u00edmbolo y un llamado de atenci\u00f3n permanente sobre la necesidad de legislar y fiscalizar el trato a la fauna marina en parques tem\u00e1ticos. Su legado es un doloroso recordatorio de que, para especies tan complejas y viajeras, la vida fuera del oc\u00e9ano no es vida, sino una forma lenta y estresante de prisi\u00f3n.<\/p>\n<p data-path-to-node=\"19\">La causa por su liberaci\u00f3n ahora se transforma en la lucha por garantizar que ning\u00fan otro cet\u00e1ceo en Sudam\u00e9rica deba sufrir un destino similar.<\/p>\n","protected":false},"excerpt":{"rendered":"<p>Un triste final para la \u00faltima orca en cautiverio de Sudam\u00e9rica En un desenlace que conmueve a la comunidad ambientalista<\/p>\n","protected":false},"author":1,"featured_media":122446,"comment_status":"closed","ping_status":"closed","sticky":false,"template":"","format":"standard","meta":{"kia_subtitle":"Kshamenk, la orca en cautiverio s\u00edmbolo de la fauna marina encerrada en Sudam\u00e9rica, muri\u00f3 a los 33-35 a\u00f1os en Mundo Marino. Su fallecimiento cierra un cap\u00edtulo de activismo y reaviva el debate sobre la vida en acuarios.","footnotes":"","jetpack_publicize_message":"","jetpack_publicize_feature_enabled":true,"jetpack_social_post_already_shared":true,"jetpack_social_options":{"image_generator_settings":{"template":"highway","default_image_id":0,"font":"","enabled":false},"version":2}},"categories":[3,15],"tags":[],"class_list":["post-122445","post","type-post","status-publish","format-standard","has-post-thumbnail","hentry","category-actualidad","category-tendencias"],"jetpack_publicize_connections":[],"jetpack_featured_media_url":"https:\/\/laurbedigital.com.ar\/noticias\/wp-content\/uploads\/2025\/12\/20251412-Ballena.jpg","_links":{"self":[{"href":"https:\/\/laurbedigital.com.ar\/noticias\/wp-json\/wp\/v2\/posts\/122445","targetHints":{"allow":["GET"]}}],"collection":[{"href":"https:\/\/laurbedigital.com.ar\/noticias\/wp-json\/wp\/v2\/posts"}],"about":[{"href":"https:\/\/laurbedigital.com.ar\/noticias\/wp-json\/wp\/v2\/types\/post"}],"author":[{"embeddable":true,"href":"https:\/\/laurbedigital.com.ar\/noticias\/wp-json\/wp\/v2\/users\/1"}],"replies":[{"embeddable":true,"href":"https:\/\/laurbedigital.com.ar\/noticias\/wp-json\/wp\/v2\/comments?post=122445"}],"version-history":[{"count":1,"href":"https:\/\/laurbedigital.com.ar\/noticias\/wp-json\/wp\/v2\/posts\/122445\/revisions"}],"predecessor-version":[{"id":122450,"href":"https:\/\/laurbedigital.com.ar\/noticias\/wp-json\/wp\/v2\/posts\/122445\/revisions\/122450"}],"wp:featuredmedia":[{"embeddable":true,"href":"https:\/\/laurbedigital.com.ar\/noticias\/wp-json\/wp\/v2\/media\/122446"}],"wp:attachment":[{"href":"https:\/\/laurbedigital.com.ar\/noticias\/wp-json\/wp\/v2\/media?parent=122445"}],"wp:term":[{"taxonomy":"category","embeddable":true,"href":"https:\/\/laurbedigital.com.ar\/noticias\/wp-json\/wp\/v2\/categories?post=122445"},{"taxonomy":"post_tag","embeddable":true,"href":"https:\/\/laurbedigital.com.ar\/noticias\/wp-json\/wp\/v2\/tags?post=122445"}],"curies":[{"name":"wp","href":"https:\/\/api.w.org\/{rel}","templated":true}]}}