{"id":122443,"date":"2025-12-15T00:53:37","date_gmt":"2025-12-15T03:53:37","guid":{"rendered":"https:\/\/laurbedigital.com.ar\/noticias\/?p=122443"},"modified":"2025-12-15T00:53:37","modified_gmt":"2025-12-15T03:53:37","slug":"dia-del-camionero","status":"publish","type":"post","link":"https:\/\/laurbedigital.com.ar\/noticias\/2025\/12\/15\/dia-del-camionero\/","title":{"rendered":"D\u00eda del Camionero: Reconocimiento a los pilares del transporte en Argentina"},"content":{"rendered":"<p>El 15 de diciembre es una fecha especial para el transporte en Argentina, ya que se celebra el D\u00eda del Camionero. Esta jornada rinde homenaje a los conductores de camiones que, desde 1967, cuentan con un marco regulatorio que protegi\u00f3 sus derechos laborales y les otorg\u00f3 una voz colectiva en el \u00e1mbito sindical.<\/p>\n<p>El origen de esta conmemoraci\u00f3n se remonta al 15 de diciembre de 1967, cuando se firm\u00f3 el Primer Convenio Colectivo de Trabajo que incluy\u00f3 al gremio de camioneros en el pa\u00eds. Este hito hist\u00f3rico no solo marc\u00f3 un antes y un despu\u00e9s en las condiciones laborales de los choferes, sino que tambi\u00e9n destac\u00f3 su papel fundamental en la econom\u00eda nacional. A partir de ese momento, el sindicato se consolid\u00f3 como un organismo clave para la defensa de los derechos y el bienestar de los trabajadores del sector.<\/p>\n<p>El transporte de carga en camiones constituye una pieza indispensable para la log\u00edstica en Argentina. Seg\u00fan datos recientes, m\u00e1s del 90% de las mercader\u00edas del pa\u00eds se movilizan por esta v\u00eda, lo que subraya la importancia de los camioneros en el desarrollo econ\u00f3mico. Estos trabajadores no solo conectan ciudades y pueblos, sino que tambi\u00e9n son los responsables de abastecer los mercados, las industrias y los hogares en cada rinc\u00f3n del territorio nacional.<\/p>\n<p>Sin embargo, la labor del camionero no est\u00e1 exenta de desaf\u00edos. La extensa red vial argentina, que abarca rutas y caminos de diversa calidad, exige no solo destreza al volante, sino tambi\u00e9n un gran esfuerzo f\u00edsico y mental para enfrentar jornadas largas y exigentes. Adem\u00e1s, el gremio enfrenta problem\u00e1ticas como el aumento de los costos operativos, la inseguridad en las rutas y la necesidad de una infraestructura vial m\u00e1s moderna y segura.<\/p>\n<p>A lo largo de los a\u00f1os, el D\u00eda del Camionero se ha convertido en una oportunidad para reconocer el esfuerzo y la dedicaci\u00f3n de estos trabajadores esenciales. Diversos eventos y actividades se organizan en todo el pa\u00eds para celebrar la jornada, destacando la relevancia del sector y promoviendo la uni\u00f3n entre los trabajadores y sus familias.<\/p>\n<p>En esta fecha, se pone en valor el sacrificio diario de los camioneros, quienes, con su esfuerzo y compromiso, garantizan que el pa\u00eds siga en movimiento. Es un d\u00eda para reflexionar sobre la importancia de mejorar las condiciones laborales de este sector estrat\u00e9gico y asegurar su sostenibilidad a largo plazo.<\/p>\n<p>El D\u00eda del Camionero no es solo una celebraci\u00f3n, sino un recordatorio de que, sobre las ruedas de sus camiones, estos trabajadores transportan no solo mercanc\u00edas, sino tambi\u00e9n los sue\u00f1os y el progreso de toda una naci\u00f3n.<\/p>\n","protected":false},"excerpt":{"rendered":"<p>El 15 de diciembre es una fecha especial para el transporte en Argentina, ya que se celebra el D\u00eda del<\/p>\n","protected":false},"author":1,"featured_media":111720,"comment_status":"closed","ping_status":"closed","sticky":false,"template":"","format":"standard","meta":{"kia_subtitle":"Un d\u00eda para homenajear a quienes impulsan el pa\u00eds sobre ruedas","footnotes":"","jetpack_publicize_message":"","jetpack_publicize_feature_enabled":true,"jetpack_social_post_already_shared":true,"jetpack_social_options":{"image_generator_settings":{"template":"highway","default_image_id":0,"font":"","enabled":false},"version":2}},"categories":[5,2594],"tags":[],"class_list":["post-122443","post","type-post","status-publish","format-standard","has-post-thumbnail","hentry","category-cultura","category-efemerides"],"jetpack_publicize_connections":[],"jetpack_featured_media_url":"https:\/\/laurbedigital.com.ar\/noticias\/wp-content\/uploads\/2024\/12\/20241214-dia-del-caminonero.jpg","_links":{"self":[{"href":"https:\/\/laurbedigital.com.ar\/noticias\/wp-json\/wp\/v2\/posts\/122443","targetHints":{"allow":["GET"]}}],"collection":[{"href":"https:\/\/laurbedigital.com.ar\/noticias\/wp-json\/wp\/v2\/posts"}],"about":[{"href":"https:\/\/laurbedigital.com.ar\/noticias\/wp-json\/wp\/v2\/types\/post"}],"author":[{"embeddable":true,"href":"https:\/\/laurbedigital.com.ar\/noticias\/wp-json\/wp\/v2\/users\/1"}],"replies":[{"embeddable":true,"href":"https:\/\/laurbedigital.com.ar\/noticias\/wp-json\/wp\/v2\/comments?post=122443"}],"version-history":[{"count":1,"href":"https:\/\/laurbedigital.com.ar\/noticias\/wp-json\/wp\/v2\/posts\/122443\/revisions"}],"predecessor-version":[{"id":122444,"href":"https:\/\/laurbedigital.com.ar\/noticias\/wp-json\/wp\/v2\/posts\/122443\/revisions\/122444"}],"wp:featuredmedia":[{"embeddable":true,"href":"https:\/\/laurbedigital.com.ar\/noticias\/wp-json\/wp\/v2\/media\/111720"}],"wp:attachment":[{"href":"https:\/\/laurbedigital.com.ar\/noticias\/wp-json\/wp\/v2\/media?parent=122443"}],"wp:term":[{"taxonomy":"category","embeddable":true,"href":"https:\/\/laurbedigital.com.ar\/noticias\/wp-json\/wp\/v2\/categories?post=122443"},{"taxonomy":"post_tag","embeddable":true,"href":"https:\/\/laurbedigital.com.ar\/noticias\/wp-json\/wp\/v2\/tags?post=122443"}],"curies":[{"name":"wp","href":"https:\/\/api.w.org\/{rel}","templated":true}]}}