{"id":122437,"date":"2025-12-14T15:02:07","date_gmt":"2025-12-14T18:02:07","guid":{"rendered":"https:\/\/laurbedigital.com.ar\/noticias\/?p=122437"},"modified":"2025-12-14T15:07:28","modified_gmt":"2025-12-14T18:07:28","slug":"cascallares-y-fabiani-acompanaron-en-su-graduacion-a-72-nuevos-egresados-de-la-universidad-guillermo-brown","status":"publish","type":"post","link":"https:\/\/laurbedigital.com.ar\/noticias\/2025\/12\/14\/cascallares-y-fabiani-acompanaron-en-su-graduacion-a-72-nuevos-egresados-de-la-universidad-guillermo-brown\/","title":{"rendered":"Cascallares y Fabiani acompa\u00f1aron en su graduaci\u00f3n a 72 nuevos egresados de la Universidad Guillermo Brown"},"content":{"rendered":"<p>La ceremonia se desarroll\u00f3 en el campus de la casa de altos estudios, ubicado en la calle Blas Parera N\u00b0 132, en el marco de la IX y X Jornada de Colaci\u00f3n de Grado de la UNaB junto al rector, Pablo Domenichini; el vicerrector, Facundo Nejamski; y el secretario de Extensi\u00f3n y Bienestar, Ignacio Jawtuschenko.<\/p>\n<h5><strong><em>\u201cEs una alegr\u00eda enorme seguir acompa\u00f1ando el crecimiento de nuestra querida Universidad y ver c\u00f3mo cada a\u00f1o m\u00e1s vecinos alcanzan su sue\u00f1o de convertirse en profesionales\u201d, destac\u00f3 Mariano Cascallares, quien apunt\u00f3 que, del total, 56 graduados son primera generaci\u00f3n de universitarios en sus familias.<\/em><\/strong><\/h5>\n<p><img loading=\"lazy\" decoding=\"async\" class=\"alignnone size-full wp-image-122429\" src=\"https:\/\/laurbedigital.com.ar\/noticias\/wp-content\/uploads\/2025\/12\/20251214-brown-UNAB-1.jpg\" alt=\"\" width=\"768\" height=\"428\" title=\"\" srcset=\"https:\/\/laurbedigital.com.ar\/noticias\/wp-content\/uploads\/2025\/12\/20251214-brown-UNAB-1.jpg 768w, https:\/\/laurbedigital.com.ar\/noticias\/wp-content\/uploads\/2025\/12\/20251214-brown-UNAB-1-300x167.jpg 300w\" sizes=\"auto, (max-width: 768px) 100vw, 768px\" \/><\/p>\n<p>En esta oportunidad egresaron veinte estudiantes de la Tecnicatura Universitaria en Acompa\u00f1ante Terap\u00e9utico; dos de la Tecnicatura en Automatizaci\u00f3n y Control; ocho de la Tecnicatura en Gesti\u00f3n de las Organizaciones; y uno de la Licenciatura en Ciencia de Datos.<\/p>\n<p>Tambi\u00e9n cuatro de la Licenciatura en Administraci\u00f3n; cinco de la Licenciatura en Ense\u00f1anza de la Matem\u00e1tica; siete de la Licenciatura en Log\u00edstica y Transporte; y tres de la Tecnicatura en Dise\u00f1o y Desarrollo de Producto<\/p>\n<p><img loading=\"lazy\" decoding=\"async\" class=\"alignnone size-full wp-image-122430\" src=\"https:\/\/laurbedigital.com.ar\/noticias\/wp-content\/uploads\/2025\/12\/20251214-brown-UNAB-2.jpg\" alt=\"\" width=\"768\" height=\"428\" title=\"\" srcset=\"https:\/\/laurbedigital.com.ar\/noticias\/wp-content\/uploads\/2025\/12\/20251214-brown-UNAB-2.jpg 768w, https:\/\/laurbedigital.com.ar\/noticias\/wp-content\/uploads\/2025\/12\/20251214-brown-UNAB-2-300x167.jpg 300w\" sizes=\"auto, (max-width: 768px) 100vw, 768px\" \/><\/p>\n<p>Adem\u00e1s, finalizaron sus estudios 17 estudiantes de la Tecnicatura en Comunicaci\u00f3n Digital; cuatro de la Tecnicatura en Log\u00edstica y Transporte; y uno de la Tecnicatura en Programaci\u00f3n.<\/p>\n<p>Cabe recordar que el primer acto de colaci\u00f3n de la UNaB se llev\u00f3 a cabo en marzo de 2023, cuando quince estudiantes recibieron su diploma correspondiente al Ciclo de Complementaci\u00f3n Curricular para la Licenciatura en Ense\u00f1anza de la Matem\u00e1tica y a la Tecnicatura en Gesti\u00f3n de las Organizaciones.<\/p>\n<p>Finalmente en representaci\u00f3n de la Comuna browniana estuvieron tambi\u00e9n la jefa de Gabinete Municipal, Paula Eichel, y el secretario de Educaci\u00f3n, Ciencia y Tecnolog\u00eda del Municipio, Sergio Pianciola, adem\u00e1s de secretarios, docentes y estudiantes.<\/p>\n","protected":false},"excerpt":{"rendered":"<p>La ceremonia se desarroll\u00f3 en el campus de la casa de altos estudios, ubicado en la calle Blas Parera N\u00b0<\/p>\n","protected":false},"author":1,"featured_media":122428,"comment_status":"closed","ping_status":"closed","sticky":false,"template":"","format":"standard","meta":{"kia_subtitle":"En un emotivo acto, Mariano Cascallares y el intendente interino de Almirante Brown, Juan Fabiani, acompa\u00f1aron a 72 estudiantes que recibieron su t\u00edtulo universitario en un nuevo acto de colaci\u00f3n realizado en la Universidad Nacional Guillermo Brown (UNaB).","footnotes":"","jetpack_publicize_message":"","jetpack_publicize_feature_enabled":true,"jetpack_social_post_already_shared":true,"jetpack_social_options":{"image_generator_settings":{"template":"highway","default_image_id":0,"font":"","enabled":false},"version":2}},"categories":[2,33],"tags":[],"class_list":["post-122437","post","type-post","status-publish","format-standard","has-post-thumbnail","hentry","category-alte-brown","category-alte-brown-alte-brown"],"jetpack_publicize_connections":[],"jetpack_featured_media_url":"https:\/\/laurbedigital.com.ar\/noticias\/wp-content\/uploads\/2025\/12\/20251214-brown-UNAB.jpg","_links":{"self":[{"href":"https:\/\/laurbedigital.com.ar\/noticias\/wp-json\/wp\/v2\/posts\/122437","targetHints":{"allow":["GET"]}}],"collection":[{"href":"https:\/\/laurbedigital.com.ar\/noticias\/wp-json\/wp\/v2\/posts"}],"about":[{"href":"https:\/\/laurbedigital.com.ar\/noticias\/wp-json\/wp\/v2\/types\/post"}],"author":[{"embeddable":true,"href":"https:\/\/laurbedigital.com.ar\/noticias\/wp-json\/wp\/v2\/users\/1"}],"replies":[{"embeddable":true,"href":"https:\/\/laurbedigital.com.ar\/noticias\/wp-json\/wp\/v2\/comments?post=122437"}],"version-history":[{"count":2,"href":"https:\/\/laurbedigital.com.ar\/noticias\/wp-json\/wp\/v2\/posts\/122437\/revisions"}],"predecessor-version":[{"id":122440,"href":"https:\/\/laurbedigital.com.ar\/noticias\/wp-json\/wp\/v2\/posts\/122437\/revisions\/122440"}],"wp:featuredmedia":[{"embeddable":true,"href":"https:\/\/laurbedigital.com.ar\/noticias\/wp-json\/wp\/v2\/media\/122428"}],"wp:attachment":[{"href":"https:\/\/laurbedigital.com.ar\/noticias\/wp-json\/wp\/v2\/media?parent=122437"}],"wp:term":[{"taxonomy":"category","embeddable":true,"href":"https:\/\/laurbedigital.com.ar\/noticias\/wp-json\/wp\/v2\/categories?post=122437"},{"taxonomy":"post_tag","embeddable":true,"href":"https:\/\/laurbedigital.com.ar\/noticias\/wp-json\/wp\/v2\/tags?post=122437"}],"curies":[{"name":"wp","href":"https:\/\/api.w.org\/{rel}","templated":true}]}}