{"id":122427,"date":"2025-12-14T14:57:12","date_gmt":"2025-12-14T17:57:12","guid":{"rendered":"https:\/\/laurbedigital.com.ar\/noticias\/?p=122427"},"modified":"2025-12-14T14:58:09","modified_gmt":"2025-12-14T17:58:09","slug":"el-viaducto-papa-francisco-de-burzaco-fue-premiado-como-la-mejor-obra-vial-urbana-del-ano","status":"publish","type":"post","link":"https:\/\/laurbedigital.com.ar\/noticias\/2025\/12\/14\/el-viaducto-papa-francisco-de-burzaco-fue-premiado-como-la-mejor-obra-vial-urbana-del-ano\/","title":{"rendered":"El Viaducto \u201cPapa Francisco\u201d de Burzaco fue premiado como la mejor obra vial urbana del a\u00f1o"},"content":{"rendered":"<p>La condecoraci\u00f3n a esta hist\u00f3rica obra local inaugurada el 25 de mayo pasado\u00a0 fue recibida en representaci\u00f3n del Municipio de Almirante Brown por la subsecretaria de Infraestructura, Gabriela Fern\u00e1ndez, en el marco de la Cena \u00abD\u00eda del Camino\u00bb que se realiz\u00f3 en el Automovil Club Argentino (ACA), organizada por la mencionada ACC.<\/p>\n<h5><strong><em>Al respecto, Mariano Cascallares remarc\u00f3 su alegr\u00eda al respecto y destac\u00f3 que \u201cm\u00e1s de 120.000 veh\u00edculos utilizan cada d\u00eda este viaducto que transform\u00f3 por completo la conectividad en Burzaco y en toda nuestra regi\u00f3n\u201d.<\/em><\/strong><\/h5>\n<h5><strong><em>En tanto, el intendente interino Juan Fabiani subray\u00f3 que \u201cesta obra monumental potencia la transitabilidad y la circulaci\u00f3n en una zona hist\u00f3ricamente congestionada, mejorando la seguridad vial y agilizando el acceso al Parque Industrial\u201d.<\/em><\/strong><\/h5>\n<p><img loading=\"lazy\" decoding=\"async\" class=\"alignnone size-full wp-image-122432\" src=\"https:\/\/laurbedigital.com.ar\/noticias\/wp-content\/uploads\/2025\/12\/20251214-brown-VIADUCTO-PAPA-FRANCISCO-1.jpg\" alt=\"\" width=\"768\" height=\"428\" title=\"\" srcset=\"https:\/\/laurbedigital.com.ar\/noticias\/wp-content\/uploads\/2025\/12\/20251214-brown-VIADUCTO-PAPA-FRANCISCO-1.jpg 768w, https:\/\/laurbedigital.com.ar\/noticias\/wp-content\/uploads\/2025\/12\/20251214-brown-VIADUCTO-PAPA-FRANCISCO-1-300x167.jpg 300w\" sizes=\"auto, (max-width: 768px) 100vw, 768px\" \/><\/p>\n<p>El Viaducto \u201cPapa Francisco\u201d tiene una extensi\u00f3n total de 1.226 metros y cuenta con dos carriles por sentido, separador central y colectoras laterales. La traza elevada permite atravesar la avenida Hip\u00f3lito Yrigoyen sin ingresar a la rotonda, optimizando los tiempos de viaje.<\/p>\n<p>Adem\u00e1s, posee 5,10 metros de altura, un ancho de dos calzadas de 3,5 metros cada una y banquinas de 2,5 metros por lado. Estas caracter\u00edsticas permiten el paso seguro de transportes de gran porte y mejoran la fluidez del tr\u00e1nsito en un punto estrat\u00e9gico del distrito, que constituye el principal acceso al Parque Industrial de Burzaco.<\/p>\n<p><img loading=\"lazy\" decoding=\"async\" class=\"alignnone size-full wp-image-122433\" src=\"https:\/\/laurbedigital.com.ar\/noticias\/wp-content\/uploads\/2025\/12\/20251214-brown-VIADUCTO-PAPA-FRANCISCO-2.jpg\" alt=\"\" width=\"768\" height=\"428\" title=\"\" srcset=\"https:\/\/laurbedigital.com.ar\/noticias\/wp-content\/uploads\/2025\/12\/20251214-brown-VIADUCTO-PAPA-FRANCISCO-2.jpg 768w, https:\/\/laurbedigital.com.ar\/noticias\/wp-content\/uploads\/2025\/12\/20251214-brown-VIADUCTO-PAPA-FRANCISCO-2-300x167.jpg 300w\" sizes=\"auto, (max-width: 768px) 100vw, 768px\" \/><\/p>\n<p>Esta hist\u00f3rica megaobra hab\u00eda sido paralizada por el actual Gobierno Nacional cuando le faltaba menos de un 10% para su finalizaci\u00f3n, y fue continuada y habilitada por el Municipio de Alte Brown y la Provincia de Buenos Aires.<\/p>\n","protected":false},"excerpt":{"rendered":"<p>La condecoraci\u00f3n a esta hist\u00f3rica obra local inaugurada el 25 de mayo pasado\u00a0 fue recibida en representaci\u00f3n del Municipio de<\/p>\n","protected":false},"author":1,"featured_media":122431,"comment_status":"closed","ping_status":"closed","sticky":false,"template":"","format":"standard","meta":{"kia_subtitle":"El Viaducto \u201cPapa Francisco\u201d, ubicado sobre el Camino de Cintura a la altura de la rotonda Los Pinos de Burzaco, fue distinguido por la Asociaci\u00f3n Argentina de Carreteras (AAC) como la obra vial urbana del a\u00f1o.","footnotes":"","jetpack_publicize_message":"","jetpack_publicize_feature_enabled":true,"jetpack_social_post_already_shared":true,"jetpack_social_options":{"image_generator_settings":{"template":"highway","default_image_id":0,"font":"","enabled":false},"version":2}},"categories":[2,33,43],"tags":[],"class_list":["post-122427","post","type-post","status-publish","format-standard","has-post-thumbnail","hentry","category-alte-brown","category-alte-brown-alte-brown","category-burzaco"],"jetpack_publicize_connections":[],"jetpack_featured_media_url":"https:\/\/laurbedigital.com.ar\/noticias\/wp-content\/uploads\/2025\/12\/20251214-brown-VIADUCTO-PAPA-FRANCISCO.jpg","_links":{"self":[{"href":"https:\/\/laurbedigital.com.ar\/noticias\/wp-json\/wp\/v2\/posts\/122427","targetHints":{"allow":["GET"]}}],"collection":[{"href":"https:\/\/laurbedigital.com.ar\/noticias\/wp-json\/wp\/v2\/posts"}],"about":[{"href":"https:\/\/laurbedigital.com.ar\/noticias\/wp-json\/wp\/v2\/types\/post"}],"author":[{"embeddable":true,"href":"https:\/\/laurbedigital.com.ar\/noticias\/wp-json\/wp\/v2\/users\/1"}],"replies":[{"embeddable":true,"href":"https:\/\/laurbedigital.com.ar\/noticias\/wp-json\/wp\/v2\/comments?post=122427"}],"version-history":[{"count":3,"href":"https:\/\/laurbedigital.com.ar\/noticias\/wp-json\/wp\/v2\/posts\/122427\/revisions"}],"predecessor-version":[{"id":122436,"href":"https:\/\/laurbedigital.com.ar\/noticias\/wp-json\/wp\/v2\/posts\/122427\/revisions\/122436"}],"wp:featuredmedia":[{"embeddable":true,"href":"https:\/\/laurbedigital.com.ar\/noticias\/wp-json\/wp\/v2\/media\/122431"}],"wp:attachment":[{"href":"https:\/\/laurbedigital.com.ar\/noticias\/wp-json\/wp\/v2\/media?parent=122427"}],"wp:term":[{"taxonomy":"category","embeddable":true,"href":"https:\/\/laurbedigital.com.ar\/noticias\/wp-json\/wp\/v2\/categories?post=122427"},{"taxonomy":"post_tag","embeddable":true,"href":"https:\/\/laurbedigital.com.ar\/noticias\/wp-json\/wp\/v2\/tags?post=122427"}],"curies":[{"name":"wp","href":"https:\/\/api.w.org\/{rel}","templated":true}]}}