{"id":122424,"date":"2025-12-14T03:03:15","date_gmt":"2025-12-14T06:03:15","guid":{"rendered":"https:\/\/laurbedigital.com.ar\/noticias\/?p=122424"},"modified":"2025-12-14T03:08:23","modified_gmt":"2025-12-14T06:08:23","slug":"soda-stereo-y-su-noche-inolvidable-34-anos-del-recital-historico-en-la-9-de-julio","status":"publish","type":"post","link":"https:\/\/laurbedigital.com.ar\/noticias\/2025\/12\/14\/soda-stereo-y-su-noche-inolvidable-34-anos-del-recital-historico-en-la-9-de-julio\/","title":{"rendered":"Soda Stereo y su noche inolvidable: 34 a\u00f1os del recital hist\u00f3rico en la 9 de Julio"},"content":{"rendered":"<p>Hace 34 a\u00f1os, la avenida 9 de Julio se convirti\u00f3 en el epicentro de un evento hist\u00f3rico que marc\u00f3 un antes y un despu\u00e9s en el rock nacional. Soda Stereo, la banda liderada por Gustavo Cerati, ofreci\u00f3 un recital gratuito que reuni\u00f3 a m\u00e1s de 250.000 personas, rompiendo r\u00e9cords de audiencia y dejando una huella imborrable en la cultura musical argentina.<\/p>\n<p>En pleno apogeo de su carrera, Soda Stereo estaba consolidando su lugar como una de las bandas m\u00e1s influyentes de Am\u00e9rica Latina. En noviembre de 1991, el grupo decidi\u00f3 regalarle al p\u00fablico un espect\u00e1culo \u00fanico en el coraz\u00f3n de Buenos Aires, como cierre de su gira <em>Canci\u00f3n Animal<\/em>. Aquella noche, la avenida 9 de Julio se llen\u00f3 de fan\u00e1ticos de todas las edades que desbordaron el espacio, demostrando el fen\u00f3meno social que representaba la banda en ese momento.<\/p>\n<p>La elecci\u00f3n del lugar no fue casual: la 9 de Julio, con su imponente Obelisco como testigo, era el escenario perfecto para un evento de tal magnitud. Desde temprano, los seguidores de Soda Stereo comenzaron a ocupar las calles, ansiosos por escuchar en vivo los acordes de cl\u00e1sicos como <em>De m\u00fasica ligera<\/em>, <em>Persiana americana<\/em> y <em>Cuando pase el temblor<\/em>. La energ\u00eda de la multitud fue tal que esa noche no solo Buenos Aires vibr\u00f3, sino que el eco del recital lleg\u00f3 a toda la regi\u00f3n.<\/p>\n<p>El show no estuvo exento de desaf\u00edos. La organizaci\u00f3n requiri\u00f3 un despliegue log\u00edstico impresionante, incluyendo medidas de seguridad para manejar la masiva concurrencia. Sin embargo, la conexi\u00f3n entre la banda y su p\u00fablico fue tan poderosa que cualquier dificultad qued\u00f3 opacada por la magia del momento. El carisma de Gustavo Cerati, la contundencia de Zeta Bosio en el bajo y la fuerza de Charly Alberti en la bater\u00eda lograron crear una atm\u00f3sfera inolvidable.<\/p>\n<p>Aquel concierto marc\u00f3 un r\u00e9cord de asistencia en espect\u00e1culos al aire libre en Argentina, convirti\u00e9ndose en un s\u00edmbolo de la relaci\u00f3n \u00fanica entre Soda Stereo y sus seguidores. M\u00e1s all\u00e1 de las cifras, lo que permanece en la memoria colectiva es la sensaci\u00f3n de unidad, emoci\u00f3n y orgullo que compartieron quienes asistieron y quienes lo vivieron desde lejos.<\/p>\n<p>Hoy, m\u00e1s de tres d\u00e9cadas despu\u00e9s, el recital en la 9 de Julio sigue siendo recordado como un hito insuperable en la historia del rock en espa\u00f1ol. No solo confirm\u00f3 el estatus de Soda Stereo como \u00edconos musicales, sino que tambi\u00e9n demostr\u00f3 el poder de la m\u00fasica como veh\u00edculo para trascender fronteras y conectar almas. Una noche que, sin dudas, quedar\u00e1 para siempre en el coraz\u00f3n de los argentinos.<\/p>\n","protected":false},"excerpt":{"rendered":"<p>Hace 34 a\u00f1os, la avenida 9 de Julio se convirti\u00f3 en el epicentro de un evento hist\u00f3rico que marc\u00f3 un<\/p>\n","protected":false},"author":1,"featured_media":111697,"comment_status":"closed","ping_status":"closed","sticky":false,"template":"","format":"standard","meta":{"kia_subtitle":"El hito que marc\u00f3 la historia del rock en Argentina y Am\u00e9rica Latina","footnotes":"","jetpack_publicize_message":"","jetpack_publicize_feature_enabled":true,"jetpack_social_post_already_shared":true,"jetpack_social_options":{"image_generator_settings":{"template":"highway","default_image_id":0,"font":"","enabled":false},"version":2}},"categories":[5,2594],"tags":[],"class_list":["post-122424","post","type-post","status-publish","format-standard","has-post-thumbnail","hentry","category-cultura","category-efemerides"],"jetpack_publicize_connections":[],"jetpack_featured_media_url":"https:\/\/laurbedigital.com.ar\/noticias\/wp-content\/uploads\/2024\/12\/20241214-Soda-Stereo.jpg","_links":{"self":[{"href":"https:\/\/laurbedigital.com.ar\/noticias\/wp-json\/wp\/v2\/posts\/122424","targetHints":{"allow":["GET"]}}],"collection":[{"href":"https:\/\/laurbedigital.com.ar\/noticias\/wp-json\/wp\/v2\/posts"}],"about":[{"href":"https:\/\/laurbedigital.com.ar\/noticias\/wp-json\/wp\/v2\/types\/post"}],"author":[{"embeddable":true,"href":"https:\/\/laurbedigital.com.ar\/noticias\/wp-json\/wp\/v2\/users\/1"}],"replies":[{"embeddable":true,"href":"https:\/\/laurbedigital.com.ar\/noticias\/wp-json\/wp\/v2\/comments?post=122424"}],"version-history":[{"count":2,"href":"https:\/\/laurbedigital.com.ar\/noticias\/wp-json\/wp\/v2\/posts\/122424\/revisions"}],"predecessor-version":[{"id":122426,"href":"https:\/\/laurbedigital.com.ar\/noticias\/wp-json\/wp\/v2\/posts\/122424\/revisions\/122426"}],"wp:featuredmedia":[{"embeddable":true,"href":"https:\/\/laurbedigital.com.ar\/noticias\/wp-json\/wp\/v2\/media\/111697"}],"wp:attachment":[{"href":"https:\/\/laurbedigital.com.ar\/noticias\/wp-json\/wp\/v2\/media?parent=122424"}],"wp:term":[{"taxonomy":"category","embeddable":true,"href":"https:\/\/laurbedigital.com.ar\/noticias\/wp-json\/wp\/v2\/categories?post=122424"},{"taxonomy":"post_tag","embeddable":true,"href":"https:\/\/laurbedigital.com.ar\/noticias\/wp-json\/wp\/v2\/tags?post=122424"}],"curies":[{"name":"wp","href":"https:\/\/api.w.org\/{rel}","templated":true}]}}