{"id":122411,"date":"2025-12-14T02:42:51","date_gmt":"2025-12-14T05:42:51","guid":{"rendered":"https:\/\/laurbedigital.com.ar\/noticias\/?p=122411"},"modified":"2025-12-14T02:42:51","modified_gmt":"2025-12-14T05:42:51","slug":"denuncia-de-amnistia-internacional-mas-de-2-500-heridos-en-dos-anos-del-protocolo-antipiquetes","status":"publish","type":"post","link":"https:\/\/laurbedigital.com.ar\/noticias\/2025\/12\/14\/denuncia-de-amnistia-internacional-mas-de-2-500-heridos-en-dos-anos-del-protocolo-antipiquetes\/","title":{"rendered":"Denuncia de Amnist\u00eda Internacional: m\u00e1s de 2.500 heridos en dos a\u00f1os del Protocolo Antipiquetes"},"content":{"rendered":"<p data-path-to-node=\"5\">Al cumplirse dos a\u00f1os de su implementaci\u00f3n, el <b>Protocolo Antipiquetes<\/b> (Resoluci\u00f3n 943\/2023 del Ministerio de Seguridad) es objeto de un contundente informe de Amnist\u00eda Internacional, que describe una \u00abescalada de represi\u00f3n\u00bb frente a la protesta social en Argentina. El relevamiento document\u00f3 un total de <b><span class=\"math-inline\" data-math=\"2.557\">$2.557$<\/span> personas heridas<\/b> entre 2024 y 2025, producto del uso supuestamente ileg\u00edtimo o desproporcionado de la fuerza por parte de las fuerzas de seguridad. Las cifras, junto con las advertencias formales de organismos internacionales, ponen en cuesti\u00f3n la constitucionalidad y la aplicaci\u00f3n pr\u00e1ctica de la norma que habilita desalojos y detenciones sin orden judicial.<\/p>\n<h4 data-path-to-node=\"6\">Heridos y detenidos: una escalada innegable<\/h4>\n<p data-path-to-node=\"7\">El informe de Amnist\u00eda Internacional, que cita datos de la Comisi\u00f3n Provincial por la Memoria, muestra una tendencia creciente en las consecuencias de la aplicaci\u00f3n del Protocolo sobre los manifestantes y transe\u00fantes.<\/p>\n<p data-path-to-node=\"8\">Las cifras de heridos y detenciones en el marco de las protestas registraron un fuerte aumento interanual:<\/p>\n<ul data-path-to-node=\"9\">\n<li>\n<p data-path-to-node=\"9,0,0\"><b>2024:<\/b> Se documentaron <span class=\"math-inline\" data-math=\"1.216\">$1.216$<\/span> personas heridas y <span class=\"math-inline\" data-math=\"93\">$93$<\/span> detenciones.<\/p>\n<\/li>\n<li>\n<p data-path-to-node=\"9,1,0\"><b>2025:<\/b> Las cifras ascendieron a <span class=\"math-inline\" data-math=\"1.341\">$1.341$<\/span> heridos y un m\u00ednimo de <span class=\"math-inline\" data-math=\"165\">$165$<\/span> detenidos.<\/p>\n<\/li>\n<\/ul>\n<p data-path-to-node=\"10\">El incremento interanual en la cantidad de detenciones fue el m\u00e1s notorio, alcanzando un <b><span class=\"math-inline\" data-math=\"77\\%\">$77\\%$<\/span><\/b> de suba respecto al a\u00f1o anterior.<\/p>\n<p data-path-to-node=\"11\">Las lesiones detalladas por el informe no fueron superficiales. Se identificaron impactos de balas de goma en \u00e1reas vitales como la cabeza y el rostro, el uso de gases lacrim\u00f3genos y pimienta, y golpes con bastones. La gravedad de la situaci\u00f3n se ve reflejada en la documentaci\u00f3n de cuatro casos de impactos en los ojos con consecuencias permanentes. Dos de los casos m\u00e1s resonantes son los de Jonathan Navarro y Rodrigo Troncoso, quienes denunciaron la p\u00e9rdida de la visi\u00f3n en un ojo por impactos de armas cin\u00e9ticas (balas de goma) durante protestas.<\/p>\n<h4 data-path-to-node=\"12\">El impacto sobre el trabajo period\u00edstico<\/h4>\n<p data-path-to-node=\"13\">El ejercicio de la prensa libre tambi\u00e9n se vio significativamente afectado por la aplicaci\u00f3n del <b>Protocolo Antipiquetes<\/b>. Amnist\u00eda Internacional registr\u00f3 al menos <b><span class=\"math-inline\" data-math=\"184\">$184$<\/span> trabajadores de prensa<\/b> que sufrieron agresiones o lesiones durante la cobertura de manifestaciones, a lo que se suman detenciones arbitrarias.<\/p>\n<p data-path-to-node=\"14\">El uso de armamento menos letal, como balas de goma y gases, ha generado un \u00abefecto silenciador\u00bb, seg\u00fan el informe, obligando a cronistas y fot\u00f3grafos a usar equipamiento de protecci\u00f3n en sus coberturas.<\/p>\n<p data-path-to-node=\"15\">El caso m\u00e1s grave reportado es el del fot\u00f3grafo Pablo Grillo, quien en marzo de 2025 sufri\u00f3 una fractura expuesta de cr\u00e1neo tras ser impactado por un cartucho de gas lacrim\u00f3geno mientras cubr\u00eda una marcha de jubilados. Si bien la Justicia identific\u00f3 y proces\u00f3 al gendarme responsable, el incidente pone de relieve los riesgos extremos a los que se expone el periodismo al cubrir las protestas bajo este marco operativo.<\/p>\n<h4 data-path-to-node=\"16\">Preocupaci\u00f3n y alertas de organismos globales<\/h4>\n<p data-path-to-node=\"17\">La preocupaci\u00f3n por el deterioro del derecho a la protesta en Argentina trascendi\u00f3 las fronteras, provocando advertencias formales de importantes organismos internacionales:<\/p>\n<ol start=\"1\" data-path-to-node=\"18\">\n<li>\n<p data-path-to-node=\"18,0,0\"><b>Relator\u00edas Especiales de la ONU:<\/b> Ya en enero de 2024, alertaron al Estado argentino sobre las implicancias de la Resoluci\u00f3n 943\/2023. En mayo de 2025, emitieron una nueva advertencia sobre el deterioro general del espacio c\u00edvico.<\/p>\n<\/li>\n<li>\n<p data-path-to-node=\"18,1,0\"><b>CIDH (Comisi\u00f3n Interamericana de Derechos Humanos):<\/b> Exhort\u00f3 al Estado a garantizar y respetar los derechos de reuni\u00f3n y asociaci\u00f3n pac\u00edfica, solicitando espec\u00edficamente la investigaci\u00f3n de los hechos violentos ocurridos el 12 de marzo de 2025.<\/p>\n<\/li>\n<li>\n<p data-path-to-node=\"18,2,0\"><b>Comit\u00e9 de la ONU contra la Tortura:<\/b> En noviembre de 2025, el Comit\u00e9 expres\u00f3 su preocupaci\u00f3n por el Protocolo, haciendo hincapi\u00e9 en las lesiones graves causadas por las armas menos letales y exigiendo investigaciones independientes y la adecuaci\u00f3n de las normativas a los est\u00e1ndares internacionales de derechos humanos.<\/p>\n<\/li>\n<\/ol>\n<h4 data-path-to-node=\"19\">Judicializaci\u00f3n y el efecto de \u00abdisciplinamiento\u00bb<\/h4>\n<p data-path-to-node=\"20\">A pesar de la gravedad de los reportes, el Ministerio de Seguridad inform\u00f3 la apertura de solo dos sumarios administrativos por el uso desproporcionado de la fuerza, uno de los cuales cerr\u00f3 sin sanciones. Esta falta de respuesta institucional robusta contrasta con la documentaci\u00f3n de Amnist\u00eda Internacional.<\/p>\n<p data-path-to-node=\"21\">Paola Garc\u00eda Rey, directora adjunta de Amnist\u00eda Internacional Argentina, calific\u00f3 la escalada como \u201cinnegable\u201d y sostuvo que la violencia estatal se ha naturalizado, operando como \u201cun mecanismo de intimidaci\u00f3n y disciplinamiento destinado a desalentar y silenciar la participaci\u00f3n social\u201d.<\/p>\n<p data-path-to-node=\"22\">Actualmente, la organizaci\u00f3n integra una acci\u00f3n de amparo que busca la declaraci\u00f3n de inconstitucionalidad del <b>Protocolo Antipiquetes<\/b>, esperando que la contundente evidencia de heridos y violaciones de derechos sea considerada por el Poder Judicial. El debate se centra ahora en el equilibrio entre el derecho a la circulaci\u00f3n y el derecho constitucional a la protesta pac\u00edfica.<\/p>\n","protected":false},"excerpt":{"rendered":"<p>Al cumplirse dos a\u00f1os de su implementaci\u00f3n, el Protocolo Antipiquetes (Resoluci\u00f3n 943\/2023 del Ministerio de Seguridad) es objeto de un<\/p>\n","protected":false},"author":1,"featured_media":122412,"comment_status":"closed","ping_status":"closed","sticky":false,"template":"","format":"standard","meta":{"kia_subtitle":"Al cumplirse dos a\u00f1os del Protocolo Antipiquetes, un informe de Amnist\u00eda Internacional detalla un uso desproporcionado de la fuerza con $2.557$ heridos y un aumento del $77%$ en detenciones, generando alertas de la ONU y la CIDH.","footnotes":"","jetpack_publicize_message":"","jetpack_publicize_feature_enabled":true,"jetpack_social_post_already_shared":true,"jetpack_social_options":{"image_generator_settings":{"template":"highway","default_image_id":0,"font":"","enabled":false},"version":2}},"categories":[3,61,41],"tags":[],"class_list":["post-122411","post","type-post","status-publish","format-standard","has-post-thumbnail","hentry","category-actualidad","category-ddhh","category-nacionales"],"jetpack_publicize_connections":[],"jetpack_featured_media_url":"https:\/\/laurbedigital.com.ar\/noticias\/wp-content\/uploads\/2025\/12\/20251213-amnistia.jpg","_links":{"self":[{"href":"https:\/\/laurbedigital.com.ar\/noticias\/wp-json\/wp\/v2\/posts\/122411","targetHints":{"allow":["GET"]}}],"collection":[{"href":"https:\/\/laurbedigital.com.ar\/noticias\/wp-json\/wp\/v2\/posts"}],"about":[{"href":"https:\/\/laurbedigital.com.ar\/noticias\/wp-json\/wp\/v2\/types\/post"}],"author":[{"embeddable":true,"href":"https:\/\/laurbedigital.com.ar\/noticias\/wp-json\/wp\/v2\/users\/1"}],"replies":[{"embeddable":true,"href":"https:\/\/laurbedigital.com.ar\/noticias\/wp-json\/wp\/v2\/comments?post=122411"}],"version-history":[{"count":1,"href":"https:\/\/laurbedigital.com.ar\/noticias\/wp-json\/wp\/v2\/posts\/122411\/revisions"}],"predecessor-version":[{"id":122413,"href":"https:\/\/laurbedigital.com.ar\/noticias\/wp-json\/wp\/v2\/posts\/122411\/revisions\/122413"}],"wp:featuredmedia":[{"embeddable":true,"href":"https:\/\/laurbedigital.com.ar\/noticias\/wp-json\/wp\/v2\/media\/122412"}],"wp:attachment":[{"href":"https:\/\/laurbedigital.com.ar\/noticias\/wp-json\/wp\/v2\/media?parent=122411"}],"wp:term":[{"taxonomy":"category","embeddable":true,"href":"https:\/\/laurbedigital.com.ar\/noticias\/wp-json\/wp\/v2\/categories?post=122411"},{"taxonomy":"post_tag","embeddable":true,"href":"https:\/\/laurbedigital.com.ar\/noticias\/wp-json\/wp\/v2\/tags?post=122411"}],"curies":[{"name":"wp","href":"https:\/\/api.w.org\/{rel}","templated":true}]}}