{"id":122406,"date":"2025-12-14T02:35:45","date_gmt":"2025-12-14T05:35:45","guid":{"rendered":"https:\/\/laurbedigital.com.ar\/noticias\/?p=122406"},"modified":"2025-12-14T02:35:45","modified_gmt":"2025-12-14T05:35:45","slug":"nuevo-aumento-de-transporte-publico-en-amba-cuando-y-cuanto-costara-el-boleto-en-2026","status":"publish","type":"post","link":"https:\/\/laurbedigital.com.ar\/noticias\/2025\/12\/14\/nuevo-aumento-de-transporte-publico-en-amba-cuando-y-cuanto-costara-el-boleto-en-2026\/","title":{"rendered":"Nuevo aumento de transporte p\u00fablico en AMBA: cu\u00e1ndo y cu\u00e1nto costar\u00e1 el boleto en 2026"},"content":{"rendered":"<p data-path-to-node=\"5\">El <b>transporte p\u00fablico en AMBA<\/b> volver\u00e1 a sufrir una serie de incrementos tarifarios a partir de enero de 2026, consolidando una din\u00e1mica de ajuste autom\u00e1tico atada a la inflaci\u00f3n. \u00bfCu\u00e1ndo se aplicar\u00e1 el alza, cu\u00e1nto costar\u00e1 el boleto m\u00ednimo de colectivos, trenes y subtes, y c\u00f3mo impactar\u00e1 en el bolsillo de los usuarios? La noticia se enmarca en un contexto de inflaci\u00f3n persistente, que ya hab\u00eda provocado una suba del 4,3% en diciembre para los colectivos, luego de registrar la inflaci\u00f3n de octubre del 2,3%. Los nuevos cuadros tarifarios buscan achicar el rezago de costos, pero profundizan la preocupaci\u00f3n por el acceso a la movilidad en la regi\u00f3n m\u00e1s poblada del pa\u00eds.<\/p>\n<h4 data-path-to-node=\"6\">Las nuevas tarifas de colectivos para el AMBA<\/h4>\n<p data-path-to-node=\"7\">El servicio de colectivos, fundamental para la movilidad diaria en la regi\u00f3n, registrar\u00e1 ajustes que var\u00edan seg\u00fan la jurisdicci\u00f3n y la distancia recorrida. Los incrementos se aplicar\u00e1n a partir de enero, seg\u00fan lo establecido por las autoridades de transporte.<\/p>\n<h5 data-path-to-node=\"8\">Aumentos en la Ciudad Aut\u00f3noma de Buenos Aires (CABA)<\/h5>\n<p data-path-to-node=\"9\">Para las l\u00edneas de colectivos que circulan exclusivamente dentro del \u00e1mbito de la Ciudad de Buenos Aires, el cuadro tarifario quedar\u00e1 de la siguiente manera, basado en la extensi\u00f3n del trayecto:<\/p>\n<ul data-path-to-node=\"10\">\n<li>\n<p data-path-to-node=\"10,0,0\"><b>Viajes de hasta 3 kil\u00f3metros:<\/b> El boleto m\u00ednimo ascender\u00e1 a <b>$620,22<\/b>.<\/p>\n<\/li>\n<li>\n<p data-path-to-node=\"10,1,0\"><b>Recorridos de entre 3 y 6 kil\u00f3metros:<\/b> Se ubicar\u00e1 en $655,90.<\/p>\n<\/li>\n<li>\n<p data-path-to-node=\"10,2,0\"><b>Trayectos de entre 6 y 12 kil\u00f3metros:<\/b> La tarifa ser\u00e1 de $735,45.<\/p>\n<\/li>\n<li>\n<p data-path-to-node=\"10,3,0\"><b>Recorridos de entre 12 y 27 kil\u00f3metros:<\/b> El valor ser\u00e1 de <b>$795,40<\/b>.<\/p>\n<\/li>\n<\/ul>\n<h5 data-path-to-node=\"11\">Tarifas en colectivos provinciales y nacionales<\/h5>\n<p data-path-to-node=\"12\">Fuera del per\u00edmetro de la Capital Federal, los colectivos de jurisdicci\u00f3n provincial y nacional tambi\u00e9n enfrentar\u00e1n importantes modificaciones en sus precios:<\/p>\n<ul data-path-to-node=\"13\">\n<li>\n<p data-path-to-node=\"13,0,0\"><b>L\u00edneas provinciales (Jurisdicci\u00f3n de la Provincia de Buenos Aires):<\/b> El boleto m\u00ednimo pasar\u00e1 a ser de <b>$688,06<\/b>, y el valor m\u00e1ximo para los trayectos superiores a los 27 kil\u00f3metros alcanzar\u00e1 los <b>$943,35<\/b>.<\/p>\n<\/li>\n<li>\n<p data-path-to-node=\"13,1,0\"><b>L\u00edneas nacionales (Recorridos interjurisdiccionales):<\/b> En este caso, el pasaje oscilar\u00e1 entre los <b>$494,83<\/b> (tarifa m\u00ednima) y los <b>$678,42<\/b> (tarifa m\u00e1xima), dependiendo de la distancia.<\/p>\n<\/li>\n<\/ul>\n<h4 data-path-to-node=\"14\">La actualizaci\u00f3n de los boletos de tren<\/h4>\n<p data-path-to-node=\"15\">El servicio ferroviario, que conecta a la periferia con la Capital Federal a trav\u00e9s de m\u00faltiples ramales, mantendr\u00e1 una estructura tarifaria segmentada por secciones, con aumentos aplicables a partir de enero de 2026 en todas las l\u00edneas del AMBA:<\/p>\n<table data-path-to-node=\"16\">\n<thead>\n<tr>\n<td><strong>Secci\u00f3n<\/strong><\/td>\n<td><strong>Valor del Boleto<\/strong><\/td>\n<\/tr>\n<\/thead>\n<tbody>\n<tr>\n<td><span data-path-to-node=\"16,1,0,0\">Secci\u00f3n 1<\/span><\/td>\n<td><span data-path-to-node=\"16,1,1,0\"><b>$280<\/b><\/span><\/td>\n<\/tr>\n<tr>\n<td><span data-path-to-node=\"16,2,0,0\">Secci\u00f3n 2<\/span><\/td>\n<td><span data-path-to-node=\"16,2,1,0\"><b>$360<\/b><\/span><\/td>\n<\/tr>\n<tr>\n<td><span data-path-to-node=\"16,3,0,0\">Secci\u00f3n 3<\/span><\/td>\n<td><span data-path-to-node=\"16,3,1,0\"><b>$450<\/b><\/span><\/td>\n<\/tr>\n<\/tbody>\n<\/table>\n<h4 data-path-to-node=\"17\">Subte y premetro: El nuevo esquema de ajuste autom\u00e1tico<\/h4>\n<p data-path-to-node=\"18\">En el caso del subte y el premetro, la administraci\u00f3n porte\u00f1a implementar\u00e1 un esquema de incrementos que buscar\u00e1 la actualizaci\u00f3n constante de las tarifas, despeg\u00e1ndose parcialmente de los anuncios puntuales.<\/p>\n<h4 data-path-to-node=\"19\">Aumentos por etapas<\/h4>\n<p data-path-to-node=\"20\">El pasaje de subte con tarjeta SUBE registrar\u00e1 un ajuste inicial en enero, pasando de $1.206 a <b>$1.260<\/b>, lo que representa una suba del 4,5%. Un segundo aumento est\u00e1 previsto para febrero, donde la tarifa ascender\u00e1 a <b>$1.336<\/b>, acumulando un incremento del 11% en el bimestre.<\/p>\n<h5 data-path-to-node=\"21\">Indexaci\u00f3n mensual a partir de marzo<\/h5>\n<p data-path-to-node=\"22\">La mayor novedad para el transporte subterr\u00e1neo reside en la implementaci\u00f3n, a partir de marzo, de un sistema de incrementos mensuales autom\u00e1ticos. Este mecanismo tomar\u00e1 como base la variaci\u00f3n del \u00cdndice de Precios al Consumidor (IPC) nacional de dos meses atr\u00e1s (por ejemplo, el IPC de enero se usar\u00e1 para la tarifa de marzo), al cual se le a\u00f1adir\u00e1 un adicional del 1%.<\/p>\n<p data-path-to-node=\"23\">Este sistema de indexaci\u00f3n busca evitar el atraso tarifario y la necesidad de subsidios extraordinarios, pero genera una preocupaci\u00f3n constante entre los usuarios, quienes ver\u00e1n sus gastos de movilidad sujetos a una din\u00e1mica de subas ininterrumpidas y predecibles.<\/p>\n<h4 data-path-to-node=\"24\">La presi\u00f3n econ\u00f3mica sobre los usuarios<\/h4>\n<p data-path-to-node=\"25\">La cadena de <b>aumento de transporte p\u00fablico en AMBA<\/b> tiene un impacto directo en el presupuesto de millones de personas que dependen de la red para trabajar, estudiar y realizar tr\u00e1mites. La pol\u00edtica de indexaci\u00f3n autom\u00e1tica, si bien brinda previsibilidad a los costos operativos de las empresas, traslada la volatilidad inflacionaria directamente al gasto esencial de la ciudadan\u00eda. Analistas advierten que, sin un acompa\u00f1amiento en los ingresos de los hogares, la movilidad urbana se vuelve cada vez m\u00e1s costosa en t\u00e9rminos de poder adquisitivo.<\/p>\n","protected":false},"excerpt":{"rendered":"<p>El transporte p\u00fablico en AMBA volver\u00e1 a sufrir una serie de incrementos tarifarios a partir de enero de 2026, consolidando<\/p>\n","protected":false},"author":1,"featured_media":35031,"comment_status":"closed","ping_status":"closed","sticky":false,"template":"","format":"standard","meta":{"kia_subtitle":"El aumento de transporte p\u00fablico en AMBA continuar\u00e1 con una nueva suba en enero de 2026, afectando a colectivos, trenes y subtes dentro del \u00c1rea Metropolitana de Buenos Aires en el marco del esquema de indexaci\u00f3n inflacionaria.","footnotes":"","jetpack_publicize_message":"","jetpack_publicize_feature_enabled":true,"jetpack_social_post_already_shared":true,"jetpack_social_options":{"image_generator_settings":{"template":"highway","default_image_id":0,"font":"","enabled":false},"version":2}},"categories":[3,13],"tags":[],"class_list":["post-122406","post","type-post","status-publish","format-standard","has-post-thumbnail","hentry","category-actualidad","category-region"],"jetpack_publicize_connections":[],"jetpack_featured_media_url":"https:\/\/laurbedigital.com.ar\/noticias\/wp-content\/uploads\/2020\/09\/20200909-conurbano-SUBE.jpg","_links":{"self":[{"href":"https:\/\/laurbedigital.com.ar\/noticias\/wp-json\/wp\/v2\/posts\/122406","targetHints":{"allow":["GET"]}}],"collection":[{"href":"https:\/\/laurbedigital.com.ar\/noticias\/wp-json\/wp\/v2\/posts"}],"about":[{"href":"https:\/\/laurbedigital.com.ar\/noticias\/wp-json\/wp\/v2\/types\/post"}],"author":[{"embeddable":true,"href":"https:\/\/laurbedigital.com.ar\/noticias\/wp-json\/wp\/v2\/users\/1"}],"replies":[{"embeddable":true,"href":"https:\/\/laurbedigital.com.ar\/noticias\/wp-json\/wp\/v2\/comments?post=122406"}],"version-history":[{"count":1,"href":"https:\/\/laurbedigital.com.ar\/noticias\/wp-json\/wp\/v2\/posts\/122406\/revisions"}],"predecessor-version":[{"id":122407,"href":"https:\/\/laurbedigital.com.ar\/noticias\/wp-json\/wp\/v2\/posts\/122406\/revisions\/122407"}],"wp:featuredmedia":[{"embeddable":true,"href":"https:\/\/laurbedigital.com.ar\/noticias\/wp-json\/wp\/v2\/media\/35031"}],"wp:attachment":[{"href":"https:\/\/laurbedigital.com.ar\/noticias\/wp-json\/wp\/v2\/media?parent=122406"}],"wp:term":[{"taxonomy":"category","embeddable":true,"href":"https:\/\/laurbedigital.com.ar\/noticias\/wp-json\/wp\/v2\/categories?post=122406"},{"taxonomy":"post_tag","embeddable":true,"href":"https:\/\/laurbedigital.com.ar\/noticias\/wp-json\/wp\/v2\/tags?post=122406"}],"curies":[{"name":"wp","href":"https:\/\/api.w.org\/{rel}","templated":true}]}}