{"id":122403,"date":"2025-12-14T02:32:27","date_gmt":"2025-12-14T05:32:27","guid":{"rendered":"https:\/\/laurbedigital.com.ar\/noticias\/?p=122403"},"modified":"2025-12-14T02:32:27","modified_gmt":"2025-12-14T05:32:27","slug":"impacto-de-la-inflacion-en-el-presupuesto-familiar-el-peso-de-alquileres-y-servicios-publicos","status":"publish","type":"post","link":"https:\/\/laurbedigital.com.ar\/noticias\/2025\/12\/14\/impacto-de-la-inflacion-en-el-presupuesto-familiar-el-peso-de-alquileres-y-servicios-publicos\/","title":{"rendered":"Impacto de la inflaci\u00f3n en el presupuesto familiar: el peso de alquileres y servicios p\u00fablicos"},"content":{"rendered":"<p data-path-to-node=\"5\">La <b>inflaci\u00f3n de noviembre<\/b>, reportada por el INDEC con un 2,5%, contin\u00faa siendo objeto de debate en la opini\u00f3n p\u00fablica, que a menudo percibe que el \u00edndice oficial no refleja la presi\u00f3n real sobre el <b>presupuesto familiar<\/b>. La ra\u00edz de esta discrepancia, seg\u00fan economistas, reside en el concepto de <i>precios relativos<\/i> y en la ponderaci\u00f3n de la canasta. Mientras que bienes de consumo diario como la carne o las verduras tienen un impacto inmediato en el bolsillo, el alza desmedida de tarifas, alquileres y comunicaciones est\u00e1 generando un \u00abestrangulamiento\u00bb financiero que supera la variaci\u00f3n inflacionaria promedio, de acuerdo con un informe reciente del Instituto Argentino de An\u00e1lisis Fiscal (IARAF).<\/p>\n<h4 data-path-to-node=\"6\">La diferencia entre promedio y consumo diario<\/h4>\n<p data-path-to-node=\"7\">El \u00edndice de inflaci\u00f3n que publica el INDEC es un promedio que abarca la totalidad de bienes y servicios de la econom\u00eda. Sin embargo, el <b>presupuesto familiar<\/b> se ve afectado de manera desigual por la din\u00e1mica de precios:<\/p>\n<ul data-path-to-node=\"8\">\n<li>\n<p data-path-to-node=\"8,0,0\"><b>Impacto inmediato:<\/b> Los aumentos en alimentos (carne, frutas, verduras) o en el transporte se perciben inmediatamente, ya que son bienes de consumo diario o semanal.<\/p>\n<\/li>\n<li>\n<p data-path-to-node=\"8,1,0\"><b>Impacto diferido:<\/b> La variaci\u00f3n en el precio de bienes durables (electrodom\u00e9sticos) o semidurables (textiles, indumentaria) se siente con menor frecuencia, ya que se adquieren con intervalos de meses o a\u00f1os.<\/p>\n<\/li>\n<\/ul>\n<p data-path-to-node=\"9\">Por lo tanto, una suba importante en la carne o las tarifas impacta directamente en el gasto semanal, mientras que una rebaja en indumentaria no produce una sensaci\u00f3n de alivio comparable.<\/p>\n<h4 data-path-to-node=\"10\">Alquileres y servicios p\u00fablicos: los ganadores del encarecimiento relativo<\/h4>\n<p data-path-to-node=\"11\">El fen\u00f3meno que explica el mayor impacto en el bolsillo es el cambio en los <b>precios relativos<\/b>, es decir, c\u00f3mo var\u00eda el precio de un bien o servicio en comparaci\u00f3n con el \u00edndice de inflaci\u00f3n general.<\/p>\n<p data-path-to-node=\"12\">Seg\u00fan el informe del IARAF, al analizar la din\u00e1mica de los \u00faltimos dos a\u00f1os (entre noviembre de 2023 y noviembre de 2025), se observa que:<\/p>\n<ul data-path-to-node=\"13\">\n<li>\n<p data-path-to-node=\"13,0,0\"><b>M\u00e1ximo aumento relativo:<\/b> El componente que m\u00e1s aument\u00f3 su precio en t\u00e9rminos relativos fue el de <b>alquileres y servicios p\u00fablicos<\/b>, con un alza del <b><span class=\"math-inline\" data-math=\"55\\%\">$55\\%$<\/span><\/b> en el bienio. Este encarecimiento superior a la inflaci\u00f3n promedio es lo que m\u00e1s presiona el <b>presupuesto familiar<\/b> y anula la sensaci\u00f3n de estabilidad.<\/p>\n<\/li>\n<li>\n<p data-path-to-node=\"13,1,0\"><b>Otros encarecimientos:<\/b> El informe se\u00f1al\u00f3 que un total de siete componentes de la canasta aumentaron su precio relativo en los \u00faltimos dos a\u00f1os, incluyendo las comunicaciones.<\/p>\n<\/li>\n<\/ul>\n<h4 data-path-to-node=\"14\">El contraste en el \u00faltimo a\u00f1o<\/h4>\n<p data-path-to-node=\"15\">Si se considera \u00fanicamente la variaci\u00f3n del \u00faltimo a\u00f1o (noviembre 2024 a noviembre 2025), la presi\u00f3n sobre el presupuesto se mantiene, aunque con diferentes protagonistas:<\/p>\n<table data-path-to-node=\"16\">\n<thead>\n<tr>\n<td><strong>Rubro<\/strong><\/td>\n<td><strong>Variaci\u00f3n Relativa Anual (Nov 2024 &#8211; Nov 2025)<\/strong><\/td>\n<\/tr>\n<\/thead>\n<tbody>\n<tr>\n<td><span data-path-to-node=\"16,1,0,0\">Educaci\u00f3n<\/span><\/td>\n<td><span data-path-to-node=\"16,1,1,0\">Suba del 18%<\/span><\/td>\n<\/tr>\n<tr>\n<td><span data-path-to-node=\"16,2,0,0\">Alquileres y Servicios P\u00fablicos<\/span><\/td>\n<td><span data-path-to-node=\"16,2,1,0\">Suba del 10%<\/span><\/td>\n<\/tr>\n<tr>\n<td><span data-path-to-node=\"16,3,0,0\">Salud<\/span><\/td>\n<td><span data-path-to-node=\"16,3,1,0\">Suba del 4,4% (menor aumento relativo en el bienio)<\/span><\/td>\n<\/tr>\n<\/tbody>\n<\/table>\n<h4 data-path-to-node=\"17\">Los bienes que se abarataron en t\u00e9rminos relativos<\/h4>\n<p data-path-to-node=\"18\">En contraposici\u00f3n a los servicios, algunos bienes redujeron su precio en t\u00e9rminos relativos, aunque esto no siempre se traduce en un alivio perceptible para los hogares.<\/p>\n<ul data-path-to-node=\"19\">\n<li>\n<p data-path-to-node=\"19,0,0\"><b>Prendas de vestir y calzado:<\/b> Este fue el rubro que experiment\u00f3 el mayor abaratamiento relativo en el per\u00edodo 2023-2025, con una baja del <b><span class=\"math-inline\" data-math=\"29\\%\">$29\\%$<\/span><\/b> en su precio relativo. En el \u00faltimo a\u00f1o, esta categor\u00eda tambi\u00e9n fue la que m\u00e1s baj\u00f3, con un <span class=\"math-inline\" data-math=\"12\\%\">$12\\%$<\/span>.<\/p>\n<\/li>\n<li>\n<p data-path-to-node=\"19,1,0\"><b>Alimentos:<\/b> Si bien en el \u00faltimo mes analizado los alimentos mostraron un encarecimiento, en la din\u00e1mica de los dos a\u00f1os tambi\u00e9n figuraron como rubros que mantuvieron un abaratamiento relativo, en comparaci\u00f3n con el fuerte aumento de tarifas y alquileres.<\/p>\n<\/li>\n<\/ul>\n<p data-path-to-node=\"20\"><b>Conclusi\u00f3n:<\/b> La baja de la <b>inflaci\u00f3n<\/b> a un 2,5% en noviembre es un dato macroecon\u00f3mico positivo, pero no refleja la tensi\u00f3n que sufren los hogares. El informe del IARAF demuestra que el <b>presupuesto familiar<\/b> est\u00e1 siendo estrangulado por el aumento exponencial de los costos fijos, especialmente alquileres y servicios p\u00fablicos, cuyos ajustes superan con creces la inflaci\u00f3n promedio y, por ende, la actualizaci\u00f3n de los ingresos de la mayor\u00eda de los trabajadores.<\/p>\n","protected":false},"excerpt":{"rendered":"<p>La inflaci\u00f3n de noviembre, reportada por el INDEC con un 2,5%, contin\u00faa siendo objeto de debate en la opini\u00f3n p\u00fablica,<\/p>\n","protected":false},"author":1,"featured_media":54197,"comment_status":"closed","ping_status":"closed","sticky":false,"template":"","format":"standard","meta":{"kia_subtitle":"El \u00faltimo dato del INDEC arroj\u00f3 una inflaci\u00f3n del 2,5% en noviembre, pero el presupuesto familiar se estrangula por el aumento superior al promedio en alquileres, servicios p\u00fablicos y comunicaciones, seg\u00fan un informe de IARAF.","footnotes":"","jetpack_publicize_message":"","jetpack_publicize_feature_enabled":true,"jetpack_social_post_already_shared":true,"jetpack_social_options":{"image_generator_settings":{"template":"highway","default_image_id":0,"font":"","enabled":false},"version":2}},"categories":[3,41],"tags":[],"class_list":["post-122403","post","type-post","status-publish","format-standard","has-post-thumbnail","hentry","category-actualidad","category-nacionales"],"jetpack_publicize_connections":[],"jetpack_featured_media_url":"https:\/\/laurbedigital.com.ar\/noticias\/wp-content\/uploads\/2021\/05\/202100531-BAJA-SERVICIOS-e1722493339218.jpg","_links":{"self":[{"href":"https:\/\/laurbedigital.com.ar\/noticias\/wp-json\/wp\/v2\/posts\/122403","targetHints":{"allow":["GET"]}}],"collection":[{"href":"https:\/\/laurbedigital.com.ar\/noticias\/wp-json\/wp\/v2\/posts"}],"about":[{"href":"https:\/\/laurbedigital.com.ar\/noticias\/wp-json\/wp\/v2\/types\/post"}],"author":[{"embeddable":true,"href":"https:\/\/laurbedigital.com.ar\/noticias\/wp-json\/wp\/v2\/users\/1"}],"replies":[{"embeddable":true,"href":"https:\/\/laurbedigital.com.ar\/noticias\/wp-json\/wp\/v2\/comments?post=122403"}],"version-history":[{"count":2,"href":"https:\/\/laurbedigital.com.ar\/noticias\/wp-json\/wp\/v2\/posts\/122403\/revisions"}],"predecessor-version":[{"id":122405,"href":"https:\/\/laurbedigital.com.ar\/noticias\/wp-json\/wp\/v2\/posts\/122403\/revisions\/122405"}],"wp:featuredmedia":[{"embeddable":true,"href":"https:\/\/laurbedigital.com.ar\/noticias\/wp-json\/wp\/v2\/media\/54197"}],"wp:attachment":[{"href":"https:\/\/laurbedigital.com.ar\/noticias\/wp-json\/wp\/v2\/media?parent=122403"}],"wp:term":[{"taxonomy":"category","embeddable":true,"href":"https:\/\/laurbedigital.com.ar\/noticias\/wp-json\/wp\/v2\/categories?post=122403"},{"taxonomy":"post_tag","embeddable":true,"href":"https:\/\/laurbedigital.com.ar\/noticias\/wp-json\/wp\/v2\/tags?post=122403"}],"curies":[{"name":"wp","href":"https:\/\/api.w.org\/{rel}","templated":true}]}}