{"id":122388,"date":"2025-12-13T03:17:52","date_gmt":"2025-12-13T06:17:52","guid":{"rendered":"https:\/\/laurbedigital.com.ar\/noticias\/?p=122388"},"modified":"2025-12-13T03:17:52","modified_gmt":"2025-12-13T06:17:52","slug":"crisis-industrial-el-uso-de-la-capacidad-instalada-se-desplomo-al-61-en-octubre","status":"publish","type":"post","link":"https:\/\/laurbedigital.com.ar\/noticias\/2025\/12\/13\/crisis-industrial-el-uso-de-la-capacidad-instalada-se-desplomo-al-61-en-octubre\/","title":{"rendered":"Crisis industrial: el uso de la capacidad instalada se desplom\u00f3 al 61% en octubre"},"content":{"rendered":"<h4 data-path-to-node=\"3\">La industria opera a un ritmo de crisis<\/h4>\n<p data-path-to-node=\"4\">Los \u00faltimos datos publicados por el Instituto Nacional de Estad\u00edstica y Censos (Indec) confirmaron el sombr\u00edo panorama para el sector productivo nacional. En octubre, la <b>utilizaci\u00f3n de la capacidad instalada de la industria<\/b> se ubic\u00f3 en apenas el <b>61%<\/b>, marcando un retroceso interanual significativo frente al 63% registrado en el mismo mes de 2024.<\/p>\n<p data-path-to-node=\"5\">Este nivel de operaci\u00f3n, muy por debajo del potencial productivo, refleja la agudizaci\u00f3n de la crisis econ\u00f3mica y la ca\u00edda de la actividad productiva. La industria atraviesa uno de sus momentos m\u00e1s complejos, con la mayor\u00eda de sus rubros trabajando con un alto porcentaje de capacidad ociosa.<\/p>\n<p data-path-to-node=\"6\">[Table comparing capacity utilization in October 2024 vs October 2025 for key sectors]<\/p>\n<table data-path-to-node=\"7\">\n<thead>\n<tr>\n<td><strong>Sector Industrial<\/strong><\/td>\n<td><strong>Utilizaci\u00f3n Octubre 2024<\/strong><\/td>\n<td><strong>Utilizaci\u00f3n Octubre 2025<\/strong><\/td>\n<td><strong>Variaci\u00f3n (%)<\/strong><\/td>\n<\/tr>\n<\/thead>\n<tbody>\n<tr>\n<td><span data-path-to-node=\"7,1,0,0\">Textil<\/span><\/td>\n<td><span data-path-to-node=\"7,1,1,0\">47,8%<\/span><\/td>\n<td><span data-path-to-node=\"7,1,2,0\">32,5%<\/span><\/td>\n<td><span data-path-to-node=\"7,1,3,0\">-15,3<\/span><\/td>\n<\/tr>\n<tr>\n<td><span data-path-to-node=\"7,2,0,0\">Caucho y Pl\u00e1stico<\/span><\/td>\n<td><span data-path-to-node=\"7,2,1,0\">N\/A<\/span><\/td>\n<td><span data-path-to-node=\"7,2,2,0\">42,6%<\/span><\/td>\n<td><span data-path-to-node=\"7,2,3,0\">Deterioro<\/span><\/td>\n<\/tr>\n<tr>\n<td><span data-path-to-node=\"7,3,0,0\">Automotriz<\/span><\/td>\n<td><span data-path-to-node=\"7,3,1,0\">61,2%<\/span><\/td>\n<td><span data-path-to-node=\"7,3,2,0\">56,1%<\/span><\/td>\n<td><span data-path-to-node=\"7,3,3,0\">-5,1<\/span><\/td>\n<\/tr>\n<tr>\n<td><span data-path-to-node=\"7,4,0,0\">Papel y Cart\u00f3n<\/span><\/td>\n<td><span data-path-to-node=\"7,4,1,0\">72,9%<\/span><\/td>\n<td><span data-path-to-node=\"7,4,2,0\">62,3%<\/span><\/td>\n<td><span data-path-to-node=\"7,4,3,0\">-10,6<\/span><\/td>\n<\/tr>\n<tr>\n<td><span data-path-to-node=\"7,5,0,0\">Alimentos y Bebidas<\/span><\/td>\n<td><span data-path-to-node=\"7,5,1,0\">69,5%<\/span><\/td>\n<td><span data-path-to-node=\"7,5,2,0\">68,7%<\/span><\/td>\n<td><span data-path-to-node=\"7,5,3,0\">-0,8<\/span><\/td>\n<\/tr>\n<tr>\n<td><span data-path-to-node=\"7,6,0,0\"><b>Nivel General<\/b><\/span><\/td>\n<td><span data-path-to-node=\"7,6,1,0\"><b>63,0%<\/b><\/span><\/td>\n<td><span data-path-to-node=\"7,6,2,0\"><b>61,0%<\/b><\/span><\/td>\n<td><span data-path-to-node=\"7,6,3,0\"><b>-2,0<\/b><\/span><\/td>\n<\/tr>\n<\/tbody>\n<\/table>\n<h4 data-path-to-node=\"9\">Desplome alarmante en rubros sensibles<\/h4>\n<p data-path-to-node=\"10\">El deterioro es generalizado, pero se manifiesta de forma dram\u00e1tica en industrias con fuerte dependencia de la demanda interna y el poder adquisitivo de los consumidores.<\/p>\n<h5 data-path-to-node=\"11\">La debacle textil: un hundimiento del 32,5%<\/h5>\n<p data-path-to-node=\"12\">La <b>industria textil<\/b> se consolid\u00f3 como uno de los sectores m\u00e1s golpeados, registrando un uso de capacidad de apenas el <b>32,5%<\/b>, lo que representa una ca\u00edda de m\u00e1s de 15 puntos porcentuales respecto al 47,8% del a\u00f1o anterior. Las cifras de producci\u00f3n reflejan la profundidad de este colapso:<\/p>\n<ul data-path-to-node=\"13\">\n<li>\n<p data-path-to-node=\"13,0,0\"><b>Hilados de algod\u00f3n:<\/b> Se desplom\u00f3 un 34,7% interanual.<\/p>\n<\/li>\n<li>\n<p data-path-to-node=\"13,1,0\"><b>Tejidos y acabado textil:<\/b> Cay\u00f3 un 34,1% interanual.<\/p>\n<\/li>\n<\/ul>\n<p data-path-to-node=\"14\">Este retroceso evidencia el impacto directo de la crisis de consumo sobre el sector, obligando a las plantas a paralizar una parte significativa de su maquinaria.<\/p>\n<h5 data-path-to-node=\"15\">Pl\u00e1sticos y caucho: fuerte contracci\u00f3n<\/h5>\n<p data-path-to-node=\"16\">El bloque de productos de <b>caucho y pl\u00e1stico<\/b> tambi\u00e9n mostr\u00f3 un marcado deterioro, operando al <b>42,6%<\/b> de su capacidad. La menor demanda se tradujo en fuertes contracciones productivas: la fabricaci\u00f3n de manufacturas de pl\u00e1stico cay\u00f3 un 9,7% interanual, mientras que la producci\u00f3n de neum\u00e1ticos se hundi\u00f3 un 28,7%. La ca\u00edda en la demanda interna y los ajustes de costos han empujado a estas plantas a trabajar con gran ineficiencia.<\/p>\n<h4 data-path-to-node=\"18\">El motor automotriz y la desaceleraci\u00f3n del consumo<\/h4>\n<p data-path-to-node=\"19\">Otro rubro hist\u00f3ricamente din\u00e1mico, la <b>industria automotriz<\/b>, tambi\u00e9n acus\u00f3 el impacto de la incertidumbre macroecon\u00f3mica y la menor cantidad de unidades producidas, retrocediendo a un 56,1% de utilizaci\u00f3n, comparado con el 61,2% del a\u00f1o anterior. La retracci\u00f3n en las ventas internas y la dificultad para sostener los niveles de exportaci\u00f3n explican la mayor capacidad ociosa.<\/p>\n<p data-path-to-node=\"20\">De manera complementaria, el sector de <b>papel y cart\u00f3n<\/b> se ubic\u00f3 en 62,3% (una baja de 10 puntos respecto a 2024). Este retroceso se debe principalmente a la menor fabricaci\u00f3n de envases y embalajes, un indicador sensible del enfriamiento en el mercado interno y la actividad comercial general.<\/p>\n<p data-path-to-node=\"21\">Incluso el sector de <b>alimentos y bebidas<\/b>, el de mayor peso en la canasta b\u00e1sica, mostr\u00f3 una baja (68,7% frente a 69,5%), impulsada en gran parte por la menor producci\u00f3n de carne vacuna y bebidas, reflejando el cambio de h\u00e1bitos de consumo de los hogares en un contexto inflacionario.<\/p>\n<h4 data-path-to-node=\"23\">Los refugios: petr\u00f3leo y metalurgia b\u00e1sica<\/h4>\n<p data-path-to-node=\"24\">En medio de la tendencia descendente, solo algunos sectores lograron mantener niveles de operaci\u00f3n por encima del promedio industrial, aunque sin escapar completamente a la presi\u00f3n econ\u00f3mica:<\/p>\n<ul data-path-to-node=\"25\">\n<li>\n<p data-path-to-node=\"25,0,0\"><b>Refinaci\u00f3n del petr\u00f3leo:<\/b> Mantuvo un alto nivel de utilizaci\u00f3n en 82,2%.<\/p>\n<\/li>\n<li>\n<p data-path-to-node=\"25,1,0\"><b>Industrias met\u00e1licas b\u00e1sicas:<\/b> Se ubic\u00f3 en 71,1%.<\/p>\n<\/li>\n<li>\n<p data-path-to-node=\"25,2,0\"><b>Sustancias y productos qu\u00edmicos:<\/b> Alcanz\u00f3 el 63,6%.<\/p>\n<\/li>\n<\/ul>\n<p data-path-to-node=\"26\">A pesar de esta relativa resistencia, la tendencia general subraya una contracci\u00f3n del tejido industrial que presiona sobre los costos fijos de las empresas y amenaza la sustentabilidad del empleo en el sector.<\/p>\n<h4 data-path-to-node=\"27\">Un panorama de inestabilidad productiva<\/h4>\n<p data-path-to-node=\"28\">El fuerte <b>desplome del uso de la capacidad instalada<\/b> en octubre, situ\u00e1ndose en el 61%, confirma que la industria argentina est\u00e1 operando bajo una intensa presi\u00f3n recesiva. La ca\u00edda de la demanda interna se ha convertido en el factor decisivo que fuerza a las empresas a trabajar a media m\u00e1quina. Sin un repunte en el consumo y la inversi\u00f3n, la industria se enfrenta a un desaf\u00edo estructural para sostener sus niveles de producci\u00f3n y empleo, anticipando un cierre de a\u00f1o con perspectivas de mayor inestabilidad productiva.<\/p>\n","protected":false},"excerpt":{"rendered":"<p>La industria opera a un ritmo de crisis Los \u00faltimos datos publicados por el Instituto Nacional de Estad\u00edstica y Censos<\/p>\n","protected":false},"author":1,"featured_media":95179,"comment_status":"closed","ping_status":"closed","sticky":false,"template":"","format":"standard","meta":{"kia_subtitle":"La utilizaci\u00f3n de la capacidad instalada de la industria argentina profundiz\u00f3 su ca\u00edda en octubre, ubic\u00e1ndose en un delicado 61%, dos puntos porcentuales por debajo del a\u00f1o anterior. El deterioro expone la gravedad de la crisis econ\u00f3mica que golpea a sectores clave como el textil, automotriz y el de pl\u00e1sticos, impulsado por la contracci\u00f3n de la demanda interna.","footnotes":"","jetpack_publicize_message":"","jetpack_publicize_feature_enabled":true,"jetpack_social_post_already_shared":true,"jetpack_social_options":{"image_generator_settings":{"template":"highway","default_image_id":0,"font":"","enabled":false},"version":2}},"categories":[3,41],"tags":[],"class_list":["post-122388","post","type-post","status-publish","format-standard","has-post-thumbnail","hentry","category-actualidad","category-nacionales"],"jetpack_publicize_connections":[],"jetpack_featured_media_url":"https:\/\/laurbedigital.com.ar\/noticias\/wp-content\/uploads\/2023\/09\/20230901-Industria-Manofacturera.jpg","_links":{"self":[{"href":"https:\/\/laurbedigital.com.ar\/noticias\/wp-json\/wp\/v2\/posts\/122388","targetHints":{"allow":["GET"]}}],"collection":[{"href":"https:\/\/laurbedigital.com.ar\/noticias\/wp-json\/wp\/v2\/posts"}],"about":[{"href":"https:\/\/laurbedigital.com.ar\/noticias\/wp-json\/wp\/v2\/types\/post"}],"author":[{"embeddable":true,"href":"https:\/\/laurbedigital.com.ar\/noticias\/wp-json\/wp\/v2\/users\/1"}],"replies":[{"embeddable":true,"href":"https:\/\/laurbedigital.com.ar\/noticias\/wp-json\/wp\/v2\/comments?post=122388"}],"version-history":[{"count":1,"href":"https:\/\/laurbedigital.com.ar\/noticias\/wp-json\/wp\/v2\/posts\/122388\/revisions"}],"predecessor-version":[{"id":122389,"href":"https:\/\/laurbedigital.com.ar\/noticias\/wp-json\/wp\/v2\/posts\/122388\/revisions\/122389"}],"wp:featuredmedia":[{"embeddable":true,"href":"https:\/\/laurbedigital.com.ar\/noticias\/wp-json\/wp\/v2\/media\/95179"}],"wp:attachment":[{"href":"https:\/\/laurbedigital.com.ar\/noticias\/wp-json\/wp\/v2\/media?parent=122388"}],"wp:term":[{"taxonomy":"category","embeddable":true,"href":"https:\/\/laurbedigital.com.ar\/noticias\/wp-json\/wp\/v2\/categories?post=122388"},{"taxonomy":"post_tag","embeddable":true,"href":"https:\/\/laurbedigital.com.ar\/noticias\/wp-json\/wp\/v2\/tags?post=122388"}],"curies":[{"name":"wp","href":"https:\/\/api.w.org\/{rel}","templated":true}]}}