{"id":122385,"date":"2025-12-13T03:13:03","date_gmt":"2025-12-13T06:13:03","guid":{"rendered":"https:\/\/laurbedigital.com.ar\/noticias\/?p=122385"},"modified":"2025-12-13T03:24:35","modified_gmt":"2025-12-13T06:24:35","slug":"la-judicia-ordena-la-aplicacion-inmediata-de-la-ley-de-emergencia-en-discapacidad","status":"publish","type":"post","link":"https:\/\/laurbedigital.com.ar\/noticias\/2025\/12\/13\/la-judicia-ordena-la-aplicacion-inmediata-de-la-ley-de-emergencia-en-discapacidad\/","title":{"rendered":"La judicia ordena la aplicaci\u00f3n inmediata de la Ley de Emergencia en Discapacidad"},"content":{"rendered":"<h4 data-path-to-node=\"3\">La Justicia destraba una ley esencial<\/h4>\n<p data-path-to-node=\"4\">El Juzgado Federal de Campana, a cargo del juez Adri\u00e1n Gonz\u00e1lez Charvay, ha emitido un fallo de gran impacto social y legal, al ordenar la <b>aplicaci\u00f3n inmediata y plena<\/b> de la Ley 27.793 de Emergencia en Discapacidad. La sentencia se produce tras declarar la invalidez del Art\u00edculo 2\u00b0 del Decreto 681\/2025, a trav\u00e9s del cual el Poder Ejecutivo Nacional (PEN) hab\u00eda promulgado la ley, pero al mismo tiempo hab\u00eda suspendido su puesta en marcha.<\/p>\n<p data-path-to-node=\"5\">La controversia se origin\u00f3 en el argumento del Ejecutivo, que sosten\u00eda que el Congreso hab\u00eda sancionado la norma sin especificar las fuentes de financiamiento necesarias para su implementaci\u00f3n. La acci\u00f3n judicial fue impulsada por familias y titulares del Certificado \u00danico de Discapacidad (CUD), y cont\u00f3 con el respaldo de numerosas organizaciones civiles y prestadores de servicios a personas con discapacidad.<\/p>\n<p data-path-to-node=\"6\">Este pronunciamiento obliga a ejecutar sin demoras el r\u00e9gimen especial dise\u00f1ado para <b>garantizar la continuidad de tratamientos, el sostenimiento de servicios y los derechos esenciales<\/b> de las personas con discapacidad en un contexto de crisis econ\u00f3mica.<\/p>\n<h4 data-path-to-node=\"7\">Crisis del sistema y el n\u00facleo del reclamo<\/h4>\n<p data-path-to-node=\"8\">El reclamo colectivo se fundament\u00f3 en la <b>profunda crisis<\/b> que atraviesa el sistema de atenci\u00f3n a la discapacidad. Los informes presentados ante la Justicia documentaron un dram\u00e1tico desfasaje: la inflaci\u00f3n acumulada super\u00f3 el 114% en un per\u00edodo donde los aranceles de los prestadores solo aumentaron un 42%, implicando una p\u00e9rdida superior al 50% del poder adquisitivo.<\/p>\n<p data-path-to-node=\"9\">Esta situaci\u00f3n hab\u00eda provocado:<\/p>\n<ul data-path-to-node=\"10\">\n<li>\n<p data-path-to-node=\"10,0,0\"><b>Cierre de centros<\/b> de atenci\u00f3n.<\/p>\n<\/li>\n<li>\n<p data-path-to-node=\"10,1,0\"><b>Suspensi\u00f3n de terapias<\/b> esenciales.<\/p>\n<\/li>\n<li>\n<p data-path-to-node=\"10,2,0\"><b>Despidos<\/b> de personal especializado.<\/p>\n<\/li>\n<li>\n<p data-path-to-node=\"10,3,0\">Serias dificultades para sostener el <b>transporte adaptado<\/b>.<\/p>\n<\/li>\n<\/ul>\n<p data-path-to-node=\"11\">El planteo de los demandantes sostuvo que la suspensi\u00f3n configuraba una \u00abinvasi\u00f3n flagrante\u00bb a las facultades del Congreso y atentaba contra la supremac\u00eda constitucional, impidiendo el acceso efectivo a medidas de amparo necesarias ante la emergencia.<\/p>\n<h4 data-path-to-node=\"13\">Fundamentos jur\u00eddicos contra la suspensi\u00f3n<\/h4>\n<p data-path-to-node=\"14\">El juez Gonz\u00e1lez Charvay analiz\u00f3 la jurisprudencia de la Corte Suprema sobre derechos de incidencia colectiva y las obligaciones estatales hacia grupos vulnerables. Subray\u00f3 que la Constituci\u00f3n Nacional y los tratados internacionales de derechos humanos imponen al Estado la obligaci\u00f3n de <b>garantizar la igualdad real y evitar todo retroceso<\/b> en materia social.<\/p>\n<p data-path-to-node=\"15\">El fallo fue determinante al desestimar el argumento fiscal del Ejecutivo:<\/p>\n<blockquote data-path-to-node=\"16\">\n<p data-path-to-node=\"16,0\">\u00abLa cl\u00e1usula del Art. 2 del Decreto 681\/2025 resulta ser inv\u00e1lida a todos sus efectos, ya que <b>violenta de manera objetiva y directa el mandato constitucional de promulgaci\u00f3n<\/b> establecido por el Art. 83 de la Constituci\u00f3n Nacional.\u00bb<\/p>\n<\/blockquote>\n<p data-path-to-node=\"17\">El juez precis\u00f3 que al pretender suspender la ejecuci\u00f3n de una ley que debe aplicar, el PEN \u00abexcede en forma manifiesta las facultades que la norma constitucional le confiere\u00bb, transgrediendo el principio de legalidad.<\/p>\n<h5 data-path-to-node=\"18\">Refutaci\u00f3n del argumento presupuestario<\/h5>\n<p data-path-to-node=\"19\">Respecto a la objeci\u00f3n de falta de financiamiento, el juzgado se\u00f1al\u00f3 que el Congreso ya hab\u00eda otorgado al Jefe de Gabinete la potestad de realizar las modificaciones presupuestarias necesarias. Adem\u00e1s, se evidenci\u00f3 que el gobierno hab\u00eda realizado m\u00e1s de diecinueve readecuaciones presupuestarias desde diciembre de 2023.<\/p>\n<p data-path-to-node=\"20\">La sentencia concluy\u00f3 que \u00abnada impide a la Jefatura de Gabinete hacer uso de la herramienta de financiaci\u00f3n que la Ley 27.793 le ha otorgado y, como en tantas otras oportunidades, <b>reconducir las partidas<\/b>\u00ab. Advertir lo contrario, seg\u00fan el fallo, configurar\u00eda un <b>\u00abuso parcializado y discriminado de recursos\u00bb<\/b> por parte del PEN, violentando las obligaciones constitucionales.<\/p>\n<h3 data-path-to-node=\"22\">Alcances de la sentencia<\/h3>\n<p data-path-to-node=\"23\">La sentencia, que declara inv\u00e1lido el art\u00edculo que paralizaba la Ley de Emergencia en Discapacidad e impone las costas al Estado Nacional, tiene un <b>efecto expansivo<\/b> inmediato sobre miles de personas con discapacidad, sus familias y la red de prestadores a nivel nacional.<\/p>\n<p data-path-to-node=\"24\">Este fallo judicial reafirma el principio de <b>supremac\u00eda constitucional<\/b> y act\u00faa como un fuerte freno a la discrecionalidad del Poder Ejecutivo en la implementaci\u00f3n de leyes de \u00edndole social y de protecci\u00f3n de derechos humanos. Obliga al Estado a movilizar los recursos necesarios para atender la emergencia, priorizando la continuidad de tratamientos y el sostenimiento de un sistema que garantiza derechos esenciales.<\/p>\n","protected":false},"excerpt":{"rendered":"<p>La Justicia destraba una ley esencial El Juzgado Federal de Campana, a cargo del juez Adri\u00e1n Gonz\u00e1lez Charvay, ha emitido<\/p>\n","protected":false},"author":1,"featured_media":122379,"comment_status":"closed","ping_status":"closed","sticky":false,"template":"","format":"standard","meta":{"kia_subtitle":"Un Juzgado Federal de Campana declar\u00f3 inv\u00e1lida la cl\u00e1usula del Poder Ejecutivo que frenaba la implementaci\u00f3n de la Ley 27.793 de Emergencia en Discapacidad, sancionada por el Congreso. El fallo ordena su ejecuci\u00f3n inmediata en todo el pa\u00eds, al considerar que la suspensi\u00f3n violaba la supremac\u00eda constitucional y los mandatos de protecci\u00f3n hacia grupos vulnerables.","footnotes":"","jetpack_publicize_message":"","jetpack_publicize_feature_enabled":true,"jetpack_social_post_already_shared":true,"jetpack_social_options":{"image_generator_settings":{"template":"highway","default_image_id":0,"font":"","enabled":false},"version":2}},"categories":[3,41],"tags":[],"class_list":["post-122385","post","type-post","status-publish","format-standard","has-post-thumbnail","hentry","category-actualidad","category-nacionales"],"jetpack_publicize_connections":[],"jetpack_featured_media_url":"https:\/\/laurbedigital.com.ar\/noticias\/wp-content\/uploads\/2025\/12\/20251213-Ley-de-emergencia-en-discapaciadad.jpg","_links":{"self":[{"href":"https:\/\/laurbedigital.com.ar\/noticias\/wp-json\/wp\/v2\/posts\/122385","targetHints":{"allow":["GET"]}}],"collection":[{"href":"https:\/\/laurbedigital.com.ar\/noticias\/wp-json\/wp\/v2\/posts"}],"about":[{"href":"https:\/\/laurbedigital.com.ar\/noticias\/wp-json\/wp\/v2\/types\/post"}],"author":[{"embeddable":true,"href":"https:\/\/laurbedigital.com.ar\/noticias\/wp-json\/wp\/v2\/users\/1"}],"replies":[{"embeddable":true,"href":"https:\/\/laurbedigital.com.ar\/noticias\/wp-json\/wp\/v2\/comments?post=122385"}],"version-history":[{"count":2,"href":"https:\/\/laurbedigital.com.ar\/noticias\/wp-json\/wp\/v2\/posts\/122385\/revisions"}],"predecessor-version":[{"id":122387,"href":"https:\/\/laurbedigital.com.ar\/noticias\/wp-json\/wp\/v2\/posts\/122385\/revisions\/122387"}],"wp:featuredmedia":[{"embeddable":true,"href":"https:\/\/laurbedigital.com.ar\/noticias\/wp-json\/wp\/v2\/media\/122379"}],"wp:attachment":[{"href":"https:\/\/laurbedigital.com.ar\/noticias\/wp-json\/wp\/v2\/media?parent=122385"}],"wp:term":[{"taxonomy":"category","embeddable":true,"href":"https:\/\/laurbedigital.com.ar\/noticias\/wp-json\/wp\/v2\/categories?post=122385"},{"taxonomy":"post_tag","embeddable":true,"href":"https:\/\/laurbedigital.com.ar\/noticias\/wp-json\/wp\/v2\/tags?post=122385"}],"curies":[{"name":"wp","href":"https:\/\/api.w.org\/{rel}","templated":true}]}}