{"id":122332,"date":"2025-12-11T13:29:26","date_gmt":"2025-12-11T16:29:26","guid":{"rendered":"https:\/\/laurbedigital.com.ar\/noticias\/?p=122332"},"modified":"2025-12-11T13:29:26","modified_gmt":"2025-12-11T16:29:26","slug":"juraron-los-concejales-de-alte-brown-electos-en-septiembre-pasado","status":"publish","type":"post","link":"https:\/\/laurbedigital.com.ar\/noticias\/2025\/12\/11\/juraron-los-concejales-de-alte-brown-electos-en-septiembre-pasado\/","title":{"rendered":"Juraron los concejales de Alte Brown electos en septiembre pasado"},"content":{"rendered":"<p>La actividad se inici\u00f3 con la Sesi\u00f3n Preparatoria N\u00b0 22 conducida por el presidente del Cuerpo Deliberativo, Nicolas Jawtuschenko. Una vez entonadas las estrofas del Himno Nacional Argentino se procedi\u00f3 a la jura de los concejales electos y luego al tratamiento de las licencias de los ediles que as\u00ed lo solicitaron.<\/p>\n<p>La asunci\u00f3n fue seguida de cerca por Mariano Cascallares y por el intendente interino browniano, Juan Fabiani, quienes se hicieron presentes en el acto junto al equipo de gesti\u00f3n del Municipio de Almirante Brown.<\/p>\n<p>Mientras tanto, Mariano Cascallares mantuvo en la previa un encuentro con las y los concejales del Bloque de Fuerza Patria a quienes les dese\u00f3 una gesti\u00f3n legislativa de mucho trabajo en articulaci\u00f3n con el Ejecutivo para seguir generando obras y servicios en beneficio de todos los vecinos brownianos.<\/p>\n<p><img loading=\"lazy\" decoding=\"async\" class=\"alignnone size-full wp-image-122334\" src=\"https:\/\/laurbedigital.com.ar\/noticias\/wp-content\/uploads\/2025\/12\/20251211-Brown-jura-concejales-1.jpg\" alt=\"\" width=\"768\" height=\"428\" title=\"\" srcset=\"https:\/\/laurbedigital.com.ar\/noticias\/wp-content\/uploads\/2025\/12\/20251211-Brown-jura-concejales-1.jpg 768w, https:\/\/laurbedigital.com.ar\/noticias\/wp-content\/uploads\/2025\/12\/20251211-Brown-jura-concejales-1-300x167.jpg 300w\" sizes=\"auto, (max-width: 768px) 100vw, 768px\" \/><\/p>\n<p>En la oportunidad Cascallares tambi\u00e9n felicit\u00f3 a Micaela Ortiz que fue designada nueva titular del Bloque oficialista en el Concejo Deliberante.<\/p>\n<p>Entre los concejales de Fuerza Patria que juraron este mi\u00e9rcoles se encuentran Leandro Battafarano, Micaela Bel\u00e9n Ortiz, Natalia Charles Mangeon, Humbero Morelli, Librada Liliana Sandoval, Ritiro Jos\u00e9, Mar\u00eda Florencia Vanoli y Walter Mar\u00edn.<\/p>\n<p>Esta sesi\u00f3n preparatoria se llev\u00f3 a cabo en el exterior del edificio del Honorable Concejo Deliberante y fue trasmitida por pantallas a trav\u00e9s de un circuito cerrado de c\u00e1maras para los vecinos y la militancia que se encontraban afuera en la calle.<\/p>\n","protected":false},"excerpt":{"rendered":"<p>La actividad se inici\u00f3 con la Sesi\u00f3n Preparatoria N\u00b0 22 conducida por el presidente del Cuerpo Deliberativo, Nicolas Jawtuschenko. Una<\/p>\n","protected":false},"author":1,"featured_media":122333,"comment_status":"closed","ping_status":"closed","sticky":false,"template":"","format":"standard","meta":{"kia_subtitle":"Durante una emotiva ceremonia llevada a cabo en el Honorable Concejo Deliberante de Almirante Brown este mi\u00e9rcoles 10 de diciembre juraron los ediles que fueron electos por nuestro distrito en las elecciones legislativas del pasado domingo 7 de septiembre.","footnotes":"","jetpack_publicize_message":"","jetpack_publicize_feature_enabled":true,"jetpack_social_post_already_shared":true,"jetpack_social_options":{"image_generator_settings":{"template":"highway","default_image_id":0,"font":"","enabled":false},"version":2}},"categories":[2,33],"tags":[],"class_list":["post-122332","post","type-post","status-publish","format-standard","has-post-thumbnail","hentry","category-alte-brown","category-alte-brown-alte-brown"],"jetpack_publicize_connections":[],"jetpack_featured_media_url":"https:\/\/laurbedigital.com.ar\/noticias\/wp-content\/uploads\/2025\/12\/20251211-Brown-jura-concejales.jpg","_links":{"self":[{"href":"https:\/\/laurbedigital.com.ar\/noticias\/wp-json\/wp\/v2\/posts\/122332","targetHints":{"allow":["GET"]}}],"collection":[{"href":"https:\/\/laurbedigital.com.ar\/noticias\/wp-json\/wp\/v2\/posts"}],"about":[{"href":"https:\/\/laurbedigital.com.ar\/noticias\/wp-json\/wp\/v2\/types\/post"}],"author":[{"embeddable":true,"href":"https:\/\/laurbedigital.com.ar\/noticias\/wp-json\/wp\/v2\/users\/1"}],"replies":[{"embeddable":true,"href":"https:\/\/laurbedigital.com.ar\/noticias\/wp-json\/wp\/v2\/comments?post=122332"}],"version-history":[{"count":2,"href":"https:\/\/laurbedigital.com.ar\/noticias\/wp-json\/wp\/v2\/posts\/122332\/revisions"}],"predecessor-version":[{"id":122336,"href":"https:\/\/laurbedigital.com.ar\/noticias\/wp-json\/wp\/v2\/posts\/122332\/revisions\/122336"}],"wp:featuredmedia":[{"embeddable":true,"href":"https:\/\/laurbedigital.com.ar\/noticias\/wp-json\/wp\/v2\/media\/122333"}],"wp:attachment":[{"href":"https:\/\/laurbedigital.com.ar\/noticias\/wp-json\/wp\/v2\/media?parent=122332"}],"wp:term":[{"taxonomy":"category","embeddable":true,"href":"https:\/\/laurbedigital.com.ar\/noticias\/wp-json\/wp\/v2\/categories?post=122332"},{"taxonomy":"post_tag","embeddable":true,"href":"https:\/\/laurbedigital.com.ar\/noticias\/wp-json\/wp\/v2\/tags?post=122332"}],"curies":[{"name":"wp","href":"https:\/\/api.w.org\/{rel}","templated":true}]}}