{"id":122322,"date":"2025-12-11T03:11:09","date_gmt":"2025-12-11T06:11:09","guid":{"rendered":"https:\/\/laurbedigital.com.ar\/noticias\/?p=122322"},"modified":"2025-12-11T03:11:09","modified_gmt":"2025-12-11T06:11:09","slug":"dia-del-tango","status":"publish","type":"post","link":"https:\/\/laurbedigital.com.ar\/noticias\/2025\/12\/11\/dia-del-tango\/","title":{"rendered":"D\u00eda del Tango: Una celebraci\u00f3n de pasiones y cultura argentina"},"content":{"rendered":"<p>El 11 de diciembre es una fecha especial para los argentinos: se celebra el D\u00eda del Tango, un g\u00e9nero que es m\u00e1s que m\u00fasica y baile, es identidad y emblema nacional. Este d\u00eda conmemora los natalicios de dos figuras clave en su historia: Carlos Gardel, el legendario cantante nacido en 1890, y Julio de Caro, director de orquesta y compositor nacido en 1899. Su legado une generaciones y sigue siendo motivo de orgullo.<\/p>\n<p>El tango, que naci\u00f3 en los arrabales de Buenos Aires y Montevideo a finales del siglo XIX, se fue transformando con el tiempo en un fen\u00f3meno cultural global. La m\u00fasica, caracterizada por melod\u00edas melanc\u00f3licas y letras cargadas de sentimiento, junto con su danza apasionada y elegante, han hecho del tango un arte inmortal. Fue declarado Patrimonio Cultural Inmaterial de la Humanidad por la UNESCO en 2009, reafirmando su lugar en el mundo.<\/p>\n<p>Carlos Gardel, conocido como \u00abel m\u00e1s grande cantor de tangos\u00bb, es una figura ic\u00f3nica que llev\u00f3 al g\u00e9nero a las grandes ligas del espect\u00e1culo internacional. Con una voz \u00fanica y un carisma inigualable, Gardel dio al tango un rostro y una voz universal. Su m\u00fasica, con cl\u00e1sicos como <em>Mi Buenos Aires querido<\/em> y <em>El d\u00eda que me quieras<\/em>, sigue emocionando corazones a casi un siglo de su partida.<\/p>\n<p>Por su parte, Julio de Caro fue un innovador en el \u00e1mbito musical. Su estilo orquestal marc\u00f3 un antes y un despu\u00e9s en la interpretaci\u00f3n del tango, introduciendo nuevos matices y una riqueza arm\u00f3nica que elev\u00f3 la m\u00fasica a niveles art\u00edsticos superiores. De Caro es recordado como uno de los principales exponentes de la \u201cepoca de oro\u201d del tango.<\/p>\n<p>La celebraci\u00f3n del D\u00eda del Tango no solo rinde tributo a estas dos figuras sino tambi\u00e9n a todos los artistas que han contribuido a mantener viva esta expresi\u00f3n cultural. Festivales, milongas y conciertos se realizan a lo largo y ancho del pa\u00eds, llevando la pasi\u00f3n y la nostalgia del 2&#215;4 a cada rinc\u00f3n.<\/p>\n<p>Este 11 de diciembre es una invitaci\u00f3n a redescubrir el tango, a dejarse envolver por sus historias de amor, desamor y esperanza, y a recordar que es un reflejo del alma argentina. El tango vive, no solo en sus letras y acordes, sino en el coraz\u00f3n de quienes lo bailan, lo escuchan y lo sienten como propio. Una celebraci\u00f3n que trasciende fronteras y reafirma la riqueza cultural de un pa\u00eds que encuentra en el tango su m\u00e1s fiel embajador.<\/p>\n","protected":false},"excerpt":{"rendered":"<p>El 11 de diciembre es una fecha especial para los argentinos: se celebra el D\u00eda del Tango, un g\u00e9nero que<\/p>\n","protected":false},"author":1,"featured_media":111599,"comment_status":"closed","ping_status":"closed","sticky":false,"template":"","format":"standard","meta":{"kia_subtitle":"Cada 11 de diciembre, Argentina homenajea al g\u00e9nero que conquist\u00f3 al mundo.","footnotes":"","jetpack_publicize_message":"","jetpack_publicize_feature_enabled":true,"jetpack_social_post_already_shared":true,"jetpack_social_options":{"image_generator_settings":{"template":"highway","default_image_id":0,"font":"","enabled":false},"version":2}},"categories":[5,2594],"tags":[],"class_list":["post-122322","post","type-post","status-publish","format-standard","has-post-thumbnail","hentry","category-cultura","category-efemerides"],"jetpack_publicize_connections":[],"jetpack_featured_media_url":"https:\/\/laurbedigital.com.ar\/noticias\/wp-content\/uploads\/2024\/12\/20241211-Dia-del-tango.jpg","_links":{"self":[{"href":"https:\/\/laurbedigital.com.ar\/noticias\/wp-json\/wp\/v2\/posts\/122322","targetHints":{"allow":["GET"]}}],"collection":[{"href":"https:\/\/laurbedigital.com.ar\/noticias\/wp-json\/wp\/v2\/posts"}],"about":[{"href":"https:\/\/laurbedigital.com.ar\/noticias\/wp-json\/wp\/v2\/types\/post"}],"author":[{"embeddable":true,"href":"https:\/\/laurbedigital.com.ar\/noticias\/wp-json\/wp\/v2\/users\/1"}],"replies":[{"embeddable":true,"href":"https:\/\/laurbedigital.com.ar\/noticias\/wp-json\/wp\/v2\/comments?post=122322"}],"version-history":[{"count":2,"href":"https:\/\/laurbedigital.com.ar\/noticias\/wp-json\/wp\/v2\/posts\/122322\/revisions"}],"predecessor-version":[{"id":122324,"href":"https:\/\/laurbedigital.com.ar\/noticias\/wp-json\/wp\/v2\/posts\/122322\/revisions\/122324"}],"wp:featuredmedia":[{"embeddable":true,"href":"https:\/\/laurbedigital.com.ar\/noticias\/wp-json\/wp\/v2\/media\/111599"}],"wp:attachment":[{"href":"https:\/\/laurbedigital.com.ar\/noticias\/wp-json\/wp\/v2\/media?parent=122322"}],"wp:term":[{"taxonomy":"category","embeddable":true,"href":"https:\/\/laurbedigital.com.ar\/noticias\/wp-json\/wp\/v2\/categories?post=122322"},{"taxonomy":"post_tag","embeddable":true,"href":"https:\/\/laurbedigital.com.ar\/noticias\/wp-json\/wp\/v2\/tags?post=122322"}],"curies":[{"name":"wp","href":"https:\/\/api.w.org\/{rel}","templated":true}]}}