{"id":122314,"date":"2025-12-11T03:04:02","date_gmt":"2025-12-11T06:04:02","guid":{"rendered":"https:\/\/laurbedigital.com.ar\/noticias\/?p=122314"},"modified":"2025-12-11T03:04:02","modified_gmt":"2025-12-11T06:04:02","slug":"impactante-crimen-en-florencio-varela-mato-con-un-machete-al-novio-de-su-expareja","status":"publish","type":"post","link":"https:\/\/laurbedigital.com.ar\/noticias\/2025\/12\/11\/impactante-crimen-en-florencio-varela-mato-con-un-machete-al-novio-de-su-expareja\/","title":{"rendered":"Impactante crimen en Florencio Varela: mat\u00f3 con un machete al novio de su expareja"},"content":{"rendered":"<h4 data-path-to-node=\"2\">Homicidio en Florencio Varela: la discusi\u00f3n que termin\u00f3 en tragedia<\/h4>\n<p data-path-to-node=\"3\">Un brutal <b>crimen en Florencio Varela<\/b> conmociona a la provincia de Buenos Aires. El hecho ocurri\u00f3 en el barrio de Bosques y result\u00f3 en la muerte de Cristian Eleazar G\u00f3mez N\u00fa\u00f1ez, de 32 a\u00f1os, quien era la actual pareja de la ex conviviente del agresor. El principal acusado, identificado como N.S.C., de 31 a\u00f1os, fue detenido en el lugar.<\/p>\n<p data-path-to-node=\"4\">Seg\u00fan la investigaci\u00f3n preliminar, el tr\u00e1gico suceso se desat\u00f3 tras una intensa discusi\u00f3n en la vivienda de N.S.C., a la que Cristian hab\u00eda acudido acompa\u00f1ado por su hermana. La disputa, al parecer motivada por celos y el hostigamiento previo del acusado, escal\u00f3 r\u00e1pidamente. El agresor tom\u00f3 un <b>machete<\/b> que \u00e9l mismo habr\u00eda fabricado y atac\u00f3 a la v\u00edctima, provoc\u00e1ndole dos heridas mortales en el t\u00f3rax y el coraz\u00f3n.<\/p>\n<p data-path-to-node=\"5\">El ataque se produjo dentro de la casa del agresor, donde tambi\u00e9n se encontraba el hijo de 5 a\u00f1os que ten\u00eda en com\u00fan con su expareja. La hermana de Cristian, testigo del violento episodio, fue quien alert\u00f3 de inmediato a la Polic\u00eda.<\/p>\n<h4 data-path-to-node=\"6\">El m\u00f3vil: celos y la falsa acusaci\u00f3n de agresi\u00f3n<\/h4>\n<p data-path-to-node=\"7\">Tras el crimen, personal de la Comisar\u00eda 4\u00aa de Bosques se hizo presente en la escena. Fuentes policiales indicaron que el atacante no intent\u00f3 escapar y, al ser reducido, repet\u00eda una justificaci\u00f3n: \u201cNadie le pega a mi hijo\u201d. Sin embargo, esta coartada fue r\u00e1pidamente descartada por la Justicia.<\/p>\n<p data-path-to-node=\"8\">Por orden del fiscal Federico Pagliuca, titular de la UFI N\u00ba 5 de Florencio Varela, se realiz\u00f3 un examen m\u00e9dico al menor, el cual confirm\u00f3 que el ni\u00f1o no presentaba ning\u00fan tipo de lesi\u00f3n, desmintiendo la supuesta agresi\u00f3n que habr\u00eda desatado la confrontaci\u00f3n.<\/p>\n<p data-path-to-node=\"9\">La familia de la v\u00edctima sostiene que el <b>crimen fue premeditado<\/b> y resultado de un acoso constante. Georgina, madre de Cristian, relat\u00f3 a la prensa que su hijo y la ex de N.S.C. estaban por mudarse juntos, lo que habr\u00eda desatado la furia y el hostigamiento del acusado.<\/p>\n<p data-path-to-node=\"10\">Seg\u00fan los testimonios, N.S.C. enviaba mensajes por WhatsApp a su expareja acus\u00e1ndola de permitir que su nueva pareja golpeara al hijo en com\u00fan, llegando a amenazarla: \u201cEsto no se va a quedar as\u00ed\u201d. La madre de la v\u00edctima incluso refiri\u00f3 episodios donde el agresor afilaba cuchillos delante del menor, haciendo referencia a la v\u00edctima: \u201cEsto es un juego, ac\u00e1 le voy a cortar la panza\u201d.<\/p>\n<h4 data-path-to-node=\"11\">Avance de la investigaci\u00f3n judicial<\/h4>\n<p data-path-to-node=\"12\">Cristian Eleazar G\u00f3mez N\u00fa\u00f1ez muri\u00f3 en el acto a causa de las heridas punzocortantes propinadas con el <b>machete modificado<\/b>.<\/p>\n<p data-path-to-node=\"13\">Los investigadores secuestraron los tel\u00e9fonos celulares del acusado y de la v\u00edctima para su peritaje, programado para el 19 de diciembre. Mientras se analizan las c\u00e1maras de seguridad de la zona para reconstruir el contexto del hecho y contin\u00faa la b\u00fasqueda del arma homicida, el fiscal Pagliuca solicit\u00f3 al juez Adri\u00e1n Marcelo Villagra, del Juzgado de Garant\u00edas N\u00ba 8, que la aprehensi\u00f3n del acusado se formalice bajo la car\u00e1tula de <b>homicidio simple<\/b>.<\/p>\n","protected":false},"excerpt":{"rendered":"<p>Homicidio en Florencio Varela: la discusi\u00f3n que termin\u00f3 en tragedia Un brutal crimen en Florencio Varela conmociona a la provincia<\/p>\n","protected":false},"author":1,"featured_media":122291,"comment_status":"closed","ping_status":"closed","sticky":false,"template":"","format":"standard","meta":{"kia_subtitle":"Un hombre de 31 a\u00f1os fue detenido en Florencio Varela tras asesinar a Cristian Eleazar G\u00f3mez N\u00fa\u00f1ez (32) con un machete modificado en medio de una violenta discusi\u00f3n motivada por celos y hostigamiento previo hacia la v\u00edctima.","footnotes":"","jetpack_publicize_message":"","jetpack_publicize_feature_enabled":true,"jetpack_social_post_already_shared":true,"jetpack_social_options":{"image_generator_settings":{"template":"highway","default_image_id":0,"font":"","enabled":false},"version":2}},"categories":[8],"tags":[],"class_list":["post-122314","post","type-post","status-publish","format-standard","has-post-thumbnail","hentry","category-policiales"],"jetpack_publicize_connections":[],"jetpack_featured_media_url":"https:\/\/laurbedigital.com.ar\/noticias\/wp-content\/uploads\/2025\/12\/20251211-Crimen-Varela.jpg","_links":{"self":[{"href":"https:\/\/laurbedigital.com.ar\/noticias\/wp-json\/wp\/v2\/posts\/122314","targetHints":{"allow":["GET"]}}],"collection":[{"href":"https:\/\/laurbedigital.com.ar\/noticias\/wp-json\/wp\/v2\/posts"}],"about":[{"href":"https:\/\/laurbedigital.com.ar\/noticias\/wp-json\/wp\/v2\/types\/post"}],"author":[{"embeddable":true,"href":"https:\/\/laurbedigital.com.ar\/noticias\/wp-json\/wp\/v2\/users\/1"}],"replies":[{"embeddable":true,"href":"https:\/\/laurbedigital.com.ar\/noticias\/wp-json\/wp\/v2\/comments?post=122314"}],"version-history":[{"count":2,"href":"https:\/\/laurbedigital.com.ar\/noticias\/wp-json\/wp\/v2\/posts\/122314\/revisions"}],"predecessor-version":[{"id":122316,"href":"https:\/\/laurbedigital.com.ar\/noticias\/wp-json\/wp\/v2\/posts\/122314\/revisions\/122316"}],"wp:featuredmedia":[{"embeddable":true,"href":"https:\/\/laurbedigital.com.ar\/noticias\/wp-json\/wp\/v2\/media\/122291"}],"wp:attachment":[{"href":"https:\/\/laurbedigital.com.ar\/noticias\/wp-json\/wp\/v2\/media?parent=122314"}],"wp:term":[{"taxonomy":"category","embeddable":true,"href":"https:\/\/laurbedigital.com.ar\/noticias\/wp-json\/wp\/v2\/categories?post=122314"},{"taxonomy":"post_tag","embeddable":true,"href":"https:\/\/laurbedigital.com.ar\/noticias\/wp-json\/wp\/v2\/tags?post=122314"}],"curies":[{"name":"wp","href":"https:\/\/api.w.org\/{rel}","templated":true}]}}