{"id":122311,"date":"2025-12-11T03:02:15","date_gmt":"2025-12-11T06:02:15","guid":{"rendered":"https:\/\/laurbedigital.com.ar\/noticias\/?p=122311"},"modified":"2025-12-11T03:02:29","modified_gmt":"2025-12-11T06:02:29","slug":"consejos-para-el-calor-el-electrodomestico-que-tenes-que-desenchufar-para-evitar-fallas-y-ahorrar-energia","status":"publish","type":"post","link":"https:\/\/laurbedigital.com.ar\/noticias\/2025\/12\/11\/consejos-para-el-calor-el-electrodomestico-que-tenes-que-desenchufar-para-evitar-fallas-y-ahorrar-energia\/","title":{"rendered":"Consejos para el calor: el electrodom\u00e9stico que ten\u00e9s que desenchufar para evitar fallas y ahorrar energ\u00eda"},"content":{"rendered":"<h4 data-path-to-node=\"2\">La importancia de vigilar el consumo el\u00e9ctrico en olas de calor<\/h4>\n<p data-path-to-node=\"3\">En los d\u00edas de temperaturas extremas, la demanda de energ\u00eda en el hogar se dispara, principalmente por el uso de aires acondicionados y ventiladores. Esta alta exigencia sobre la red el\u00e9ctrica vuelve crucial vigilar qu\u00e9 artefactos contin\u00faan consumiendo energ\u00eda de forma innecesaria.<\/p>\n<p data-path-to-node=\"4\">Existe un fen\u00f3meno conocido como \u00abconsumo silencioso\u00bb o <i>standby<\/i>, donde ciertos dispositivos siguen utilizando una peque\u00f1a cantidad de electricidad, incluso cuando parecen estar apagados. Este consumo permanente no solo impacta en el bolsillo, sino que aumenta la carga el\u00e9ctrica total del hogar y puede exacerbar fallas, como sobrecalentamientos o cortocircuitos, especialmente en \u00e9pocas donde la instalaci\u00f3n dom\u00e9stica ya est\u00e1 trabajando al l\u00edmite.<\/p>\n<p data-path-to-node=\"5\">Adoptar la pr\u00e1ctica de desconectar estos aparatos no solo disminuye los riesgos asociados a la sobrecarga y el sobrecalentamiento, sino que tambi\u00e9n contribuye a mantener el ambiente m\u00e1s fresco y seguro en jornadas calurosas.<\/p>\n<h4 data-path-to-node=\"6\">El microondas: el electrodom\u00e9stico que siempre est\u00e1 activo<\/h4>\n<p data-path-to-node=\"7\">El dispositivo que resulta m\u00e1s conveniente desenchufar durante el calor extremo es el <b>microondas<\/b>.<\/p>\n<p data-path-to-node=\"8\">Aunque no se est\u00e9 utilizando para cocinar, el <b>microondas<\/b> es uno de los aparatos que contin\u00faa consumiendo energ\u00eda de forma constante. Sus componentes internos, particularmente el reloj digital y los circuitos de <i>standby<\/i>, permanecen activos. Este consumo silencioso, adem\u00e1s de sumar un gasto el\u00e9ctrico inadvertido, desprende una m\u00ednima cantidad de calor, un factor que se vuelve problem\u00e1tico durante las olas con altas temperaturas.<\/p>\n<p data-path-to-node=\"9\">Mantener el <b>microondas<\/b> conectado suma una carga el\u00e9ctrica innecesaria a la red del hogar cuando las instalaciones ya est\u00e1n trabajando al l\u00edmite. Desenchufarlo por completo se traduce en beneficios inmediatos:<\/p>\n<ol start=\"1\" data-path-to-node=\"10\">\n<li>\n<p data-path-to-node=\"10,0,0\"><b>Reducci\u00f3n del riesgo de fallas:<\/b> Disminuye la posibilidad de sobrecalentamientos o cortocircuitos en la instalaci\u00f3n.<\/p>\n<\/li>\n<li>\n<p data-path-to-node=\"10,1,0\"><b>Ahorro energ\u00e9tico:<\/b> Corta el gasto el\u00e9ctrico silencioso.<\/p>\n<\/li>\n<li>\n<p data-path-to-node=\"10,2,0\"><b>Ambiente m\u00e1s fresco:<\/b> Elimina la generaci\u00f3n m\u00ednima de calor residual del aparato.<\/p>\n<\/li>\n<\/ol>\n<p data-path-to-node=\"11\">Si bien el <b>microondas<\/b> es un instrumento esencial en la cocina, no necesita permanecer conectado las 24 horas del d\u00eda. Retirarlo del tomacorriente es una medida de prevenci\u00f3n sencilla, eficiente y con efectos positivos tanto en la seguridad como en la econom\u00eda del hogar.<\/p>\n","protected":false},"excerpt":{"rendered":"<p>La importancia de vigilar el consumo el\u00e9ctrico en olas de calor En los d\u00edas de temperaturas extremas, la demanda de<\/p>\n","protected":false},"author":1,"featured_media":122295,"comment_status":"closed","ping_status":"closed","sticky":false,"template":"","format":"standard","meta":{"kia_subtitle":"Desconectar el microondas durante los d\u00edas de altas temperaturas es una pr\u00e1ctica sencilla que reduce el riesgo de sobrecalentamiento y fallas el\u00e9ctricas, a la vez que elimina el consumo silencioso de energ\u00eda en el hogar.","footnotes":"","jetpack_publicize_message":"","jetpack_publicize_feature_enabled":true,"jetpack_social_post_already_shared":true,"jetpack_social_options":{"image_generator_settings":{"template":"highway","default_image_id":0,"font":"","enabled":false},"version":2}},"categories":[15],"tags":[],"class_list":["post-122311","post","type-post","status-publish","format-standard","has-post-thumbnail","hentry","category-tendencias"],"jetpack_publicize_connections":[],"jetpack_featured_media_url":"https:\/\/laurbedigital.com.ar\/noticias\/wp-content\/uploads\/2025\/12\/20251211-Microondas.jpg","_links":{"self":[{"href":"https:\/\/laurbedigital.com.ar\/noticias\/wp-json\/wp\/v2\/posts\/122311","targetHints":{"allow":["GET"]}}],"collection":[{"href":"https:\/\/laurbedigital.com.ar\/noticias\/wp-json\/wp\/v2\/posts"}],"about":[{"href":"https:\/\/laurbedigital.com.ar\/noticias\/wp-json\/wp\/v2\/types\/post"}],"author":[{"embeddable":true,"href":"https:\/\/laurbedigital.com.ar\/noticias\/wp-json\/wp\/v2\/users\/1"}],"replies":[{"embeddable":true,"href":"https:\/\/laurbedigital.com.ar\/noticias\/wp-json\/wp\/v2\/comments?post=122311"}],"version-history":[{"count":2,"href":"https:\/\/laurbedigital.com.ar\/noticias\/wp-json\/wp\/v2\/posts\/122311\/revisions"}],"predecessor-version":[{"id":122313,"href":"https:\/\/laurbedigital.com.ar\/noticias\/wp-json\/wp\/v2\/posts\/122311\/revisions\/122313"}],"wp:featuredmedia":[{"embeddable":true,"href":"https:\/\/laurbedigital.com.ar\/noticias\/wp-json\/wp\/v2\/media\/122295"}],"wp:attachment":[{"href":"https:\/\/laurbedigital.com.ar\/noticias\/wp-json\/wp\/v2\/media?parent=122311"}],"wp:term":[{"taxonomy":"category","embeddable":true,"href":"https:\/\/laurbedigital.com.ar\/noticias\/wp-json\/wp\/v2\/categories?post=122311"},{"taxonomy":"post_tag","embeddable":true,"href":"https:\/\/laurbedigital.com.ar\/noticias\/wp-json\/wp\/v2\/tags?post=122311"}],"curies":[{"name":"wp","href":"https:\/\/api.w.org\/{rel}","templated":true}]}}