{"id":122301,"date":"2025-12-11T02:55:32","date_gmt":"2025-12-11T05:55:32","guid":{"rendered":"https:\/\/laurbedigital.com.ar\/noticias\/?p=122301"},"modified":"2025-12-11T02:55:32","modified_gmt":"2025-12-11T05:55:32","slug":"amnistia-internacional-advierte-sobre-el-grave-deterioro-de-los-derechos-humanos-en-argentina","status":"publish","type":"post","link":"https:\/\/laurbedigital.com.ar\/noticias\/2025\/12\/11\/amnistia-internacional-advierte-sobre-el-grave-deterioro-de-los-derechos-humanos-en-argentina\/","title":{"rendered":"Amnist\u00eda Internacional advierte sobre el grave deterioro de los derechos humanos en Argentina"},"content":{"rendered":"<h4 data-path-to-node=\"2\">El control social prevalece sobre la garant\u00eda de derechos<\/h4>\n<p data-path-to-node=\"3\">Amnist\u00eda Internacional (AI) ha emitido una severa advertencia sobre la situaci\u00f3n de los derechos humanos en Argentina, se\u00f1alando un \u00abdeterioro acelerado y multidimensional\u00bb a dos a\u00f1os del inicio de la gesti\u00f3n del presidente Javier Milei. El informe anual del organismo, titulado \u201cRetos en derechos: a dos a\u00f1os de gesti\u00f3n de Milei\u201d, concluye que el Estado ha consolidado un modelo donde \u00abel control social prevalece sobre la garant\u00eda de <b>derechos humanos<\/b>\u00ab.<\/p>\n<p data-path-to-node=\"4\">Seg\u00fan el organismo internacional, el marcado retroceso no es un suceso aislado, sino el resultado de un proyecto pol\u00edtico que concibe \u00aba las personas como costo, a los derechos como obst\u00e1culos y a la cr\u00edtica como una amenaza\u00bb, resignando responsabilidades esenciales frente a la sociedad. La organizaci\u00f3n denuncia que la aplicaci\u00f3n de la \u00abmotosierra\u00bb, el emblema de la gesti\u00f3n, se realiz\u00f3 sin evaluaciones de impacto en <b>derechos humanos<\/b> ni mecanismos de participaci\u00f3n democr\u00e1tica, lo que gener\u00f3 \u00abefectos directos sobre la vida y la integridad de las personas\u00bb.<\/p>\n<h4 data-path-to-node=\"5\">Ajuste desigual: m\u00e1s represi\u00f3n, menos protecci\u00f3n social<\/h4>\n<p data-path-to-node=\"6\">Una de las denuncias centrales del informe se basa en la profunda desigualdad del ajuste fiscal implementado. Amnist\u00eda detall\u00f3 que, entre 2023 y 2025, el gasto p\u00fablico cay\u00f3 m\u00e1s de un <b>41% en t\u00e9rminos reales<\/b>, alcanzando su nivel m\u00e1s bajo en dos d\u00e9cadas y profundizando las desigualdades estructurales preexistentes.<\/p>\n<p data-path-to-node=\"7\">Sin embargo, el recorte no se aplic\u00f3 de manera uniforme. Las \u00e1reas m\u00e1s afectadas fueron precisamente aquellas vinculadas a la realizaci\u00f3n de <b>derechos humanos<\/b> esenciales, como salud, educaci\u00f3n, alimentaci\u00f3n, vivienda, ambiente y seguridad social. En contraposici\u00f3n, las partidas destinadas a seguridad, inteligencia y funciones coercitivas, registraron incrementos reales o, en el peor de los casos, reducciones mucho menores.<\/p>\n<p data-path-to-node=\"8\">Esta asignaci\u00f3n diferencial de recursos configura, seg\u00fan AI, un Estado que \u00abexpande su capacidad represiva\u00bb al mismo tiempo que \u00abretrae su obligaci\u00f3n de brindar protecci\u00f3n y justicia social\u00bb.<\/p>\n<p data-path-to-node=\"9\">Mariela Belski, directora ejecutiva de Amnist\u00eda Internacional Argentina, explic\u00f3 que este modelo \u00abtransmite un mensaje inequ\u00edvoco: el Estado decidi\u00f3 ajustar precisamente a quienes m\u00e1s deber\u00eda proteger\u00bb. Belski advirti\u00f3 que el verdadero costo de este proyecto \u00abser\u00e1 un pa\u00eds m\u00e1s desigual, m\u00e1s injusto y m\u00e1s hostil para quienes ya viven en situaciones de mayor vulnerabilidad: mujeres, personas LGBTTIQ+, adultos mayores, personas con discapacidad, comunidades empobrecidas, entre otras\u201d.<\/p>\n<h4 data-path-to-node=\"10\">Hostigamiento a la prensa y achicamiento del espacio c\u00edvico<\/h4>\n<p data-path-to-node=\"11\">El organismo tambi\u00e9n lanz\u00f3 una seria alerta sobre la debilidad institucional que profundiza el escenario de vulneraci\u00f3n de <b>derechos humanos<\/b>. El reporte se\u00f1ala que Argentina cumple un nuevo a\u00f1o sin Defensor del Pueblo \u2014un cargo clave vacante desde 2009\u2014 y persisten acefal\u00edas en otros organismos de control fundamentales.<\/p>\n<p data-path-to-node=\"12\">Paralelamente, el reporte denuncia el aumento de la criminalizaci\u00f3n de la protesta social y la estigmatizaci\u00f3n de voces cr\u00edticas. AI destaca un patr\u00f3n de <b>hostigamiento a la prensa<\/b>, configurando un clima que reduce el \u00abespacio c\u00edvico\u00bb y donde \u00abla verdadera libertad se reduce\u00bb.<\/p>\n<p data-path-to-node=\"13\">El informe de Amnist\u00eda Internacional aborda una amplia gama de desaf\u00edos, incluyendo el impacto del aumento de la pobreza en derechos sociales, la situaci\u00f3n de las personas mayores y el acceso a una jubilaci\u00f3n digna, las restricciones a la libertad de expresi\u00f3n, los d\u00e9ficits en transparencia estatal, la violencia contra las mujeres, y la implementaci\u00f3n de pol\u00edticas de diversidad, entre otros temas relevantes. Esta lectura cr\u00edtica se desprende del balance anual que la organizaci\u00f3n realiza sistem\u00e1ticamente para monitorear el impacto de cada administraci\u00f3n en la vigencia de los <b>derechos humanos<\/b>.<\/p>\n","protected":false},"excerpt":{"rendered":"<p>El control social prevalece sobre la garant\u00eda de derechos Amnist\u00eda Internacional (AI) ha emitido una severa advertencia sobre la situaci\u00f3n<\/p>\n","protected":false},"author":1,"featured_media":122286,"comment_status":"closed","ping_status":"closed","sticky":false,"template":"","format":"standard","meta":{"kia_subtitle":"El informe anual de Amnist\u00eda Internacional denuncia que, tras dos a\u00f1os de gesti\u00f3n, el Estado argentino redujo el gasto social en m\u00e1s de un 41% real, mientras \"expandi\u00f3 su capacidad represiva\", alertando por hostigamiento a la prensa y criminalizaci\u00f3n de la protesta.","footnotes":"","jetpack_publicize_message":"","jetpack_publicize_feature_enabled":true,"jetpack_social_post_already_shared":true,"jetpack_social_options":{"image_generator_settings":{"template":"highway","default_image_id":0,"font":"","enabled":false},"version":2}},"categories":[3,61,41],"tags":[],"class_list":["post-122301","post","type-post","status-publish","format-standard","has-post-thumbnail","hentry","category-actualidad","category-ddhh","category-nacionales"],"jetpack_publicize_connections":[],"jetpack_featured_media_url":"https:\/\/laurbedigital.com.ar\/noticias\/wp-content\/uploads\/2025\/12\/20251211-Amnistia-Argentina.jpg","_links":{"self":[{"href":"https:\/\/laurbedigital.com.ar\/noticias\/wp-json\/wp\/v2\/posts\/122301","targetHints":{"allow":["GET"]}}],"collection":[{"href":"https:\/\/laurbedigital.com.ar\/noticias\/wp-json\/wp\/v2\/posts"}],"about":[{"href":"https:\/\/laurbedigital.com.ar\/noticias\/wp-json\/wp\/v2\/types\/post"}],"author":[{"embeddable":true,"href":"https:\/\/laurbedigital.com.ar\/noticias\/wp-json\/wp\/v2\/users\/1"}],"replies":[{"embeddable":true,"href":"https:\/\/laurbedigital.com.ar\/noticias\/wp-json\/wp\/v2\/comments?post=122301"}],"version-history":[{"count":2,"href":"https:\/\/laurbedigital.com.ar\/noticias\/wp-json\/wp\/v2\/posts\/122301\/revisions"}],"predecessor-version":[{"id":122303,"href":"https:\/\/laurbedigital.com.ar\/noticias\/wp-json\/wp\/v2\/posts\/122301\/revisions\/122303"}],"wp:featuredmedia":[{"embeddable":true,"href":"https:\/\/laurbedigital.com.ar\/noticias\/wp-json\/wp\/v2\/media\/122286"}],"wp:attachment":[{"href":"https:\/\/laurbedigital.com.ar\/noticias\/wp-json\/wp\/v2\/media?parent=122301"}],"wp:term":[{"taxonomy":"category","embeddable":true,"href":"https:\/\/laurbedigital.com.ar\/noticias\/wp-json\/wp\/v2\/categories?post=122301"},{"taxonomy":"post_tag","embeddable":true,"href":"https:\/\/laurbedigital.com.ar\/noticias\/wp-json\/wp\/v2\/tags?post=122301"}],"curies":[{"name":"wp","href":"https:\/\/api.w.org\/{rel}","templated":true}]}}