{"id":122281,"date":"2025-12-10T14:29:59","date_gmt":"2025-12-10T17:29:59","guid":{"rendered":"https:\/\/laurbedigital.com.ar\/noticias\/?p=122281"},"modified":"2025-12-10T14:29:59","modified_gmt":"2025-12-10T17:29:59","slug":"cascallares-kicillof-y-fabiani-inauguraron-un-jardin-de-infantes-y-el-nuevo-edificio-de-la-secundaria-n-76","status":"publish","type":"post","link":"https:\/\/laurbedigital.com.ar\/noticias\/2025\/12\/10\/cascallares-kicillof-y-fabiani-inauguraron-un-jardin-de-infantes-y-el-nuevo-edificio-de-la-secundaria-n-76\/","title":{"rendered":"Cascallares, Kicillof y Fabiani inauguraron un jard\u00edn de infantes y el nuevo edificio de la secundaria N\u00b0 76"},"content":{"rendered":"<p style=\"font-weight: 400;\">En primer t\u00e9rmino, las autoridades visitaron el flamante jard\u00edn ubicado en la intersecci\u00f3n de Yapey\u00fa y Languenheim, donde adem\u00e1s descubrieron una placa conmemorativa.<\/p>\n<h5 style=\"font-weight: 400;\"><strong><em>\u201cEste nuevo Jard\u00edn es parte de un proceso de urbanizaci\u00f3n que seguimos impulsando junto a la comunidad de Longchamps, en el l\u00edmite con Glew, y que mejora la vida cotidiana de nuestras familias\u201d, sostuvo Cascallares quien destac\u00f3 que \u00abya logramos abrir 55 nuevas escuelas de todos los niveles y modalidades en nuestro distrito\u00bb.<\/em><\/strong><\/h5>\n<h5 style=\"font-weight: 400;\"><strong><em>Mientras tanto el gobernador Kicillof agreg\u00f3 que \u201cpara nosotros es un verdadero orgullo estar hoy inaugurando dos establecimientos educativos en Almirante Brown: a contramano de un Gobierno nacional que no cree en la educaci\u00f3n p\u00fablica, seguimos invirtiendo y alcanzamos ya los 295 nuevos edificios escolares en la Provincia\u201d.<\/em><\/strong><\/h5>\n<p><img loading=\"lazy\" decoding=\"async\" class=\"alignnone size-full wp-image-122283\" src=\"https:\/\/laurbedigital.com.ar\/noticias\/wp-content\/uploads\/2025\/12\/20251210-Brown-Kicillof-Cascallarres-1.jpg\" alt=\"\" width=\"768\" height=\"428\" title=\"\" srcset=\"https:\/\/laurbedigital.com.ar\/noticias\/wp-content\/uploads\/2025\/12\/20251210-Brown-Kicillof-Cascallarres-1.jpg 768w, https:\/\/laurbedigital.com.ar\/noticias\/wp-content\/uploads\/2025\/12\/20251210-Brown-Kicillof-Cascallarres-1-300x167.jpg 300w\" sizes=\"auto, (max-width: 768px) 100vw, 768px\" \/><\/p>\n<p style=\"font-weight: 400;\">El flamante Jard\u00edn N\u00b0 967 cuenta con tres aulas de 54 metros cuadrados con ba\u00f1os, un Sal\u00f3n de Usos M\u00faltiples (SUM), cocina equipada, m\u00f3dulos administrativos para secretar\u00eda y direcci\u00f3n, sala de m\u00e1quinas, patios y \u00e1reas de expansi\u00f3n, adem\u00e1s de espacios verdes con forestaci\u00f3n planificada.<\/p>\n<p style=\"font-weight: 400;\">El nuevo jard\u00edn est\u00e1 ubicado en el barrio Yapey\u00fa y ampliar\u00e1 la oferta de nivel inicial en el distrito con una matr\u00edcula proyectada para 90 alumnos. Cuenta con tres aulas con ba\u00f1os incorporados, SUM, cocina y patio, en tanto que fue totalmente equipado por la F\u00e1brica de Mobiliario Escolar P\u00fablica de la Provincia.<\/p>\n<p style=\"font-weight: 400;\">El predio incluye un cerco perimetral de mamposter\u00eda para delimitar el \u00e1rea de recreaci\u00f3n. La superficie total alcanza los 1.745 metros cuadrados, con 497 metros cuadrados cubiertos y 254 de veredas.<\/p>\n<p style=\"font-weight: 400;\">Luego Kicillof, Cascallares y Fabiani se dirigieron a la Escuela Secundaria N\u00b0 76, ubicada en la calle Sim\u00f3n Bol\u00edvar N\u00b0 2150, donde recorrieron las nuevas instalaciones.<\/p>\n<p><img loading=\"lazy\" decoding=\"async\" class=\"alignnone size-full wp-image-122284\" src=\"https:\/\/laurbedigital.com.ar\/noticias\/wp-content\/uploads\/2025\/12\/20251210-Brown-Kicillof-Cascallarres-2.jpg\" alt=\"\" width=\"768\" height=\"428\" title=\"\" srcset=\"https:\/\/laurbedigital.com.ar\/noticias\/wp-content\/uploads\/2025\/12\/20251210-Brown-Kicillof-Cascallarres-2.jpg 768w, https:\/\/laurbedigital.com.ar\/noticias\/wp-content\/uploads\/2025\/12\/20251210-Brown-Kicillof-Cascallarres-2-300x167.jpg 300w\" sizes=\"auto, (max-width: 768px) 100vw, 768px\" \/><\/p>\n<p style=\"font-weight: 400;\">El edificio cuenta con una superficie total de 1.010 metros cuadrados, de los cuales 946 son cubiertos y 62 semicubiertos. La obra contempla seis aulas, biblioteca, secretar\u00eda, direcci\u00f3n, preceptor\u00eda, sala de profesores, gabinete, ascensor para personas con movilidad reducida y sanitarios, incluyendo ba\u00f1os adaptados.<\/p>\n<p style=\"font-weight: 400;\">Adem\u00e1s, se construye un Sal\u00f3n de Usos M\u00faltiples (SUM), patio de uso exclusivo y otras dependencias que permitir\u00e1n mejores condiciones para la ense\u00f1anza y el aprendizaje.<\/p>\n<p style=\"font-weight: 400;\">Cabe destacar que hasta ahora, los estudiantes utilizaban espacios compartidos con la Escuela Primaria N\u00b0 21, ubicada en el predio lindante y con esta inauguraci\u00f3n, la Secundaria N\u00b0 76 contar\u00e1 por primera vez con un edificio propio.<\/p>\n","protected":false},"excerpt":{"rendered":"<p>En primer t\u00e9rmino, las autoridades visitaron el flamante jard\u00edn ubicado en la intersecci\u00f3n de Yapey\u00fa y Languenheim, donde adem\u00e1s descubrieron<\/p>\n","protected":false},"author":1,"featured_media":122282,"comment_status":"closed","ping_status":"closed","sticky":false,"template":"","format":"standard","meta":{"kia_subtitle":"El gobernador de la Provincia de Buenos Aires, Axel Kicillof, inaugur\u00f3 junto a Mariano Cascallares y al intendente interino de Almirante Brown, Juan Fabiani, el Jard\u00edn de Infantes N\u00b0 967 y el nuevo edificio de la Escuela Secundaria N\u00b0 76 de Longchamps. Ambos establecimientos educativos se suman para ampliar la matr\u00edcula educativa en el distrito.","footnotes":"","jetpack_publicize_message":"","jetpack_publicize_feature_enabled":true,"jetpack_social_post_already_shared":true,"jetpack_social_options":{"image_generator_settings":{"template":"highway","default_image_id":0,"font":"","enabled":false},"version":2}},"categories":[2,33],"tags":[],"class_list":["post-122281","post","type-post","status-publish","format-standard","has-post-thumbnail","hentry","category-alte-brown","category-alte-brown-alte-brown"],"jetpack_publicize_connections":[],"jetpack_featured_media_url":"https:\/\/laurbedigital.com.ar\/noticias\/wp-content\/uploads\/2025\/12\/20251210-Brown-Kicillof-cascallarres.jpg","_links":{"self":[{"href":"https:\/\/laurbedigital.com.ar\/noticias\/wp-json\/wp\/v2\/posts\/122281","targetHints":{"allow":["GET"]}}],"collection":[{"href":"https:\/\/laurbedigital.com.ar\/noticias\/wp-json\/wp\/v2\/posts"}],"about":[{"href":"https:\/\/laurbedigital.com.ar\/noticias\/wp-json\/wp\/v2\/types\/post"}],"author":[{"embeddable":true,"href":"https:\/\/laurbedigital.com.ar\/noticias\/wp-json\/wp\/v2\/users\/1"}],"replies":[{"embeddable":true,"href":"https:\/\/laurbedigital.com.ar\/noticias\/wp-json\/wp\/v2\/comments?post=122281"}],"version-history":[{"count":1,"href":"https:\/\/laurbedigital.com.ar\/noticias\/wp-json\/wp\/v2\/posts\/122281\/revisions"}],"predecessor-version":[{"id":122285,"href":"https:\/\/laurbedigital.com.ar\/noticias\/wp-json\/wp\/v2\/posts\/122281\/revisions\/122285"}],"wp:featuredmedia":[{"embeddable":true,"href":"https:\/\/laurbedigital.com.ar\/noticias\/wp-json\/wp\/v2\/media\/122282"}],"wp:attachment":[{"href":"https:\/\/laurbedigital.com.ar\/noticias\/wp-json\/wp\/v2\/media?parent=122281"}],"wp:term":[{"taxonomy":"category","embeddable":true,"href":"https:\/\/laurbedigital.com.ar\/noticias\/wp-json\/wp\/v2\/categories?post=122281"},{"taxonomy":"post_tag","embeddable":true,"href":"https:\/\/laurbedigital.com.ar\/noticias\/wp-json\/wp\/v2\/tags?post=122281"}],"curies":[{"name":"wp","href":"https:\/\/api.w.org\/{rel}","templated":true}]}}