{"id":122279,"date":"2025-12-10T01:48:15","date_gmt":"2025-12-10T04:48:15","guid":{"rendered":"https:\/\/laurbedigital.com.ar\/noticias\/?p=122279"},"modified":"2025-12-10T01:48:15","modified_gmt":"2025-12-10T04:48:15","slug":"la-recaudacion-cae-un-9-y-la-economia-entra-en-un-circulo-vicioso-de-ajuste-y-recesion","status":"publish","type":"post","link":"https:\/\/laurbedigital.com.ar\/noticias\/2025\/12\/10\/la-recaudacion-cae-un-9-y-la-economia-entra-en-un-circulo-vicioso-de-ajuste-y-recesion\/","title":{"rendered":"La recaudaci\u00f3n cae un 9% y la econom\u00eda entra en un c\u00edrculo vicioso de ajuste y recesi\u00f3n"},"content":{"rendered":"<h4 data-path-to-node=\"2\">La Econom\u00eda en Ca\u00edda: el c\u00edrculo vicioso del ajuste y el consumo<\/h4>\n<p data-path-to-node=\"3\">La coyuntura econ\u00f3mica argentina est\u00e1 marcada por un fen\u00f3meno que el economista Juan Enrique describe como un <b>\u00abc\u00edrculo vicioso\u00bb<\/b>. Los datos de los \u00faltimos meses revelan una ca\u00edda de la recaudaci\u00f3n del <b>9%<\/b>, un indicador directo de la recesi\u00f3n y la contracci\u00f3n del consumo.<\/p>\n<p data-path-to-node=\"4\">El modelo funciona de la siguiente manera: la ca\u00edda de la actividad econ\u00f3mica y las ventas provoca el cierre de empresas y la consecuente disminuci\u00f3n de la recaudaci\u00f3n. Esta merma impacta directamente en la coparticipaci\u00f3n que reciben las provincias y los municipios.<\/p>\n<p data-path-to-node=\"5\">Ante la menor disponibilidad de fondos, el Gobierno se ve obligado a aplicar un ajuste constante, que incluye la quita de subsidios con un traslado tarifario proyectado hasta 2026. Al encarecerse los servicios y la energ\u00eda para las empresas y los ciudadanos, el poder adquisitivo se deteriora, lo que inevitablemente lleva a las empresas a vender menos. El resultado es un <i>loop<\/i> negativo: la ca\u00edda de la actividad y los salarios precede la ca\u00edda de la recaudaci\u00f3n, forzando a provincias y municipios a intentar recaudar por medios propios, lo que a su vez contrae a\u00fan m\u00e1s la demanda.<\/p>\n<h4 data-path-to-node=\"6\">La Regresividad Fiscal: beneficios para los m\u00e1s ricos y riesgo de IVA al 30%<\/h4>\n<p data-path-to-node=\"7\">Una de las cr\u00edticas centrales a la actual pol\u00edtica econ\u00f3mica es su marcada <b>regresividad fiscal<\/b>. Seg\u00fan el an\u00e1lisis, el Gobierno, al priorizar a sectores concentrados, promueve la baja de impuestos para los segmentos de mayores ingresos.<\/p>\n<p data-path-to-node=\"8\">Entre las medidas se\u00f1aladas se encuentran:<\/p>\n<ul data-path-to-node=\"9\">\n<li>\n<p data-path-to-node=\"9,0,0\">Reducci\u00f3n de Bienes Personales, Ganancias e impuestos a art\u00edculos de lujo (como autom\u00f3viles importados y Champagne).<\/p>\n<\/li>\n<li>\n<p data-path-to-node=\"9,1,0\">La existencia de una \u00abley de inocencia fiscal\u00bb que funciona como un \u00abblanqueo encubierto\u00bb.<\/p>\n<\/li>\n<\/ul>\n<p data-path-to-node=\"10\">Para compensar la ca\u00edda de la recaudaci\u00f3n impositiva por estas v\u00edas, el Gobierno recurre al aumento de impuestos que afectan a toda la poblaci\u00f3n, siendo el <b>Impuesto al Valor Agregado (IVA)<\/b> el principal foco. Se advierte la posibilidad de que una modificaci\u00f3n tributaria intente subir el IVA del 21% al <b>30%<\/b>.<\/p>\n<p data-path-to-node=\"11\">El IVA es el impuesto m\u00e1s regresivo social y econ\u00f3micamente, ya que un mismo porcentaje de impuesto se aplica por igual a un litro de leche consumido por una familia humilde o por una familia millonaria. Sin embargo, su facilidad de cobro y su alta capacidad recaudatoria lo convierten en una tentaci\u00f3n fiscal para compensar los beneficios otorgados a los sectores concentrados.<\/p>\n<h4 data-path-to-node=\"12\">Impacto Sectorial: 300 PyMES cierran por d\u00eda<\/h4>\n<p data-path-to-node=\"13\">La pol\u00edtica econ\u00f3mica actual es severamente criticada por desatender la industria, la producci\u00f3n y las peque\u00f1as y medianas empresas (<b>PyMES<\/b>). El impacto sectorial es desigual y genera una profunda crisis de empleo:<\/p>\n<ul data-path-to-node=\"14\">\n<li>\n<p data-path-to-node=\"14,0,0\"><b>Sectores Afectados:<\/b> El comercio, la industria y la construcci\u00f3n son los m\u00e1s damnificados, a pesar de emplear conjuntamente al <b>50% de la mano de obra<\/b> nacional.<\/p>\n<\/li>\n<li>\n<p data-path-to-node=\"14,1,0\"><b>Sectores Beneficiados:<\/b> Los sectores que est\u00e1n en auge son el agro, el sistema financiero y la miner\u00eda, los cuales, en contraste, emplean solamente al <b>8% de la fuerza laboral<\/b>.<\/p>\n<\/li>\n<\/ul>\n<p data-path-to-node=\"15\">Como dram\u00e1tica consecuencia de este c\u00edrculo vicioso, se reporta el cierre de aproximadamente <b>300 PyMES por d\u00eda<\/b>, lo que impacta directamente en la tasa de desempleo y en la capacidad productiva del pa\u00eds.<\/p>\n<h4 data-path-to-node=\"16\">Conflicto Pol\u00edtico y la Amenaza de Default Provincial<\/h4>\n<p data-path-to-node=\"17\">El panorama se completa con un fuerte conflicto pol\u00edtico, especialmente con la Provincia de Buenos Aires, que concentra cerca del 40% de los argentinos. El economista se\u00f1ala al Ministro Caputo como un \u00abdealer de deuda\u00bb cuya estrategia se centra en contraer m\u00e1s endeudamiento.<\/p>\n<p data-path-to-node=\"18\">Caputo ha adoptado una postura de enfrentamiento con la Provincia, neg\u00e1ndose a pagar la deuda o permitirle endeudarse. Ante la falta de formas de recaudaci\u00f3n, el gobernador bonaerense ha manifestado que la Provincia podr\u00eda declarar el <b>default provincial<\/b>, un hecho calificado como \u00abmuy grave\u00bb y \u00abextremo\u00bb por sus implicaciones financieras y pol\u00edticas.<\/p>\n<p data-path-to-node=\"19\">La falta de fondos coparticipables obliga a los municipios a aumentar tasas (como el 2% en la tasa de consumo en Pilar) y a las provincias a subir impuestos como Ingresos Brutos. Esta estrategia no resuelve el problema de fondo, pues el ciudadano, con el poder adquisitivo en ca\u00edda, ya no puede afrontar ni los impuestos municipales ni los provinciales (Arba). El riesgo subyacente es que esta crisis social y econ\u00f3mica lleve a aquellos que \u00abno tienen nada que perder\u00bb a buscar sustento por la v\u00eda de la protesta social.<\/p>\n","protected":false},"excerpt":{"rendered":"<p>La Econom\u00eda en Ca\u00edda: el c\u00edrculo vicioso del ajuste y el consumo La coyuntura econ\u00f3mica argentina est\u00e1 marcada por un<\/p>\n","protected":false},"author":1,"featured_media":106383,"comment_status":"closed","ping_status":"closed","sticky":false,"template":"","format":"standard","meta":{"kia_subtitle":"La ca\u00edda de la recaudaci\u00f3n del 9% profundiza el ajuste, afectando la coparticipaci\u00f3n provincial y llevando a las PyMES a una crisis terminal; se advierte sobre una regresividad fiscal inminente.","footnotes":"","jetpack_publicize_message":"","jetpack_publicize_feature_enabled":true,"jetpack_social_post_already_shared":true,"jetpack_social_options":{"image_generator_settings":{"template":"highway","default_image_id":0,"font":"","enabled":false},"version":2}},"categories":[3,41],"tags":[],"class_list":["post-122279","post","type-post","status-publish","format-standard","has-post-thumbnail","hentry","category-actualidad","category-nacionales"],"jetpack_publicize_connections":[],"jetpack_featured_media_url":"https:\/\/laurbedigital.com.ar\/noticias\/wp-content\/uploads\/2024\/06\/20240626-Billetera-vacia.jpg","_links":{"self":[{"href":"https:\/\/laurbedigital.com.ar\/noticias\/wp-json\/wp\/v2\/posts\/122279","targetHints":{"allow":["GET"]}}],"collection":[{"href":"https:\/\/laurbedigital.com.ar\/noticias\/wp-json\/wp\/v2\/posts"}],"about":[{"href":"https:\/\/laurbedigital.com.ar\/noticias\/wp-json\/wp\/v2\/types\/post"}],"author":[{"embeddable":true,"href":"https:\/\/laurbedigital.com.ar\/noticias\/wp-json\/wp\/v2\/users\/1"}],"replies":[{"embeddable":true,"href":"https:\/\/laurbedigital.com.ar\/noticias\/wp-json\/wp\/v2\/comments?post=122279"}],"version-history":[{"count":1,"href":"https:\/\/laurbedigital.com.ar\/noticias\/wp-json\/wp\/v2\/posts\/122279\/revisions"}],"predecessor-version":[{"id":122280,"href":"https:\/\/laurbedigital.com.ar\/noticias\/wp-json\/wp\/v2\/posts\/122279\/revisions\/122280"}],"wp:featuredmedia":[{"embeddable":true,"href":"https:\/\/laurbedigital.com.ar\/noticias\/wp-json\/wp\/v2\/media\/106383"}],"wp:attachment":[{"href":"https:\/\/laurbedigital.com.ar\/noticias\/wp-json\/wp\/v2\/media?parent=122279"}],"wp:term":[{"taxonomy":"category","embeddable":true,"href":"https:\/\/laurbedigital.com.ar\/noticias\/wp-json\/wp\/v2\/categories?post=122279"},{"taxonomy":"post_tag","embeddable":true,"href":"https:\/\/laurbedigital.com.ar\/noticias\/wp-json\/wp\/v2\/tags?post=122279"}],"curies":[{"name":"wp","href":"https:\/\/api.w.org\/{rel}","templated":true}]}}