{"id":122273,"date":"2025-12-10T01:29:09","date_gmt":"2025-12-10T04:29:09","guid":{"rendered":"https:\/\/laurbedigital.com.ar\/noticias\/?p=122273"},"modified":"2025-12-10T01:29:09","modified_gmt":"2025-12-10T04:29:09","slug":"10-de-diciembre-por-que-se-conmemora-el-dia-de-la-democracia-en-argentina","status":"publish","type":"post","link":"https:\/\/laurbedigital.com.ar\/noticias\/2025\/12\/10\/10-de-diciembre-por-que-se-conmemora-el-dia-de-la-democracia-en-argentina\/","title":{"rendered":"10 de Diciembre: por qu\u00e9 se conmemora el D\u00eda de la Democracia en Argentina"},"content":{"rendered":"<h4 data-path-to-node=\"2\">La Celebraci\u00f3n de la Reconstrucci\u00f3n Institucional<\/h4>\n<p data-path-to-node=\"3\">Cada <b>10 de diciembre<\/b>, Argentina conmemora el <b>D\u00eda de la Democracia y los Derechos Humanos<\/b>. Esta fecha no es un feriado, pero posee una profunda significaci\u00f3n hist\u00f3rica e institucional, ya que marca dos hitos cruciales en la vida pol\u00edtica del pa\u00eds.<\/p>\n<p data-path-to-node=\"4\">El primero y m\u00e1s importante se remonta al a\u00f1o 1983, cuando Ra\u00fal Alfons\u00edn asumi\u00f3 la presidencia de la Naci\u00f3n. Este evento simboliz\u00f3 el fin de la \u00faltima y m\u00e1s sangrienta dictadura c\u00edvico-militar (iniciada en 1976) y el retorno definitivo al sistema democr\u00e1tico, el cual se ha mantenido de forma ininterrumpida desde entonces.<\/p>\n<p data-path-to-node=\"5\">La fecha fue elegida por la Ley 26.378, que establece el 10 de diciembre como el d\u00eda para celebrar los valores democr\u00e1ticos y recordar la importancia del respeto por los derechos humanos en el pa\u00eds.<\/p>\n<h4 data-path-to-node=\"6\">El Retorno de la Ley y las Instituciones<\/h4>\n<p data-path-to-node=\"7\">El 10 de diciembre de 1983 no fue simplemente un cambio de gobierno, sino la <b>reconstrucci\u00f3n de la Rep\u00fablica<\/b>. La asunci\u00f3n de Alfons\u00edn signific\u00f3:<\/p>\n<ul data-path-to-node=\"8\">\n<li>\n<p data-path-to-node=\"8,0,0\"><b>Restablecimiento del Estado de Derecho:<\/b> Las libertades individuales, la divisi\u00f3n de poderes y la vigencia de la Constituci\u00f3n Nacional fueron restauradas tras siete a\u00f1os de represi\u00f3n.<\/p>\n<\/li>\n<li>\n<p data-path-to-node=\"8,1,0\"><b>Juicio a las Juntas:<\/b> Uno de los primeros y m\u00e1s valientes actos del nuevo gobierno fue impulsar el juicio a las Juntas Militares, un proceso in\u00e9dito a nivel mundial que juzg\u00f3 a los responsables de cr\u00edmenes de lesa humanidad. Este acto sent\u00f3 las bases de la pol\u00edtica de Memoria, Verdad y Justicia.<\/p>\n<\/li>\n<li>\n<p data-path-to-node=\"8,2,0\"><b>Consenso Ciudadano:<\/b> El retorno de la democracia fue recibido con una masiva adhesi\u00f3n popular, dejando en claro el deseo de la sociedad argentina de vivir bajo un sistema de respeto por las instituciones y el voto popular.<\/p>\n<\/li>\n<\/ul>\n<h4 data-path-to-node=\"9\">D\u00eda Internacional de los Derechos Humanos<\/h4>\n<p data-path-to-node=\"10\">A nivel global, la elecci\u00f3n del <b>10 de diciembre<\/b> en Argentina se alinea con la conmemoraci\u00f3n del D\u00eda Internacional de los Derechos Humanos. Esta fecha se celebra en todo el mundo porque el 10 de diciembre de 1948, la Asamblea General de las Naciones Unidas adopt\u00f3 la Declaraci\u00f3n Universal de Derechos Humanos (DUDH).<\/p>\n<p data-path-to-node=\"11\">La DUDH es un documento fundacional que establece los derechos inalienables que corresponden a toda persona como ser humano, sin distinci\u00f3n de raza, color, religi\u00f3n, sexo, idioma, opini\u00f3n pol\u00edtica o de otra \u00edndole, origen nacional o social, posici\u00f3n econ\u00f3mica, nacimiento o cualquier otra condici\u00f3n.<\/p>\n<p data-path-to-node=\"12\">Por lo tanto, la conmemoraci\u00f3n en Argentina funciona como un doble recordatorio: la importancia de la defensa de la vida democr\u00e1tica y el compromiso ineludible con los Derechos Humanos, especialmente en el contexto de su historia reciente.<\/p>\n","protected":false},"excerpt":{"rendered":"<p>La Celebraci\u00f3n de la Reconstrucci\u00f3n Institucional Cada 10 de diciembre, Argentina conmemora el D\u00eda de la Democracia y los Derechos<\/p>\n","protected":false},"author":1,"featured_media":66726,"comment_status":"closed","ping_status":"closed","sticky":false,"template":"","format":"standard","meta":{"kia_subtitle":"El 10 de diciembre marca en Argentina el D\u00eda de la Democracia y los Derechos Humanos, fecha que conmemora la asunci\u00f3n de Ra\u00fal Alfons\u00edn en 1983 y el fin de la \u00faltima dictadura c\u00edvico-militar.","footnotes":"","jetpack_publicize_message":"","jetpack_publicize_feature_enabled":true,"jetpack_social_post_already_shared":true,"jetpack_social_options":{"image_generator_settings":{"template":"highway","default_image_id":0,"font":"","enabled":false},"version":2}},"categories":[5,2594],"tags":[],"class_list":["post-122273","post","type-post","status-publish","format-standard","has-post-thumbnail","hentry","category-cultura","category-efemerides"],"jetpack_publicize_connections":[],"jetpack_featured_media_url":"https:\/\/laurbedigital.com.ar\/noticias\/wp-content\/uploads\/2021\/12\/20211210-dia-de-la-democracia.jpg","_links":{"self":[{"href":"https:\/\/laurbedigital.com.ar\/noticias\/wp-json\/wp\/v2\/posts\/122273","targetHints":{"allow":["GET"]}}],"collection":[{"href":"https:\/\/laurbedigital.com.ar\/noticias\/wp-json\/wp\/v2\/posts"}],"about":[{"href":"https:\/\/laurbedigital.com.ar\/noticias\/wp-json\/wp\/v2\/types\/post"}],"author":[{"embeddable":true,"href":"https:\/\/laurbedigital.com.ar\/noticias\/wp-json\/wp\/v2\/users\/1"}],"replies":[{"embeddable":true,"href":"https:\/\/laurbedigital.com.ar\/noticias\/wp-json\/wp\/v2\/comments?post=122273"}],"version-history":[{"count":1,"href":"https:\/\/laurbedigital.com.ar\/noticias\/wp-json\/wp\/v2\/posts\/122273\/revisions"}],"predecessor-version":[{"id":122274,"href":"https:\/\/laurbedigital.com.ar\/noticias\/wp-json\/wp\/v2\/posts\/122273\/revisions\/122274"}],"wp:featuredmedia":[{"embeddable":true,"href":"https:\/\/laurbedigital.com.ar\/noticias\/wp-json\/wp\/v2\/media\/66726"}],"wp:attachment":[{"href":"https:\/\/laurbedigital.com.ar\/noticias\/wp-json\/wp\/v2\/media?parent=122273"}],"wp:term":[{"taxonomy":"category","embeddable":true,"href":"https:\/\/laurbedigital.com.ar\/noticias\/wp-json\/wp\/v2\/categories?post=122273"},{"taxonomy":"post_tag","embeddable":true,"href":"https:\/\/laurbedigital.com.ar\/noticias\/wp-json\/wp\/v2\/tags?post=122273"}],"curies":[{"name":"wp","href":"https:\/\/api.w.org\/{rel}","templated":true}]}}