{"id":122265,"date":"2025-12-10T01:15:43","date_gmt":"2025-12-10T04:15:43","guid":{"rendered":"https:\/\/laurbedigital.com.ar\/noticias\/?p=122265"},"modified":"2025-12-10T01:15:43","modified_gmt":"2025-12-10T04:15:43","slug":"desaparicion-de-loan-la-familia-exige-reactivacion-de-la-busqueda-con-ciencia-forense-de-punta","status":"publish","type":"post","link":"https:\/\/laurbedigital.com.ar\/noticias\/2025\/12\/10\/desaparicion-de-loan-la-familia-exige-reactivacion-de-la-busqueda-con-ciencia-forense-de-punta\/","title":{"rendered":"Desaparici\u00f3n de Loan: la familia exige reactivaci\u00f3n de la b\u00fasqueda con ciencia forense de punta"},"content":{"rendered":"<h4 data-path-to-node=\"2\">La persistente b\u00fasqueda: la familia de Loan reclama pruebas cient\u00edficas antes del juicio<\/h4>\n<p data-path-to-node=\"3\">\u00abLoan no est\u00e1, pero est\u00e1\u00bb. Con esta frase el abogado de los padres del ni\u00f1o, Alejandro Vecchi, resumi\u00f3 la profunda y dolorosa encrucijada que atraviesa la familia del peque\u00f1o desaparecido. La investigaci\u00f3n sobre la <b>desaparici\u00f3n de Loan<\/b> Pe\u00f1a, ocurrida el 13 de junio de 2024 en el paraje El Algarrobal (cerca de 9 de Julio, Corrientes), avanza hacia el debate judicial contra los 17 imputados, mientras la familia reclama celeridad en la producci\u00f3n de pruebas y la incorporaci\u00f3n de herramientas forenses de \u00faltima generaci\u00f3n.<\/p>\n<p data-path-to-node=\"4\">El ni\u00f1o desapareci\u00f3 despu\u00e9s de un almuerzo en la casa de su abuela. Siete adultos deber\u00e1n enfrentar a la Justicia, acusados de la sustracci\u00f3n y el ocultamiento del menor. Adem\u00e1s, otras diez personas est\u00e1n imputadas por entorpecer la investigaci\u00f3n, incluyendo el presunto cautiverio de familiares y la presentaci\u00f3n de documentaci\u00f3n falsa como funcionarios o abogados.<\/p>\n<p data-path-to-node=\"5\">Mientras el expediente suma fojas con procedimientos como nuevos operativos en espejos de agua cercanos a las propiedades de los principales acusados, Mar\u00eda Victoria Caillava y Carlos P\u00e9rez, la querella asegura que la producci\u00f3n de prueba cient\u00edfica ha sostenido un trabajo de \u00abcantidad y calidad\u00bb.<\/p>\n<h4 data-path-to-node=\"6\">Sin fecha de caducidad: la b\u00fasqueda debe continuar<\/h4>\n<p data-path-to-node=\"7\">Un hito crucial en la investigaci\u00f3n fue la intervenci\u00f3n de la C\u00e1mara Federal de Casaci\u00f3n Penal. Ante el enorme caudal probatorio y con la causa rumbo al juicio oral, los padres de Loan, Jos\u00e9 Pe\u00f1a y Mar\u00eda Noguera, se reunieron con los jueces para pedirles que <b>anulen la extinci\u00f3n del plazo para la b\u00fasqueda<\/b>.<\/p>\n<p data-path-to-node=\"8\">Seg\u00fan la querella, limitar los plazos de la pr\u00f3rroga implicaba \u00abvaciar de contenido la investigaci\u00f3n\u00bb, lo que significaba renunciar a \u00abla obligaci\u00f3n del Estado de esclarecer la desaparici\u00f3n y restituir los derechos de la v\u00edctima\u00bb. Los jueces Carlos Mahiques, Juan Carlos Gemignani y Diego Barroetaeve\u00f1a avalaron este pedido y ordenaron que la <b>b\u00fasqueda de Loan<\/b> contin\u00fae sin un plazo fijo, priorizando la localizaci\u00f3n del menor y la posibilidad de incluir nuevas pruebas.<\/p>\n<h4 data-path-to-node=\"9\">El pedido de la familia: envejecimiento forense y alertas actualizadas<\/h4>\n<p data-path-to-node=\"10\">Ahora, en la \u00faltima presentaci\u00f3n ante la Justicia, los padres de Loan pidieron una serie de medidas apoyadas en el trabajo cient\u00edfico y tecnol\u00f3gico que permitir\u00edan fortalecer el expediente de cara al juicio.<\/p>\n<p data-path-to-node=\"11\">Entre las solicitudes m\u00e1s destacadas, elevada por los abogados Gustavo S\u00e1nchez y Mar\u00eda Bel\u00e9n Russo Cornara, se encuentra la realizaci\u00f3n de un <b>\u00abenvejecimiento forense de la imagen\u00bb<\/b>. Esta medida, ya utilizada en otros casos de larga data, permitir\u00eda avanzar en una caracterizaci\u00f3n de c\u00f3mo ser\u00eda la imagen actual del peque\u00f1o, considerando su desarrollo f\u00edsico desde junio de 2024.<\/p>\n<p data-path-to-node=\"12\">La familia busca que esta medida se haga desde el expediente judicial y se difunda masivamente, convirti\u00e9ndose en el insumo principal para la reactivaci\u00f3n y actualizaci\u00f3n de las <b>alertas federales<\/b> para la b\u00fasqueda.<\/p>\n<h4 data-path-to-node=\"13\">Peritajes t\u00e9cnicos y protecci\u00f3n a menores<\/h4>\n<p data-path-to-node=\"14\">Adem\u00e1s del envejecimiento forense, el pedido incluye:<\/p>\n<ul data-path-to-node=\"15\">\n<li>\n<p data-path-to-node=\"15,0,0\"><b>Peritaje t\u00e9cnico:<\/b> Una serie de an\u00e1lisis sobre evidencia material ya recolectada, considerada de suma importancia para el desarrollo normal del expediente rumbo al juicio oral.<\/p>\n<\/li>\n<li>\n<p data-path-to-node=\"15,1,0\"><b>Atenci\u00f3n cl\u00ednica y victimol\u00f3gica:<\/b> La actualizaci\u00f3n de la atenci\u00f3n a los ni\u00f1os vinculados en la investigaci\u00f3n. Algunos de ellos pasaron por distintas instancias del proceso y, adem\u00e1s, fueron v\u00edctimas del operativo que intent\u00f3 desviar la investigaci\u00f3n y por el cual diez personas est\u00e1n imputadas.<\/p>\n<\/li>\n<\/ul>\n<p data-path-to-node=\"16\">Los abogados enfatizaron que estos pedidos \u00abno se plantean como un d\u00e9ficit de la investigaci\u00f3n\u00bb, sino como \u00abuna oportunidad para ampliar la investigaci\u00f3n que se construy\u00f3 con rigor y constancia\u00bb. De esta forma, se utilizar\u00edan herramientas modernas ya validadas que permitir\u00edan actualizar informaci\u00f3n cr\u00edtica, fortalecer la cooperaci\u00f3n interestatal alrededor de la investigaci\u00f3n y, lo m\u00e1s importante, proteger a quienes podr\u00edan estar en situaci\u00f3n de vulnerabilidad.<\/p>\n<p data-path-to-node=\"17\">Mientras se espera la llegada del juicio oral y p\u00fablico, la familia del menor reclama las respuestas que hoy la Justicia le debe a toda la sociedad: saber qu\u00e9 pas\u00f3, qu\u00e9 hicieron y, fundamentalmente, d\u00f3nde est\u00e1 <b>Loan<\/b>.<\/p>\n","protected":false},"excerpt":{"rendered":"<p>La persistente b\u00fasqueda: la familia de Loan reclama pruebas cient\u00edficas antes del juicio \u00abLoan no est\u00e1, pero est\u00e1\u00bb. Con esta<\/p>\n","protected":false},"author":1,"featured_media":116833,"comment_status":"closed","ping_status":"closed","sticky":false,"template":"","format":"standard","meta":{"kia_subtitle":"Los padres de Loan, en Corrientes, pidieron ante Casaci\u00f3n Penal anular el plazo l\u00edmite de b\u00fasqueda y actualizar las alertas federales con un \"envejecimiento forense de la imagen\".","footnotes":"","jetpack_publicize_message":"","jetpack_publicize_feature_enabled":true,"jetpack_social_post_already_shared":true,"jetpack_social_options":{"image_generator_settings":{"template":"highway","default_image_id":0,"font":"","enabled":false},"version":2}},"categories":[8],"tags":[],"class_list":["post-122265","post","type-post","status-publish","format-standard","has-post-thumbnail","hentry","category-policiales"],"jetpack_publicize_connections":[],"jetpack_featured_media_url":"https:\/\/laurbedigital.com.ar\/noticias\/wp-content\/uploads\/2025\/06\/20250613-Loan.jpg","_links":{"self":[{"href":"https:\/\/laurbedigital.com.ar\/noticias\/wp-json\/wp\/v2\/posts\/122265","targetHints":{"allow":["GET"]}}],"collection":[{"href":"https:\/\/laurbedigital.com.ar\/noticias\/wp-json\/wp\/v2\/posts"}],"about":[{"href":"https:\/\/laurbedigital.com.ar\/noticias\/wp-json\/wp\/v2\/types\/post"}],"author":[{"embeddable":true,"href":"https:\/\/laurbedigital.com.ar\/noticias\/wp-json\/wp\/v2\/users\/1"}],"replies":[{"embeddable":true,"href":"https:\/\/laurbedigital.com.ar\/noticias\/wp-json\/wp\/v2\/comments?post=122265"}],"version-history":[{"count":2,"href":"https:\/\/laurbedigital.com.ar\/noticias\/wp-json\/wp\/v2\/posts\/122265\/revisions"}],"predecessor-version":[{"id":122267,"href":"https:\/\/laurbedigital.com.ar\/noticias\/wp-json\/wp\/v2\/posts\/122265\/revisions\/122267"}],"wp:featuredmedia":[{"embeddable":true,"href":"https:\/\/laurbedigital.com.ar\/noticias\/wp-json\/wp\/v2\/media\/116833"}],"wp:attachment":[{"href":"https:\/\/laurbedigital.com.ar\/noticias\/wp-json\/wp\/v2\/media?parent=122265"}],"wp:term":[{"taxonomy":"category","embeddable":true,"href":"https:\/\/laurbedigital.com.ar\/noticias\/wp-json\/wp\/v2\/categories?post=122265"},{"taxonomy":"post_tag","embeddable":true,"href":"https:\/\/laurbedigital.com.ar\/noticias\/wp-json\/wp\/v2\/tags?post=122265"}],"curies":[{"name":"wp","href":"https:\/\/api.w.org\/{rel}","templated":true}]}}