{"id":122263,"date":"2025-12-10T01:12:37","date_gmt":"2025-12-10T04:12:37","guid":{"rendered":"https:\/\/laurbedigital.com.ar\/noticias\/?p=122263"},"modified":"2025-12-10T01:12:37","modified_gmt":"2025-12-10T04:12:37","slug":"abrazan-el-garrahan-y-la-discapacidad-ante-la-falta-de-fondos-en-el-presupuesto-2026","status":"publish","type":"post","link":"https:\/\/laurbedigital.com.ar\/noticias\/2025\/12\/10\/abrazan-el-garrahan-y-la-discapacidad-ante-la-falta-de-fondos-en-el-presupuesto-2026\/","title":{"rendered":"Abrazan el Garrahan y la Discapacidad ante la falta de fondos en el Presupuesto 2026"},"content":{"rendered":"<h4 data-path-to-node=\"2\">Protesta en el coraz\u00f3n pol\u00edtico: el reclamo por la emergencia sanitaria y social<\/h4>\n<p data-path-to-node=\"3\">El Hospital Garrahan, en un acto conjunto con el Foro Permanente por la Discapacidad, organiza para este mi\u00e9rcoles un <b>abrazo simb\u00f3lico en Plaza de Mayo<\/b>. La medida de protesta surge de la \u00abescandalosa\u00bb situaci\u00f3n que, seg\u00fan denuncian los convocantes, implica la omisi\u00f3n de fondos esenciales para la salud pedi\u00e1trica de alta complejidad y el \u00e1rea de discapacidad en el <b>Presupuesto 2026<\/b> presentado por el Gobierno Nacional.<\/p>\n<p data-path-to-node=\"4\">Desde la Asociaci\u00f3n de Profesionales y T\u00e9cnicos (APyT) del hospital, se inform\u00f3 que la concentraci\u00f3n frente a Casa Rosada est\u00e1 prevista para las 18:30 horas. El llamado es a \u00abtoda la comunidad\u00bb a seguir acompa\u00f1ando el reclamo, argumentando que el sector de la salud y la discapacidad se mantiene \u00aben emergencia\u00bb debido a que las leyes votadas en el Congreso Nacional con el objetivo de paliar esta situaci\u00f3n \u00abno fueron aplicadas\u00bb.<\/p>\n<h4 data-path-to-node=\"5\">La respuesta oficial y la cr\u00edtica sindical<\/h4>\n<p data-path-to-node=\"6\">Fuentes del Ministerio de Salud de la Naci\u00f3n consultadas por la agencia Noticias Argentinas reconocieron impl\u00edcitamente la validez del reclamo, al se\u00f1alar que \u00abel Presupuesto no contempla ambas emergencias\u00bb. No obstante, aclararon que las leyes en cuesti\u00f3n \u00abfueron proclamadas y suspendidas\u00bb hasta que el Congreso Nacional \u00abdictamine de d\u00f3nde van a obtener los fondos\u00bb necesarios para su ejecuci\u00f3n.<\/p>\n<p data-path-to-node=\"7\">En una respuesta directa a estas declaraciones, Norma Lezana, secretaria general de APyT del Hospital Garrahan, fue categ\u00f3rica. Afirm\u00f3 que los trabajadores del hospital \u00abno se resignan ni bajan los brazos\u00bb, a pesar de las opiniones manifestadas por el ministro de Salud, Mario Lugones. Lezana enfatiz\u00f3 la convicci\u00f3n de que existen \u00abderechos esenciales\u00bb, como el derecho a contar con un hospital de alta complejidad, de acceso universal y gratuito para las infancias de todo el pa\u00eds, y el derecho al cuidado y la atenci\u00f3n de las personas con discapacidad de toda la Argentina.<\/p>\n<h4 data-path-to-node=\"8\">Incertidumbre salarial y la gesti\u00f3n \u00abopaca\u00bb de recursos<\/h4>\n<p data-path-to-node=\"9\">El reclamo del Garrahan no se limita solo a la falta de previsi\u00f3n presupuestaria general, sino que tambi\u00e9n apunta a problemas internos de gesti\u00f3n y la incertidumbre laboral de sus profesionales.<\/p>\n<p data-path-to-node=\"10\">Lezana destac\u00f3 que, si bien el gremio logr\u00f3 \u00abun avance salarial importante\u00bb en el corto plazo, la falta de aplicaci\u00f3n de la Ley de Emergencia implica que, \u00abel a\u00f1o que viene vamos a volver transitar con incertidumbre la perspectiva de nuestro hospital\u00bb.<\/p>\n<p data-path-to-node=\"11\">La secretaria general de APyT elev\u00f3 la denuncia al se\u00f1alar situaciones que considera \u00abgraves\u00bb, como <b>\u00abuna administraci\u00f3n opaca de los millonarios recursos que generamos los trabajadores\u00bb<\/b> a trav\u00e9s de la atenci\u00f3n a prepagas y obras sociales. Adem\u00e1s, cuestion\u00f3 la continuidad de la \u00abfalta de comunicaci\u00f3n\u00bb con la intervenci\u00f3n del hospital, a cargo de Mariano Pirozzo, un emisario del ministro Lugones.<\/p>\n<p data-path-to-node=\"12\">En definitiva, la movilizaci\u00f3n de este mi\u00e9rcoles es un llamado de atenci\u00f3n urgente al poder pol\u00edtico sobre la necesidad de garantizar la previsi\u00f3n financiera de dos pilares fundamentales del sistema de salud y social argentino: la atenci\u00f3n pedi\u00e1trica de alta complejidad y la cobertura integral de la discapacidad. La comunidad, el personal de salud y los familiares se unen para exigir que los derechos esenciales se reflejen de manera ineludible en la ley de presupuesto.<\/p>\n","protected":false},"excerpt":{"rendered":"<p>Protesta en el coraz\u00f3n pol\u00edtico: el reclamo por la emergencia sanitaria y social El Hospital Garrahan, en un acto conjunto<\/p>\n","protected":false},"author":1,"featured_media":116431,"comment_status":"closed","ping_status":"closed","sticky":false,"template":"","format":"standard","meta":{"kia_subtitle":"Trabajadores del Hospital Garrahan y el Foro por la Discapacidad convocaron a un abrazo en Plaza de Mayo; denuncian que el Presupuesto 2026 no contempla las partidas esenciales.","footnotes":"","jetpack_publicize_message":"","jetpack_publicize_feature_enabled":true,"jetpack_social_post_already_shared":true,"jetpack_social_options":{"image_generator_settings":{"template":"highway","default_image_id":0,"font":"","enabled":false},"version":2}},"categories":[3,13,41],"tags":[],"class_list":["post-122263","post","type-post","status-publish","format-standard","has-post-thumbnail","hentry","category-actualidad","category-region","category-nacionales"],"jetpack_publicize_connections":[],"jetpack_featured_media_url":"https:\/\/laurbedigital.com.ar\/noticias\/wp-content\/uploads\/2025\/05\/20250530-Hospital-Garrahan.jpg","_links":{"self":[{"href":"https:\/\/laurbedigital.com.ar\/noticias\/wp-json\/wp\/v2\/posts\/122263","targetHints":{"allow":["GET"]}}],"collection":[{"href":"https:\/\/laurbedigital.com.ar\/noticias\/wp-json\/wp\/v2\/posts"}],"about":[{"href":"https:\/\/laurbedigital.com.ar\/noticias\/wp-json\/wp\/v2\/types\/post"}],"author":[{"embeddable":true,"href":"https:\/\/laurbedigital.com.ar\/noticias\/wp-json\/wp\/v2\/users\/1"}],"replies":[{"embeddable":true,"href":"https:\/\/laurbedigital.com.ar\/noticias\/wp-json\/wp\/v2\/comments?post=122263"}],"version-history":[{"count":1,"href":"https:\/\/laurbedigital.com.ar\/noticias\/wp-json\/wp\/v2\/posts\/122263\/revisions"}],"predecessor-version":[{"id":122264,"href":"https:\/\/laurbedigital.com.ar\/noticias\/wp-json\/wp\/v2\/posts\/122263\/revisions\/122264"}],"wp:featuredmedia":[{"embeddable":true,"href":"https:\/\/laurbedigital.com.ar\/noticias\/wp-json\/wp\/v2\/media\/116431"}],"wp:attachment":[{"href":"https:\/\/laurbedigital.com.ar\/noticias\/wp-json\/wp\/v2\/media?parent=122263"}],"wp:term":[{"taxonomy":"category","embeddable":true,"href":"https:\/\/laurbedigital.com.ar\/noticias\/wp-json\/wp\/v2\/categories?post=122263"},{"taxonomy":"post_tag","embeddable":true,"href":"https:\/\/laurbedigital.com.ar\/noticias\/wp-json\/wp\/v2\/tags?post=122263"}],"curies":[{"name":"wp","href":"https:\/\/api.w.org\/{rel}","templated":true}]}}