{"id":122261,"date":"2025-12-10T01:10:27","date_gmt":"2025-12-10T04:10:27","guid":{"rendered":"https:\/\/laurbedigital.com.ar\/noticias\/?p=122261"},"modified":"2025-12-10T01:10:27","modified_gmt":"2025-12-10T04:10:27","slug":"clave-del-verano-como-ahorrar-energia-y-mantener-la-casa-fresca-sin-sobrecargar-la-red","status":"publish","type":"post","link":"https:\/\/laurbedigital.com.ar\/noticias\/2025\/12\/10\/clave-del-verano-como-ahorrar-energia-y-mantener-la-casa-fresca-sin-sobrecargar-la-red\/","title":{"rendered":"Clave del verano: c\u00f3mo ahorrar energ\u00eda y mantener la casa fresca sin sobrecargar la red"},"content":{"rendered":"<h4 data-path-to-node=\"2\">Gesti\u00f3n Inteligente del Calor: estrategias para la eficiencia energ\u00e9tica en casa<\/h4>\n<p data-path-to-node=\"3\">Con el arranque de diciembre y la llegada de los primeros calores fuertes en el AMBA, la demanda de refrigeraci\u00f3n se dispara. El uso desmedido de aires acondicionados no solo impacta directamente en el monto final de la factura de electricidad, sino que tambi\u00e9n contribuye a los picos masivos de demanda energ\u00e9tica. Es fundamental ser conscientes de que un consumo eficiente puede prevenir sorpresas desagradables en el bolsillo y, al mismo tiempo, reducir el riesgo de posibles fallas en el suministro el\u00e9ctrico debido a la sobrecarga de la red.<\/p>\n<p data-path-to-node=\"4\">Adoptar una serie de h\u00e1bitos sencillos y pr\u00e1cticos es clave para pasar el verano de manera confortable y econ\u00f3mica, logrando mantener la casa fresca sin desperdiciar energ\u00eda. Estos consejos abarcan desde la configuraci\u00f3n \u00f3ptima de los equipos de climatizaci\u00f3n hasta el uso estrat\u00e9gico de electrodom\u00e9sticos esenciales como heladeras y lavarropas.<\/p>\n<h4 data-path-to-node=\"5\">Climatizaci\u00f3n Inteligente: uso eficiente de aire acondicionado y ventiladores<\/h4>\n<p data-path-to-node=\"6\">La clave para el ahorro y la eficiencia energ\u00e9tica en la climatizaci\u00f3n pasa por la configuraci\u00f3n correcta de los equipos y la elecci\u00f3n de alternativas m\u00e1s econ\u00f3micas en el combate contra la <b>ola de calor<\/b>.<\/p>\n<h5 data-path-to-node=\"7\">Aire Acondicionado: rendimiento y ahorro<\/h5>\n<p data-path-to-node=\"8\">Para garantizar que el aire acondicionado funcione de manera eficiente y no dispare el consumo, es crucial seguir estas recomendaciones:<\/p>\n<ul data-path-to-node=\"9\">\n<li>\n<p data-path-to-node=\"9,0,0\"><b>Temperatura ideal:<\/b> Fij\u00e1 la temperatura a <b>24 \u00b0C<\/b>. El consumo de algunos equipos puede aumentar hasta un 8% por cada grado que se baja de ese umbral. Esta es la temperatura de confort que minimiza el esfuerzo del motor.<\/p>\n<\/li>\n<li>\n<p data-path-to-node=\"9,1,0\"><b>Aislamiento:<\/b> Manten\u00e9 puertas y ventanas cerradas mientras el aparato est\u00e9 encendido. Esto evita el ingreso constante de aire caliente, que obliga al equipo a trabajar m\u00e1s intensamente.<\/p>\n<\/li>\n<li>\n<p data-path-to-node=\"9,2,0\"><b>Uso:<\/b> Apag\u00e1 el equipo cuando abandones la habitaci\u00f3n por per\u00edodos prolongados.<\/p>\n<\/li>\n<li>\n<p data-path-to-node=\"9,3,0\"><b>Mantenimiento:<\/b> Limpi\u00e1 los filtros cada seis meses. Los filtros sucios fuerzan el equipo, reduciendo su eficiencia y elevando el gasto.<\/p>\n<\/li>\n<li>\n<p data-path-to-node=\"9,4,0\"><b>Conexi\u00f3n segura:<\/b> Asegurale una conexi\u00f3n exclusiva y directa. Evit\u00e1 enchufarlo a zapatillas el\u00e9ctricas, ya que esto puede generar sobrecargas que fuerzan el motor y elevan innecesariamente el gasto.<\/p>\n<\/li>\n<\/ul>\n<h5 data-path-to-node=\"10\">El poder del ventilador: una alternativa m\u00e1s econ\u00f3mica<\/h5>\n<p data-path-to-node=\"11\">Los ventiladores son una soluci\u00f3n mucho m\u00e1s eficiente en t\u00e9rminos de consumo energ\u00e9tico:<\/p>\n<ul data-path-to-node=\"12\">\n<li>\n<p data-path-to-node=\"12,0,0\"><b>Efectividad y tipo:<\/b> Los ventiladores (preferentemente de techo) pueden generar una sensaci\u00f3n de descenso de la temperatura de entre 3 y 5 \u00b0C.<\/p>\n<\/li>\n<li>\n<p data-path-to-node=\"12,1,0\"><b>Ahorro energ\u00e9tico:<\/b> Consumen casi <b>ocho veces menos kilovatios por hora<\/b> que un equipo de aire acondicionado, y pr\u00e1cticamente no necesitan mantenimiento, lo que los convierte en la opci\u00f3n m\u00e1s econ\u00f3mica para refrescar ambientes.<\/p>\n<\/li>\n<\/ul>\n<h4 data-path-to-node=\"13\">Electrodom\u00e9sticos esenciales: heladera y lavarropas<\/h4>\n<p data-path-to-node=\"14\">El uso intensivo de la heladera y el lavarropas durante el verano tambi\u00e9n requiere pr\u00e1cticas espec\u00edficas para evitar el derroche de energ\u00eda.<\/p>\n<h5 data-path-to-node=\"15\">Heladera: ubicaci\u00f3n y uso estrat\u00e9gico<\/h5>\n<p data-path-to-node=\"16\">La heladera es uno de los electrodom\u00e9sticos que m\u00e1s consume por estar encendido las 24 horas. Para optimizar su funcionamiento:<\/p>\n<ul data-path-to-node=\"17\">\n<li>\n<p data-path-to-node=\"17,0,0\"><b>Ubicaci\u00f3n:<\/b> Reservale un lugar fresco y bien ventilado, lejos de fuentes de calor (como hornos) y manten\u00e9 la parte trasera y los laterales a 15 cent\u00edmetros de la pared para permitir la correcta disipaci\u00f3n del calor.<\/p>\n<\/li>\n<li>\n<p data-path-to-node=\"17,1,0\"><b>Burletes y conexi\u00f3n:<\/b> Verific\u00e1 y cambi\u00e1 los burletes de las puertas si est\u00e1n en mal estado para evitar la p\u00e9rdida de fr\u00edo. Al igual que el aire, asegur\u00e1 una conexi\u00f3n el\u00e9ctrica exclusiva.<\/p>\n<\/li>\n<li>\n<p data-path-to-node=\"17,2,0\"><b>Contenido:<\/b> Abr\u00ed la puerta solo por el tiempo necesario. Evit\u00e1 guardar alimentos calientes, ya que la heladera consume m\u00e1s energ\u00eda para enfriarlos. Tampoco la llenes en exceso ni bloquees las salidas internas de aire.<\/p>\n<\/li>\n<li>\n<p data-path-to-node=\"17,3,0\"><b>Descongelamiento:<\/b> Descongela regularmente. El exceso de consumo comienza cuando las paredes interiores acumulan una capa gruesa de hielo. Consider\u00e1, al comprar un equipo nuevo, un modelo <i>No frost<\/i> para evitar la formaci\u00f3n de escarcha.<\/p>\n<\/li>\n<\/ul>\n<h5 data-path-to-node=\"18\">Lavarropas: eficiencia h\u00eddrica y t\u00e9rmica<\/h5>\n<ul data-path-to-node=\"19\">\n<li>\n<p data-path-to-node=\"19,0,0\"><b>Capacidad y programa:<\/b> Utiliz\u00e1 el lavarropas cuando llegues a la capacidad m\u00e1xima aconsejada por el fabricante. Para poca ropa, us\u00e1 el programa econ\u00f3mico.<\/p>\n<\/li>\n<li>\n<p data-path-to-node=\"19,1,0\"><b>Temperatura del agua:<\/b> Si es posible, utiliz\u00e1 siempre agua fr\u00eda, ya que el calentamiento del agua consume hasta un 80% m\u00e1s de energ\u00eda.<\/p>\n<\/li>\n<li>\n<p data-path-to-node=\"19,2,0\"><b>Jab\u00f3n:<\/b> Us\u00e1 la cantidad correcta de jab\u00f3n para evitar enjuagues innecesarios.<\/p>\n<\/li>\n<\/ul>\n<h4 data-path-to-node=\"20\">Consejos extra: iluminaci\u00f3n y el consumo \u00abvampiro\u00bb<\/h4>\n<p data-path-to-node=\"21\">M\u00e1s all\u00e1 de los grandes electrodom\u00e9sticos, hay otras pr\u00e1cticas diarias que contribuyen significativamente al ahorro y la eficiencia en la lucha contra la <b>ola de calor<\/b>.<\/p>\n<ul data-path-to-node=\"22\">\n<li>\n<p data-path-to-node=\"22,0,0\"><b>Iluminaci\u00f3n:<\/b> Aprovech\u00e1 la luz natural del verano abriendo cortinas y persianas para reducir el encendido de luces artificiales. Si us\u00e1s l\u00e1mparas incandescentes, reemplazalas por l\u00e1mparas LED, que son hasta un 80% m\u00e1s eficientes.<\/p>\n<\/li>\n<li>\n<p data-path-to-node=\"22,1,0\"><b>Uso inteligente:<\/b> Evit\u00e1 el uso simult\u00e1neo de aparatos de alto consumo (por ejemplo, planchas y aires acondicionados). Tambi\u00e9n es recomendable evitar usar la plancha y el lavarropas durante las franjas horarias de mayor demanda el\u00e9ctrica: entre las 13:00 y las 16:00, y entre las 18:00 y las 22:00.<\/p>\n<\/li>\n<li>\n<p data-path-to-node=\"22,2,0\"><b>Ahorro vampiro:<\/b> Desconect\u00e1 los electrodom\u00e9sticos que quedan en modo <i>stand-by<\/i>. Este consumo \u00abvampiro\u00bb o \u00abfantasma\u00bb puede representar un ahorro de entre un 5% y un 10% en la factura total de electricidad.<\/p>\n<\/li>\n<\/ul>\n<p data-path-to-node=\"23\">Adoptar estos h\u00e1bitos no solo es un gesto de responsabilidad con el bolsillo, sino tambi\u00e9n una contribuci\u00f3n a la estabilidad de la red energ\u00e9tica durante los picos de demanda del verano.<\/p>\n","protected":false},"excerpt":{"rendered":"<p>Gesti\u00f3n Inteligente del Calor: estrategias para la eficiencia energ\u00e9tica en casa Con el arranque de diciembre y la llegada de<\/p>\n","protected":false},"author":1,"featured_media":122258,"comment_status":"closed","ping_status":"closed","sticky":false,"template":"","format":"standard","meta":{"kia_subtitle":"Con la ola de calor, el consumo eficiente de electricidad es vital para evitar facturas altas y cortes; fijar el aire a 24 \u00b0C y usar ventiladores son h\u00e1bitos esenciales.","footnotes":"","jetpack_publicize_message":"","jetpack_publicize_feature_enabled":true,"jetpack_social_post_already_shared":true,"jetpack_social_options":{"image_generator_settings":{"template":"highway","default_image_id":0,"font":"","enabled":false},"version":2}},"categories":[15],"tags":[],"class_list":["post-122261","post","type-post","status-publish","format-standard","has-post-thumbnail","hentry","category-tendencias"],"jetpack_publicize_connections":[],"jetpack_featured_media_url":"https:\/\/laurbedigital.com.ar\/noticias\/wp-content\/uploads\/2025\/12\/20251210-Ventilador-calor.jpg","_links":{"self":[{"href":"https:\/\/laurbedigital.com.ar\/noticias\/wp-json\/wp\/v2\/posts\/122261","targetHints":{"allow":["GET"]}}],"collection":[{"href":"https:\/\/laurbedigital.com.ar\/noticias\/wp-json\/wp\/v2\/posts"}],"about":[{"href":"https:\/\/laurbedigital.com.ar\/noticias\/wp-json\/wp\/v2\/types\/post"}],"author":[{"embeddable":true,"href":"https:\/\/laurbedigital.com.ar\/noticias\/wp-json\/wp\/v2\/users\/1"}],"replies":[{"embeddable":true,"href":"https:\/\/laurbedigital.com.ar\/noticias\/wp-json\/wp\/v2\/comments?post=122261"}],"version-history":[{"count":1,"href":"https:\/\/laurbedigital.com.ar\/noticias\/wp-json\/wp\/v2\/posts\/122261\/revisions"}],"predecessor-version":[{"id":122262,"href":"https:\/\/laurbedigital.com.ar\/noticias\/wp-json\/wp\/v2\/posts\/122261\/revisions\/122262"}],"wp:featuredmedia":[{"embeddable":true,"href":"https:\/\/laurbedigital.com.ar\/noticias\/wp-json\/wp\/v2\/media\/122258"}],"wp:attachment":[{"href":"https:\/\/laurbedigital.com.ar\/noticias\/wp-json\/wp\/v2\/media?parent=122261"}],"wp:term":[{"taxonomy":"category","embeddable":true,"href":"https:\/\/laurbedigital.com.ar\/noticias\/wp-json\/wp\/v2\/categories?post=122261"},{"taxonomy":"post_tag","embeddable":true,"href":"https:\/\/laurbedigital.com.ar\/noticias\/wp-json\/wp\/v2\/tags?post=122261"}],"curies":[{"name":"wp","href":"https:\/\/api.w.org\/{rel}","templated":true}]}}