{"id":122230,"date":"2025-12-08T21:30:10","date_gmt":"2025-12-09T00:30:10","guid":{"rendered":"https:\/\/laurbedigital.com.ar\/noticias\/?p=122230"},"modified":"2025-12-08T21:31:08","modified_gmt":"2025-12-09T00:31:08","slug":"preocupante-realidad-laboral-el-72-de-los-trabajadores-argentinos-cobra-menos-de-1-millon","status":"publish","type":"post","link":"https:\/\/laurbedigital.com.ar\/noticias\/2025\/12\/08\/preocupante-realidad-laboral-el-72-de-los-trabajadores-argentinos-cobra-menos-de-1-millon\/","title":{"rendered":"Preocupante realidad laboral: el 72% de los trabajadores argentinos cobra menos de $1 mill\u00f3n"},"content":{"rendered":"<p data-path-to-node=\"5\">La creciente <b>pobreza laboral<\/b> en Argentina se ha convertido en una preocupaci\u00f3n econ\u00f3mica y social de primer orden. De acuerdo con un reciente y alarmante informe publicado por el prestigioso Instituto de Investigaciones Gino Germani (IIGG) de la Universidad de Buenos Aires (UBA), la mayor\u00eda de los trabajadores argentinos se encuentra en una situaci\u00f3n cr\u00edtica: el <b>72%<\/b> de los empleados, incluyendo tanto a los formales como a los informales, percibe un ingreso mensual inferior a <b>$1.000.000<\/b>, un monto que ya se ubica por debajo de la Canasta B\u00e1sica Total (CBT) oficial. Este panorama, agravado por una inflaci\u00f3n persistente y la quita de subsidios a servicios p\u00fablicos, subraya la profunda crisis de poder adquisitivo que afecta a la poblaci\u00f3n activa del pa\u00eds.<\/p>\n<h4 data-path-to-node=\"6\">El umbral de la Canasta B\u00e1sica: m\u00e1s de la mitad de los formales no llega<\/h4>\n<p data-path-to-node=\"7\">El estudio, desarrollado por los investigadores Eduardo Ch\u00e1vez Molina, Mariana Sosa y Jos\u00e9 Rodr\u00edguez de la Fuente, toma como referencia la Canasta B\u00e1sica Total (CBT) para un hogar tipo en octubre de 2025, que fue fijada en <b>$1.213.799<\/b>. Este valor es el indicador que marca la l\u00ednea de la pobreza.<\/p>\n<p data-path-to-node=\"8\">Lo m\u00e1s revelador del informe es la situaci\u00f3n dentro de los trabajadores <b>asalariados formales<\/b>, el segmento tradicionalmente considerado m\u00e1s estable. Los datos indican que incluso en este grupo, el <b>58%<\/b> no logra superar la l\u00ednea de la CBT. Esto significa que m\u00e1s de la mitad de los trabajadores \u00aben blanco\u00bb, con relaci\u00f3n de dependencia registrada, no perciben un salario suficiente para cubrir las necesidades b\u00e1sicas de su n\u00facleo familiar.<\/p>\n<p data-path-to-node=\"9\">Cuando la lupa se posa sobre el segmento de <b>trabajadores informales<\/b> y los <b>aut\u00f3nomos de baja calificaci\u00f3n<\/b>, el panorama se torna a\u00fan m\u00e1s sombr\u00edo, con el 89% y el 88%, respectivamente, de estos grupos percibiendo ingresos inferiores a ese umbral de $1.000.000. La precarizaci\u00f3n es, por lo tanto, una caracter\u00edstica casi universal del mercado laboral argentino.<\/p>\n<h4 data-path-to-node=\"10\">Jornada completa y pobreza: la paradoja argentina<\/h4>\n<p data-path-to-node=\"11\">Los hallazgos del IIGG desaf\u00edan la noci\u00f3n tradicional de que un empleo a tiempo completo garantiza salir de la pobreza. El informe destaca que <b>uno de cada cinco trabajadores<\/b> que cumplen una jornada completa de 40 horas semanales ya se encuentran, de hecho, en situaci\u00f3n de pobreza.<\/p>\n<p data-path-to-node=\"12\">Esta <b>situaci\u00f3n extrema y transversal<\/b> pone de manifiesto que el problema trasciende la distinci\u00f3n entre formalidad e informalidad, asent\u00e1ndose en la insuficiencia estructural de los salarios. A la baja capacidad de compra de los ingresos se suman dos factores de presi\u00f3n econ\u00f3mica que contribuyen a la <b>pobreza laboral<\/b>: el peso de los alquileres y el creciente endeudamiento de los hogares.<\/p>\n<h4 data-path-to-node=\"13\">La reaparici\u00f3n de los \u201cmileuristas\u201d en versi\u00f3n local<\/h4>\n<p data-path-to-node=\"14\">Los investigadores traen a colaci\u00f3n el concepto de <b>\u201cmileurista\u201d<\/b>, acu\u00f1ado en Espa\u00f1a para describir a personas con formaci\u00f3n que perciben apenas unos 1.000 euros mensuales, un sueldo insuficiente que refleja una profunda precariedad.<\/p>\n<p data-path-to-node=\"15\">La situaci\u00f3n de los <b>trabajadores pobres<\/b> argentinos es un eco local de este fen\u00f3meno global, caracterizado por personas que, pese a tener un empleo pleno, no logran escapar de la precariedad econ\u00f3mica. Esta situaci\u00f3n se ha visto intensificada por pol\u00edticas recientes que han impactado directamente en el bolsillo de los trabajadores:<\/p>\n<ul data-path-to-node=\"16\">\n<li>\n<p data-path-to-node=\"16,0,0\"><b>Quita de subsidios a servicios:<\/b> El informe detalla c\u00f3mo el gasto en servicios esenciales (gas, luz, agua) se ha triplicado en proporci\u00f3n al salario mediano. Si a finales de 2023 representaba el <b>4%<\/b> de un salario mediano, en 2025 escal\u00f3 al <b>11%<\/b>.<\/p>\n<\/li>\n<li>\n<p data-path-to-node=\"16,1,0\"><b>Aumento de la \u00abpobreza residencial\u00bb:<\/b> Este incremento desmedido en el costo de los servicios, sumado al elevad\u00edsimo costo de los alquileres, condena a amplios sectores a la llamada \u00abpobreza residencial\u00bb, donde una porci\u00f3n inaceptablemente alta del ingreso se destina a vivienda y servicios b\u00e1sicos.<\/p>\n<\/li>\n<\/ul>\n<p data-path-to-node=\"17\">En el sector informal, la pobreza se agudiza, superando la proporci\u00f3n del <b>41%<\/b> entre quienes trabajan por cuenta propia o de manera no registrada.<\/p>\n<h4 data-path-to-node=\"18\">Pluriempleo y endeudamiento, v\u00e1lvulas de escape sin futuro<\/h4>\n<p data-path-to-node=\"19\">Frente a la insuficiencia del salario principal, el estudio del IIGG tambi\u00e9n detect\u00f3 un significativo aumento en el fen\u00f3meno del <b>pluriempleo<\/b>, que ya ronda el <b>12%<\/b> de la poblaci\u00f3n activa. Los trabajadores se ven obligados a sumar una o incluso m\u00e1s tareas adicionales para intentar alcanzar la Canasta B\u00e1sica.<\/p>\n<p data-path-to-node=\"20\">A pesar de estos esfuerzos, el panorama se complejiza por la combinaci\u00f3n de una falta de acceso al cr\u00e9dito formal, el gran crecimiento del <b>endeudamiento<\/b> de las familias (muchas veces a tasas usurarias) y la casi nula capacidad de <b>ahorro<\/b>.<\/p>\n<p data-path-to-node=\"21\">Los n\u00fameros del informe configuran una imagen de fragilidad sist\u00e9mica: el <b>67% de la Poblaci\u00f3n Econ\u00f3micamente Activa<\/b> (alrededor de 9,7 millones de personas) enfrenta dificultades asociadas al desempleo, la subocupaci\u00f3n o la inserci\u00f3n en trabajos inestables. La <b>pobreza laboral<\/b> se consolida, por lo tanto, como uno de los desaf\u00edos m\u00e1s urgentes para la pol\u00edtica econ\u00f3mica y social de Argentina.<\/p>\n","protected":false},"excerpt":{"rendered":"<p>La creciente pobreza laboral en Argentina se ha convertido en una preocupaci\u00f3n econ\u00f3mica y social de primer orden. De acuerdo<\/p>\n","protected":false},"author":1,"featured_media":122232,"comment_status":"closed","ping_status":"closed","sticky":false,"template":"","format":"standard","meta":{"kia_subtitle":"Un informe del Instituto Gino Germani de la UBA revela que el 72% de los empleados argentinos, formales e informales, perciben salarios por debajo de la Canasta B\u00e1sica Total, exponiendo la creciente pobreza laboral en el pa\u00eds.","footnotes":"","jetpack_publicize_message":"","jetpack_publicize_feature_enabled":true,"jetpack_social_post_already_shared":true,"jetpack_social_options":{"image_generator_settings":{"template":"highway","default_image_id":0,"font":"","enabled":false},"version":2}},"categories":[3,41],"tags":[],"class_list":["post-122230","post","type-post","status-publish","format-standard","has-post-thumbnail","hentry","category-actualidad","category-nacionales"],"jetpack_publicize_connections":[],"jetpack_featured_media_url":"https:\/\/laurbedigital.com.ar\/noticias\/wp-content\/uploads\/2025\/12\/20251209-Trabajadores.jpg","_links":{"self":[{"href":"https:\/\/laurbedigital.com.ar\/noticias\/wp-json\/wp\/v2\/posts\/122230","targetHints":{"allow":["GET"]}}],"collection":[{"href":"https:\/\/laurbedigital.com.ar\/noticias\/wp-json\/wp\/v2\/posts"}],"about":[{"href":"https:\/\/laurbedigital.com.ar\/noticias\/wp-json\/wp\/v2\/types\/post"}],"author":[{"embeddable":true,"href":"https:\/\/laurbedigital.com.ar\/noticias\/wp-json\/wp\/v2\/users\/1"}],"replies":[{"embeddable":true,"href":"https:\/\/laurbedigital.com.ar\/noticias\/wp-json\/wp\/v2\/comments?post=122230"}],"version-history":[{"count":1,"href":"https:\/\/laurbedigital.com.ar\/noticias\/wp-json\/wp\/v2\/posts\/122230\/revisions"}],"predecessor-version":[{"id":122233,"href":"https:\/\/laurbedigital.com.ar\/noticias\/wp-json\/wp\/v2\/posts\/122230\/revisions\/122233"}],"wp:featuredmedia":[{"embeddable":true,"href":"https:\/\/laurbedigital.com.ar\/noticias\/wp-json\/wp\/v2\/media\/122232"}],"wp:attachment":[{"href":"https:\/\/laurbedigital.com.ar\/noticias\/wp-json\/wp\/v2\/media?parent=122230"}],"wp:term":[{"taxonomy":"category","embeddable":true,"href":"https:\/\/laurbedigital.com.ar\/noticias\/wp-json\/wp\/v2\/categories?post=122230"},{"taxonomy":"post_tag","embeddable":true,"href":"https:\/\/laurbedigital.com.ar\/noticias\/wp-json\/wp\/v2\/tags?post=122230"}],"curies":[{"name":"wp","href":"https:\/\/api.w.org\/{rel}","templated":true}]}}