{"id":12191,"date":"2018-03-17T19:17:56","date_gmt":"2018-03-17T22:17:56","guid":{"rendered":"http:\/\/laurbedigital.com.ar\/noticias\/?p=12191"},"modified":"2018-03-17T19:19:22","modified_gmt":"2018-03-17T22:19:22","slug":"la-agrupacion-lirica-orfeo-se-presentara-la-fundacion-soldi","status":"publish","type":"post","link":"https:\/\/laurbedigital.com.ar\/noticias\/2018\/03\/17\/la-agrupacion-lirica-orfeo-se-presentara-la-fundacion-soldi\/","title":{"rendered":"La agrupaci\u00f3n l\u00edrica Orfeo se presentar\u00e1 en la Fundaci\u00f3n Soldi"},"content":{"rendered":"<p>El espect\u00e1culo ser\u00e1 el pr\u00f3ximo 18 de Marzo a las 19 hs en nuestra sede de Glew.<\/p>\n<p>La agrupaci\u00f3n est\u00e1 compuesta por cantantes que cultivan el g\u00e9nero l\u00edrico en variados repertorios, \u00f3pera, opereta, zarzuela, canciones de c\u00e1mara, mel\u00f3dico, internacional y tango.<\/p>\n<p>La agrupaci\u00f3n que tiene como directora a la soprano Nancy Edery, y una dilatada trayectoria con actuaciones en importantes escenarios de la Ciudad de Buenos Aires y la Provincia.<\/p>\n<p>Sitios como- Municipalidad de la ciudad de Buenos Aires:<\/p>\n<p>-Centro Cultural \u00abParque Chacabuco\u00bb.<\/p>\n<p>&#8211; Facultad de Derecho y Ciencias Sociales de Buenos Aires . \u00abAula Magna\u00bb.- Centro Cultural \u00abRicardo Rojas\u00bb.<br \/>\n-Teatro Roma de Avellaneda-<br \/>\n-Secretaria de Cultura \u00abTeatro LYF\u00bb, ENTRE OTROS.<\/p>\n","protected":false},"excerpt":{"rendered":"<p>El espect\u00e1culo ser\u00e1 el pr\u00f3ximo 18 de Marzo a las 19 hs en nuestra sede de Glew. La agrupaci\u00f3n est\u00e1<\/p>\n","protected":false},"author":1,"featured_media":12192,"comment_status":"closed","ping_status":"closed","sticky":false,"template":"","format":"standard","meta":{"kia_subtitle":"","footnotes":"","jetpack_publicize_message":"","jetpack_publicize_feature_enabled":true,"jetpack_social_post_already_shared":true,"jetpack_social_options":{"image_generator_settings":{"template":"highway","default_image_id":0,"font":"","enabled":false},"version":2}},"categories":[5,29],"tags":[],"class_list":["post-12191","post","type-post","status-publish","format-standard","has-post-thumbnail","hentry","category-cultura","category-musica"],"jetpack_publicize_connections":[],"jetpack_featured_media_url":"https:\/\/laurbedigital.com.ar\/noticias\/wp-content\/uploads\/2018\/03\/20180317-brown1.jpg","_links":{"self":[{"href":"https:\/\/laurbedigital.com.ar\/noticias\/wp-json\/wp\/v2\/posts\/12191","targetHints":{"allow":["GET"]}}],"collection":[{"href":"https:\/\/laurbedigital.com.ar\/noticias\/wp-json\/wp\/v2\/posts"}],"about":[{"href":"https:\/\/laurbedigital.com.ar\/noticias\/wp-json\/wp\/v2\/types\/post"}],"author":[{"embeddable":true,"href":"https:\/\/laurbedigital.com.ar\/noticias\/wp-json\/wp\/v2\/users\/1"}],"replies":[{"embeddable":true,"href":"https:\/\/laurbedigital.com.ar\/noticias\/wp-json\/wp\/v2\/comments?post=12191"}],"version-history":[{"count":3,"href":"https:\/\/laurbedigital.com.ar\/noticias\/wp-json\/wp\/v2\/posts\/12191\/revisions"}],"predecessor-version":[{"id":12195,"href":"https:\/\/laurbedigital.com.ar\/noticias\/wp-json\/wp\/v2\/posts\/12191\/revisions\/12195"}],"wp:featuredmedia":[{"embeddable":true,"href":"https:\/\/laurbedigital.com.ar\/noticias\/wp-json\/wp\/v2\/media\/12192"}],"wp:attachment":[{"href":"https:\/\/laurbedigital.com.ar\/noticias\/wp-json\/wp\/v2\/media?parent=12191"}],"wp:term":[{"taxonomy":"category","embeddable":true,"href":"https:\/\/laurbedigital.com.ar\/noticias\/wp-json\/wp\/v2\/categories?post=12191"},{"taxonomy":"post_tag","embeddable":true,"href":"https:\/\/laurbedigital.com.ar\/noticias\/wp-json\/wp\/v2\/tags?post=12191"}],"curies":[{"name":"wp","href":"https:\/\/api.w.org\/{rel}","templated":true}]}}